{"id":5064,"date":"2018-08-22T13:41:14","date_gmt":"2018-08-22T11:41:14","guid":{"rendered":"http:\/\/ranking-kosmetykow.pl\/?p=5064"},"modified":"2018-08-22T13:41:14","modified_gmt":"2018-08-22T11:41:14","slug":"naturalne-sposoby-na-rozjasnienie-wlosow","status":"publish","type":"post","link":"https:\/\/neness.pl\/blog\/naturalne-sposoby-na-rozjasnienie-wlosow\/","title":{"rendered":"Naturalne sposoby na rozja\u015bnienie w\u0142os\u00f3w"},"content":{"rendered":"<p>Ka\u017cd\u0105 z nas od czasu do czasu kusi zmiana koloru w\u0142os\u00f3w. Niestety chemiczne metody koloryzacji niszcz\u0105 w\u0142osy, sprawiaj\u0105, \u017ce staj\u0105 si\u0119 <strong>suche, \u0142amliwe<\/strong> i <strong>pozbawione blasku<\/strong>. Szczeg\u00f3lnie szkodliwy wp\u0142yw na ich struktur\u0119 maj\u0105 zabiegi rozja\u015bniaj\u0105ce, kt\u00f3rych zadaniem jest usun\u0105\u0107 z w\u0142osa barwniki. Na szcz\u0119\u015bcie jest alternatywa dla chemicznych \u015brodk\u00f3w, kt\u00f3ra daje naprawd\u0119 \u015bwietne efekty. Chodzi oczywi\u015bcie o rozja\u015bnianie w\u0142os\u00f3w domowymi sposobami.<!--more--><\/p>\n<h3>Dla kogo naturalne rozja\u015bniacze?<\/h3>\n<p>Na wst\u0119pie trzeba powiedzie\u0107, \u017ce domowe metody nie s\u0105 dla wszystkich. Je\u015bli mamy naturalnie bardzo ciemne w\u0142osy, nie mo\u017cemy si\u0119 spodziewa\u0107, \u017ce w domowym zaciszu uda nam si\u0119 zmieni\u0107 je w blond czupryn\u0119. Jednak <strong>ciemne blondynki<\/strong> i <strong>jasne szatynki<\/strong> jak najbardziej mog\u0105 korzysta\u0107 z dobrodziejstw natury i zafundowa\u0107 sobie jasne pasma za pomoc\u0105 podstawowych produkt\u00f3w, kt\u00f3re znale\u017a\u0107 mo\u017cna niemal w ka\u017cdym domu. Efekty nie b\u0119d\u0105 tak spektakularne jak w przypadku chemicznej koloryzacji, ale z powodzeniem mo\u017cemy rozja\u015bni\u0107 w\u0142osy o kilka ton\u00f3w. Jakie to produkty?<\/p>\n<h3>Rumianek<\/h3>\n<p>Stosowanie p\u0142ukanki z rumianku to chyba najpopularniejsza metoda naturalnego rozja\u015bniania. Nic dziwnego \u2013 to bardzo prosty i szybki spos\u00f3b, by w\u0142osy sta\u0142y si\u0119 o kilka ton\u00f3w ja\u015bniejsze. Wystarczy kilka saszetek rumianku (<strong>2-4<\/strong>, zale\u017cy od d\u0142ugo\u015bci w\u0142os\u00f3w) zala\u0107 gor\u0105c\u0105 wod\u0105 i pozostawi\u0107 do ostygni\u0119cia. Nast\u0119pnie tak przygotowan\u0105 mieszank\u0105 nale\u017cy wyp\u0142uka\u0107 w\u0142osy po myciu. Przy regularnym stosowaniu mo\u017cemy spodziewa\u0107 si\u0119 naprawd\u0119 dobrych efekt\u00f3w, zw\u0142aszcza je\u015bli dodatkowo wystawimy te\u017c w\u0142osy na dzia\u0142anie s\u0142o\u0144ca. Jednak ten spos\u00f3b najlepszy rezultat daje w przypadku w\u0142os\u00f3w ze sk\u0142onno\u015bci\u0105 do przet\u0142uszczania si\u0119 \u2013 rumianek ma bowiem <strong>w\u0142a\u015bciwo\u015bci wysuszaj\u0105ce<\/strong>. Posiadaczki w\u0142os\u00f3w suchych powinny zdecydowa\u0107 si\u0119 na inny spos\u00f3b rozja\u015bniania.<\/p>\n<div id=\"attachment_5066\" style=\"width: 1034px\" class=\"wp-caption aligncenter\"><img loading=\"lazy\" decoding=\"async\" aria-describedby=\"caption-attachment-5066\" class=\"size-large wp-image-5066\" src=\"http:\/\/ranking-kosmetykow.pl\/wp-content\/uploads\/2018\/08\/Fotolia_209327837_Subscription_XXL-1024x682.jpg\" alt=\"\" width=\"1024\" height=\"682\" srcset=\"https:\/\/neness.pl\/blog\/wp-content\/uploads\/2018\/08\/Fotolia_209327837_Subscription_XXL-1024x682.jpg 1024w, https:\/\/neness.pl\/blog\/wp-content\/uploads\/2018\/08\/Fotolia_209327837_Subscription_XXL-300x200.jpg 300w, https:\/\/neness.pl\/blog\/wp-content\/uploads\/2018\/08\/Fotolia_209327837_Subscription_XXL-768x512.jpg 768w, https:\/\/neness.pl\/blog\/wp-content\/uploads\/2018\/08\/Fotolia_209327837_Subscription_XXL-1536x1024.jpg 1536w, https:\/\/neness.pl\/blog\/wp-content\/uploads\/2018\/08\/Fotolia_209327837_Subscription_XXL-1080x720.jpg 1080w, https:\/\/neness.pl\/blog\/wp-content\/uploads\/2018\/08\/Fotolia_209327837_Subscription_XXL-610x407.jpg 610w, https:\/\/neness.pl\/blog\/wp-content\/uploads\/2018\/08\/Fotolia_209327837_Subscription_XXL.jpg 2000w\" sizes=\"auto, (max-width: 1024px) 100vw, 1024px\" \/><p id=\"caption-attachment-5066\" class=\"wp-caption-text\">Fotolia #209327837 | Autor: Chaded<\/p><\/div>\n<h3>Woda utleniona<\/h3>\n<p>Du\u017co m\u00f3wi si\u0119 te\u017c o rozja\u015bnianiu wod\u0105 utlenion\u0105. Jednak jest to metoda, kt\u00f3ra mo\u017ce da\u0107 efekty uboczne podobne jak przy chemicznym rozja\u015bnianiu lub nawet gorsze. Ten \u015brodek bardzo <strong>niszczy w\u0142osy<\/strong>, a dodatkowo mo\u017ce powodowa\u0107 ich <strong>wypadanie<\/strong>. Nie ma te\u017c pewno\u015bci, czy uzyskany za jej pomoc\u0105 kolor b\u0119dzie taki, jak sobie wymarzy\u0142y\u015bmy. Istnieje ryzyko, \u017ce zamiast z\u0142ocistego blondu uzyskamy <strong>sztuczny, \u017c\u00f3\u0142ty odcie\u0144<\/strong>.<\/p>\n<h3>Mi\u00f3d i cytryna<\/h3>\n<p>Ciekawe efekty mo\u017ce da\u0107 za to maseczka z miodu i cytryny. Wystarczy do kilku \u0142y\u017ceczek miodu doda\u0107 sok wyci\u015bni\u0119ty z cytryny i na\u0142o\u017cy\u0107 otrzyman\u0105 mieszank\u0119 na w\u0142osy. Jednak ta metoda jest du\u017co bardziej <strong>czasoch\u0142onna<\/strong>. Aby uzyska\u0107 zadowalaj\u0105ce efekty, najlepiej jest na\u0142o\u017cy\u0107 maseczk\u0119 na kilka godzin. Jest to jednak zdecydowanie lepszy spos\u00f3b rozja\u015bniania dla os\u00f3b maj\u0105cych suche w\u0142osy. Mi\u00f3d ma w\u0142a\u015bciwo\u015bci <strong>od\u017cywcze<\/strong> i <strong>nawil\u017caj\u0105ce<\/strong>, wi\u0119c na pewno ich nie przesuszy. Wr\u0119cz przeciwnie \u2013 sprawi, \u017ce stan\u0105 si\u0119 mi\u0119kkie i l\u015bni\u0105ce.<\/p>\n<h3>Piwo<\/h3>\n<p>Efekt rozja\u015bnienia daje tak\u017ce jasne piwo. Wystarczy wetrze\u0107 je we w\u0142osy i pozostawi\u0107 na nich na <strong>15-20 minut<\/strong>. Je\u015bli jednak nie przemawia do nas taki spos\u00f3b aplikacji, mo\u017cemy te\u017c zmiesza\u0107 piwo z ciep\u0142\u0105 wod\u0105 i zastosowa\u0107 jako<strong> p\u0142ukank\u0119<\/strong>.<\/p>\n","protected":false},"excerpt":{"rendered":"<p>Ka\u017cd\u0105 z nas od czasu do czasu kusi zmiana koloru w\u0142os\u00f3w. Niestety chemiczne metody koloryzacji niszcz\u0105 w\u0142osy, sprawiaj\u0105, \u017ce staj\u0105 si\u0119 suche, \u0142amliwe i pozbawione blasku. Szczeg\u00f3lnie szkodliwy wp\u0142yw na ich struktur\u0119 maj\u0105 zabiegi rozja\u015bniaj\u0105ce, kt\u00f3rych zadaniem jest usun\u0105\u0107 z w\u0142osa barwniki. Na szcz\u0119\u015bcie jest alternatywa dla chemicznych \u015brodk\u00f3w, kt\u00f3ra daje naprawd\u0119 \u015bwietne efekty. Chodzi [&hellip;]<\/p>\n","protected":false},"author":2,"featured_media":5065,"comment_status":"open","ping_status":"open","sticky":false,"template":"","format":"standard","meta":{"_et_pb_use_builder":"","_et_pb_old_content":"","_et_gb_content_width":"","footnotes":""},"categories":[48],"tags":[],"class_list":["post-5064","post","type-post","status-publish","format-standard","has-post-thumbnail","hentry","category-wlosy-idealne","et-has-post-format-content","et_post_format-et-post-format-standard"],"_links":{"self":[{"href":"https:\/\/neness.pl\/blog\/wp-json\/wp\/v2\/posts\/5064","targetHints":{"allow":["GET"]}}],"collection":[{"href":"https:\/\/neness.pl\/blog\/wp-json\/wp\/v2\/posts"}],"about":[{"href":"https:\/\/neness.pl\/blog\/wp-json\/wp\/v2\/types\/post"}],"author":[{"embeddable":true,"href":"https:\/\/neness.pl\/blog\/wp-json\/wp\/v2\/users\/2"}],"replies":[{"embeddable":true,"href":"https:\/\/neness.pl\/blog\/wp-json\/wp\/v2\/comments?post=5064"}],"version-history":[{"count":0,"href":"https:\/\/neness.pl\/blog\/wp-json\/wp\/v2\/posts\/5064\/revisions"}],"wp:featuredmedia":[{"embeddable":true,"href":"https:\/\/neness.pl\/blog\/wp-json\/wp\/v2\/media\/5065"}],"wp:attachment":[{"href":"https:\/\/neness.pl\/blog\/wp-json\/wp\/v2\/media?parent=5064"}],"wp:term":[{"taxonomy":"category","embeddable":true,"href":"https:\/\/neness.pl\/blog\/wp-json\/wp\/v2\/categories?post=5064"},{"taxonomy":"post_tag","embeddable":true,"href":"https:\/\/neness.pl\/blog\/wp-json\/wp\/v2\/tags?post=5064"}],"curies":[{"name":"wp","href":"https:\/\/api.w.org\/{rel}","templated":true}]}}