{"id":5058,"date":"2018-08-21T12:44:23","date_gmt":"2018-08-21T10:44:23","guid":{"rendered":"http:\/\/ranking-kosmetykow.pl\/?p=5058"},"modified":"2018-08-21T12:44:23","modified_gmt":"2018-08-21T10:44:23","slug":"cera-naczynkowa-makijaz","status":"publish","type":"post","link":"https:\/\/neness.pl\/blog\/cera-naczynkowa-makijaz\/","title":{"rendered":"Cera naczynkowa &#8211; makija\u017c"},"content":{"rendered":"<p>Cera naczynkowa potrafi by\u0107 naprawd\u0119 wymagaj\u0105ca. Bardzo \u0142atwo j\u0105 podra\u017cni\u0107, a ka\u017cde<strong> zmiany temperatur<\/strong> czy <strong>silne emocje<\/strong> sprawiaj\u0105, \u017ce charakterystyczne dla niej paj\u0105czki robi\u0105 si\u0119 bardziej widoczne. Oczywi\u015bcie kluczem do okie\u0142znania k\u0142opotliwej cery jest odpowiednia piel\u0119gnacja, jednak cz\u0119sto zale\u017cy nam na tym, by w danym momencie prezentowa\u0107 si\u0119 nienagannie. Wtedy w gr\u0119 wchodzi <strong>odpowiedni makija\u017c<\/strong>, kt\u00f3ry pozwoli ukry\u0107 niedoskona\u0142o\u015bci. Oto kilka porad, jak ukry\u0107 zaczerwienienia i zachwyca\u0107 idealnym wygl\u0105dem.<!--more--><\/p>\n<h3>Przed na\u0142o\u017ceniem makija\u017cu<\/h3>\n<p>Przed wykonaniem makija\u017cu warto wykona\u0107 dwa kroki, kt\u00f3re u\u0142atwi\u0105 nak\u0142adanie kosmetyk\u00f3w i sprawi\u0105, \u017ce efekt b\u0119dzie trwalszy. Na pocz\u0105tku nale\u017cy starannie <strong>oczy\u015bci\u0107 cer\u0119<\/strong>, najlepiej za pomoc\u0105 p\u0142ynu micelarnego \u2013 takie produkty nie pozostawiaj\u0105 t\u0142ustej warstwy, przez kt\u00f3r\u0105 makija\u017c szybko sp\u0142ywa z twarzy. Nast\u0119pnym krokiem powinno by\u0107 <strong>na\u0142o\u017cenie na sk\u00f3r\u0119 kremu<\/strong> \u2013 idealny b\u0119dzie kosmetyk o lekkiej konsystencji z filtrem, przeznaczony do piel\u0119gnacji sk\u00f3ry naczynkowej. Potem \u015bmia\u0142o mo\u017cemy przyst\u0105pi\u0107 do robienia make upu.<\/p>\n<div id=\"attachment_5060\" style=\"width: 360px\" class=\"wp-caption aligncenter\"><a href=\"https:\/\/neness.pl\/kosmetyki\/pielegnacja_twarzy\/kremy\/dermacol_aqua_beauty_moisturizing_nawilzajacy_gel-cream.html\"><img loading=\"lazy\" decoding=\"async\" aria-describedby=\"caption-attachment-5060\" class=\"wp-image-5060\" src=\"http:\/\/ranking-kosmetykow.pl\/wp-content\/uploads\/2018\/08\/ac0b3a00648408144bd1439d9c10c001.jpg\" alt=\"\" width=\"350\" height=\"467\" srcset=\"https:\/\/neness.pl\/blog\/wp-content\/uploads\/2018\/08\/ac0b3a00648408144bd1439d9c10c001.jpg 750w, https:\/\/neness.pl\/blog\/wp-content\/uploads\/2018\/08\/ac0b3a00648408144bd1439d9c10c001-225x300.jpg 225w, https:\/\/neness.pl\/blog\/wp-content\/uploads\/2018\/08\/ac0b3a00648408144bd1439d9c10c001-610x813.jpg 610w\" sizes=\"auto, (max-width: 350px) 100vw, 350px\" \/><\/a><p id=\"caption-attachment-5060\" class=\"wp-caption-text\">Dermacol Aqua Beauty Moisturizing Nawil\u017caj\u0105cy Gel-Cream \/ 31,50 z\u0142<\/p><\/div>\n<h3>Lepsze krycie<\/h3>\n<p>Ukrycie k\u0142opotliwych zaczerwienie\u0144 jest na tyle trudne, \u017ce sam podk\u0142ad mo\u017ce niekiedy nie podo\u0142a\u0107 temu zadaniu. Dlatego warto mie\u0107 w kosmetyczce inne produkty, kt\u00f3re go wspomog\u0105. Jednym z nich mo\u017ce by\u0107 <strong>baza pod makija\u017c<\/strong>, kt\u00f3ra sprawi, \u017ce \u0142atwiej b\u0119dzie nam rozprowadzi\u0107 fluid, a tym samym ukry\u0107 paj\u0105czki. Kolejnym kosmetykiem, kt\u00f3rego powinny\u015bmy u\u017cy\u0107, jest <strong>korektor<\/strong>. Mo\u017cemy stosowa\u0107 go punktowo na te partie twarzy, kt\u00f3re wymagaj\u0105 wi\u0119kszego krycia. Najlepiej nada si\u0119 produkt z <strong>zielonym pigmentem<\/strong>, gdy\u017c ten \u015bwietnie sprawdza si\u0119 przy maskowaniu zaczerwienie\u0144.<\/p>\n<div id=\"attachment_5061\" style=\"width: 360px\" class=\"wp-caption aligncenter\"><a href=\"https:\/\/neness.pl\/kosmetyki\/twarz\/bazy_pod_makijaz\/dermacol_baza_satin_make_up_base_15ml.html\"><img loading=\"lazy\" decoding=\"async\" aria-describedby=\"caption-attachment-5061\" class=\"wp-image-5061\" src=\"http:\/\/ranking-kosmetykow.pl\/wp-content\/uploads\/2018\/08\/090b356ab66653397b48511dd08c2ea6.jpg\" alt=\"\" width=\"350\" height=\"467\" srcset=\"https:\/\/neness.pl\/blog\/wp-content\/uploads\/2018\/08\/090b356ab66653397b48511dd08c2ea6.jpg 750w, https:\/\/neness.pl\/blog\/wp-content\/uploads\/2018\/08\/090b356ab66653397b48511dd08c2ea6-225x300.jpg 225w, https:\/\/neness.pl\/blog\/wp-content\/uploads\/2018\/08\/090b356ab66653397b48511dd08c2ea6-610x813.jpg 610w\" sizes=\"auto, (max-width: 350px) 100vw, 350px\" \/><\/a><p id=\"caption-attachment-5061\" class=\"wp-caption-text\">Dermacol Baza Satin Make Up Base 15ml \/ 29,90 z\u0142<\/p><\/div>\n<h3>Jak wybra\u0107 odpowiedni podk\u0142ad?<\/h3>\n<p>Jest jedna zasada, kt\u00f3r\u0105 przede wszystkim powinny\u015bmy si\u0119 kierowa\u0107 przy wyborze podk\u0142adu do cery naczynkowej \u2013 dobry fluid to <strong>mocno kryj\u0105cy fluid<\/strong>. Nale\u017cy jednak zwr\u00f3ci\u0107 uwag\u0119, by jego kolor jak najbardziej odpowiada\u0142 odcieniowi naszej sk\u00f3ry i by produkt nie sprawia\u0142 na twarzy wra\u017cenia maski. Najlepiej, by po na\u0142o\u017ceniu \u0142adnie stapia\u0142 si\u0119 ze sk\u00f3r\u0105. Warto zwr\u00f3ci\u0107 uwag\u0119, by wybrany kosmetyk r\u00f3wnie\u017c mia\u0142 zielony pigment. Nada si\u0119 jednak r\u00f3wnie\u017c podk\u0142ad z <strong>\u017c\u00f3\u0142tym pigmentem<\/strong>, kt\u00f3ry u\u017cywany jest do maskowania zaczerwienie\u0144 na du\u017cych obszarach sk\u00f3ry. Je\u015bli mamy twarz wyj\u0105tkowo wra\u017cliw\u0105 i sk\u0142onn\u0105 do podra\u017cnie\u0144, mo\u017cemy zdecydowa\u0107 si\u0119 na <strong>podk\u0142ad mineralny<\/strong>, kt\u00f3ry r\u00f3wnie\u017c dobrze kryje, a jest bezpieczny dla sk\u00f3ry i ma w\u0142a\u015bciwo\u015bci piel\u0119gnacyjne.<\/p>\n<div id=\"attachment_5062\" style=\"width: 360px\" class=\"wp-caption aligncenter\"><a href=\"https:\/\/neness.pl\/kosmetyki\/twarz\/korektory\/dermacol_corrector_palette_paleta_korektorow_4_kolory.html\"><img loading=\"lazy\" decoding=\"async\" aria-describedby=\"caption-attachment-5062\" class=\"wp-image-5062\" src=\"http:\/\/ranking-kosmetykow.pl\/wp-content\/uploads\/2018\/08\/d5b92bd1e09417f623eb358d2c7859cc.png\" alt=\"\" width=\"350\" height=\"467\" srcset=\"https:\/\/neness.pl\/blog\/wp-content\/uploads\/2018\/08\/d5b92bd1e09417f623eb358d2c7859cc.png 750w, https:\/\/neness.pl\/blog\/wp-content\/uploads\/2018\/08\/d5b92bd1e09417f623eb358d2c7859cc-225x300.png 225w, https:\/\/neness.pl\/blog\/wp-content\/uploads\/2018\/08\/d5b92bd1e09417f623eb358d2c7859cc-610x813.png 610w\" sizes=\"auto, (max-width: 350px) 100vw, 350px\" \/><\/a><p id=\"caption-attachment-5062\" class=\"wp-caption-text\">Dermacol Corrector Palette Paleta Korektor\u00f3w 4 kolory \/ 22,90 z\u0142<\/p><\/div>\n<h3>Kolory w makija\u017cu<\/h3>\n<p>Niewiele os\u00f3b zdaje sobie spraw\u0119, \u017ce nie tylko kosmetyki maskuj\u0105ce sk\u0142adaj\u0105 si\u0119 na odpowiedni makija\u017c dla cery naczynkowej. Warto te\u017c wybra\u0107 <strong>w\u0142a\u015bciwe kosmetyki kolorowe<\/strong>. Posiadaczki tego typu sk\u00f3ry powinny unika\u0107 pewnych kolor\u00f3w, kt\u00f3re mog\u0142yby niepotrzebnie podkre\u015bla\u0107 zaczerwienienia. Szczeg\u00f3lnie nale\u017cy wystrzega\u0107 si\u0119 koloru czerwonego oraz r\u00f3\u017cowego, je\u015bli za\u015b koniecznie chcemy podkre\u015bli\u0107 usta r\u00f3\u017cow\u0105 szmink\u0105, lepiej wybierzmy ch\u0142odne odcienie tej barwy. W makija\u017cu cery naczynkowej dobrze sprawdzaj\u0105 si\u0119 bezpieczne kolory, takie jak <strong>be\u017ce, szaro\u015bci<\/strong> i <strong>br\u0105zy<\/strong>.<\/p>\n","protected":false},"excerpt":{"rendered":"<p>Cera naczynkowa potrafi by\u0107 naprawd\u0119 wymagaj\u0105ca. Bardzo \u0142atwo j\u0105 podra\u017cni\u0107, a ka\u017cde zmiany temperatur czy silne emocje sprawiaj\u0105, \u017ce charakterystyczne dla niej paj\u0105czki robi\u0105 si\u0119 bardziej widoczne. Oczywi\u015bcie kluczem do okie\u0142znania k\u0142opotliwej cery jest odpowiednia piel\u0119gnacja, jednak cz\u0119sto zale\u017cy nam na tym, by w danym momencie prezentowa\u0107 si\u0119 nienagannie. Wtedy w gr\u0119 wchodzi odpowiedni makija\u017c, [&hellip;]<\/p>\n","protected":false},"author":2,"featured_media":5059,"comment_status":"open","ping_status":"open","sticky":false,"template":"","format":"standard","meta":{"_et_pb_use_builder":"","_et_pb_old_content":"","_et_gb_content_width":"","footnotes":""},"categories":[41],"tags":[],"class_list":["post-5058","post","type-post","status-publish","format-standard","has-post-thumbnail","hentry","category-olsniewaj-makijazem","et-has-post-format-content","et_post_format-et-post-format-standard"],"_links":{"self":[{"href":"https:\/\/neness.pl\/blog\/wp-json\/wp\/v2\/posts\/5058","targetHints":{"allow":["GET"]}}],"collection":[{"href":"https:\/\/neness.pl\/blog\/wp-json\/wp\/v2\/posts"}],"about":[{"href":"https:\/\/neness.pl\/blog\/wp-json\/wp\/v2\/types\/post"}],"author":[{"embeddable":true,"href":"https:\/\/neness.pl\/blog\/wp-json\/wp\/v2\/users\/2"}],"replies":[{"embeddable":true,"href":"https:\/\/neness.pl\/blog\/wp-json\/wp\/v2\/comments?post=5058"}],"version-history":[{"count":0,"href":"https:\/\/neness.pl\/blog\/wp-json\/wp\/v2\/posts\/5058\/revisions"}],"wp:featuredmedia":[{"embeddable":true,"href":"https:\/\/neness.pl\/blog\/wp-json\/wp\/v2\/media\/5059"}],"wp:attachment":[{"href":"https:\/\/neness.pl\/blog\/wp-json\/wp\/v2\/media?parent=5058"}],"wp:term":[{"taxonomy":"category","embeddable":true,"href":"https:\/\/neness.pl\/blog\/wp-json\/wp\/v2\/categories?post=5058"},{"taxonomy":"post_tag","embeddable":true,"href":"https:\/\/neness.pl\/blog\/wp-json\/wp\/v2\/tags?post=5058"}],"curies":[{"name":"wp","href":"https:\/\/api.w.org\/{rel}","templated":true}]}}