{"id":4992,"date":"2018-07-26T13:46:56","date_gmt":"2018-07-26T11:46:56","guid":{"rendered":"http:\/\/ranking-kosmetykow.pl\/?p=4992"},"modified":"2018-07-26T13:46:56","modified_gmt":"2018-07-26T11:46:56","slug":"broda-jaki-ksztalt-najbardziej-pasuje-do-twojego-ksztaltu-twarzy","status":"publish","type":"post","link":"https:\/\/neness.pl\/blog\/broda-jaki-ksztalt-najbardziej-pasuje-do-twojego-ksztaltu-twarzy\/","title":{"rendered":"Broda. Jaki kszta\u0142t najbardziej pasuje do Twojego kszta\u0142tu twarzy?"},"content":{"rendered":"<p>Je\u015bli popatrzymy chocia\u017cby na zdj\u0119cia aktor\u00f3w z r\u00f3\u017cnych okres\u00f3w ich kariery, \u0142atwo mo\u017cemy zaobserwowa\u0107, \u017ce odpowiednio dobrany zarost potrafi ca\u0142kowicie odmieni\u0107 twarz. Najlepiej wida\u0107 to na przyk\u0142adzie gwiazd hollywoodzkich, kt\u00f3re po zdobyciu s\u0142awy za spraw\u0105 stylist\u00f3w zaczynaj\u0105 nagle wygl\u0105da\u0107 du\u017co lepiej. Zastanawiali\u015bcie si\u0119, czym to jest spowodowane? Odpowied\u017a jest prosta. Odpowiednio dobrany zarost potrafi naprawd\u0119 dobrze <strong>zniwelowa\u0107 niedoskona\u0142o\u015bci<\/strong> i <strong>podkre\u015bli\u0107 atuty<\/strong>. Dlatego tak wa\u017cne jest, by przed zapuszczeniem brody przemy\u015ble\u0107, jaka najlepiej pasuje do Waszego kszta\u0142tu twarzy.<!--more--><\/p>\n<h3>Twarz okr\u0105g\u0142a czy jednak owalna, czyli o okre\u015blaniu kszta\u0142tu<\/h3>\n<p>Okre\u015blanie kszta\u0142tu twarzy mo\u017ce wydawa\u0107 si\u0119 zadaniem karko\u0142omnym. Prawdopodobnie patrzycie teraz w lustro i nie macie poj\u0119cia, od czego zacz\u0105\u0107. Dlatego najlepiej, je\u015bli pos\u0142u\u017cycie si\u0119 w tym celu swoim<strong> zdj\u0119ciem<\/strong>. W ten spos\u00f3b du\u017co \u0142atwiej jest uchwyci\u0107 uk\u0142ad ko\u015bci policzkowych oraz szcz\u0119ki i dopasowa\u0107 je do jednego z kszta\u0142t\u00f3w opisanych poni\u017cej. Je\u015bli nadal macie z tym problem, jak najwierniej <strong>obrysujcie kontur swojej twarzy<\/strong> na fotografii i ponownie spr\u00f3bujcie dopasowa\u0107 j\u0105 do kt\u00f3rego\u015b z typ\u00f3w.<\/p>\n<h3>Twarz prostok\u0105tna<\/h3>\n<p>Je\u015bli macie twarz, kt\u00f3rej kszta\u0142t przypomina prostok\u0105t, oznacza to, \u017ce jest do\u015b\u0107 d\u0142uga i kanciasta, wi\u0119c nie b\u0119dzie pasowa\u0142a do niej d\u0142uga broda. Sprawi\u0142aby ona tylko, \u017ce b\u0119dzie si\u0119 ona wydawa\u0142a jeszcze d\u0142u\u017csza. Najlepiej w takim wypadku zdecydowa\u0107 si\u0119 <strong>na zarost odrobin\u0119 d\u0142u\u017cszy po bokach ni\u017c na policzkach<\/strong>. W ten spos\u00f3b twarz b\u0119dzie wydawa\u0142a si\u0119 kr\u00f3tsza i nieco szersza.<\/p>\n<div id=\"attachment_4978\" style=\"width: 1034px\" class=\"wp-caption aligncenter\"><img loading=\"lazy\" decoding=\"async\" aria-describedby=\"caption-attachment-4978\" class=\"size-large wp-image-4978\" src=\"http:\/\/ranking-kosmetykow.pl\/wp-content\/uploads\/2018\/07\/neness-1024x683.jpg\" alt=\"\" width=\"1024\" height=\"683\" srcset=\"https:\/\/neness.pl\/blog\/wp-content\/uploads\/2018\/07\/neness-1024x683.jpg 1024w, https:\/\/neness.pl\/blog\/wp-content\/uploads\/2018\/07\/neness-300x200.jpg 300w, https:\/\/neness.pl\/blog\/wp-content\/uploads\/2018\/07\/neness-768x512.jpg 768w, https:\/\/neness.pl\/blog\/wp-content\/uploads\/2018\/07\/neness-1536x1025.jpg 1536w, https:\/\/neness.pl\/blog\/wp-content\/uploads\/2018\/07\/neness-1080x720.jpg 1080w, https:\/\/neness.pl\/blog\/wp-content\/uploads\/2018\/07\/neness-610x407.jpg 610w, https:\/\/neness.pl\/blog\/wp-content\/uploads\/2018\/07\/neness.jpg 2000w\" sizes=\"auto, (max-width: 1024px) 100vw, 1024px\" \/><p id=\"caption-attachment-4978\" class=\"wp-caption-text\">Fotolia #135454007 | Autor: gstockstudio<\/p><\/div>\n<h3>Twarz kwadratowa<\/h3>\n<p>Ten typ twarzy tak\u017ce jest do\u015b\u0107 kanciasty, za to zdecydowanie kr\u00f3tszy. Tutaj wi\u0119c najbardziej op\u0142aca si\u0119 zastosowa\u0107 zabieg odwrotny do om\u00f3wionego wy\u017cej, czyli zapu\u015bci\u0107 <strong>d\u0142u\u017cszy zarost na policzkach, a kr\u00f3tszy po bokach<\/strong>. W ten spos\u00f3b sprawicie, \u017ce twarz b\u0119dzie si\u0119 wydawa\u0142a optycznie bardziej poci\u0105g\u0142a, a ostre linie zostan\u0105 zniwelowane.<\/p>\n<h3>Twarz owalna<\/h3>\n<p>Je\u015bli macie twarz o takim kszta\u0142cie, wygrali\u015bcie los na loterii. Ten typ uwa\u017ca si\u0119 za <strong>najbardziej zbli\u017cony do idea\u0142u<\/strong>. Nie trzeba przy nim dba\u0107 o optyczn\u0105 popraw\u0119 kszta\u0142tu, mo\u017cecie wi\u0119c pozwoli\u0107 sobie na tak\u0105 brod\u0119, jaka tylko si\u0119 Wam zamarzy.<\/p>\n<h3>Twarz okr\u0105g\u0142a<\/h3>\n<p>Taka twarz potrzebuje kilku ostrych linii i delikatnego wyd\u0142u\u017cenia. Efekt ten mo\u017cecie osi\u0105gn\u0105\u0107 dzi\u0119ki<strong> koziej br\u00f3dce<\/strong>. Odwraca ona uwag\u0119 od policzk\u00f3w i skupia j\u0105 na linii szcz\u0119ki. Mo\u017cecie zdecydowa\u0107 si\u0119 na odrobin\u0119 d\u0142u\u017cszy zarost, kt\u00f3ry jeszcze bardziej wyszczuplili twarz. Zdecydowanie unikajcie za to bokobrod\u00f3w. One sprawi\u0105, \u017ce twarz wyda si\u0119 po prostu puco\u0142owata.<\/p>\n<h3>Twarz tr\u00f3jk\u0105tna<\/h3>\n<p>Je\u015bli macie twarz z ostro zarysowanym podbr\u00f3dkiem i du\u017cym czo\u0142em, broda jest w Waszym przypadku bardzo dobrym pomys\u0142em. Pozwoli ona z\u0142agodzi\u0107 linie i sprawi\u0107, \u017ce szcz\u0119ka stanie si\u0119 pe\u0142niejsza. Idealnie b\u0119dzie pasowa\u0142a do Was d\u0142u\u017csza broda o <strong>r\u00f3wnej d\u0142ugo\u015bci w ka\u017cdym miejscu<\/strong>. Je\u015bli jednak decydujecie si\u0119 na mniej obfity zarost, lepiej zrezygnujcie z tych typ\u00f3w brody, kt\u00f3re eksponuj\u0105 podbr\u00f3dek.<\/p>\n","protected":false},"excerpt":{"rendered":"<p>Je\u015bli popatrzymy chocia\u017cby na zdj\u0119cia aktor\u00f3w z r\u00f3\u017cnych okres\u00f3w ich kariery, \u0142atwo mo\u017cemy zaobserwowa\u0107, \u017ce odpowiednio dobrany zarost potrafi ca\u0142kowicie odmieni\u0107 twarz. Najlepiej wida\u0107 to na przyk\u0142adzie gwiazd hollywoodzkich, kt\u00f3re po zdobyciu s\u0142awy za spraw\u0105 stylist\u00f3w zaczynaj\u0105 nagle wygl\u0105da\u0107 du\u017co lepiej. Zastanawiali\u015bcie si\u0119, czym to jest spowodowane? Odpowied\u017a jest prosta. Odpowiednio dobrany zarost potrafi naprawd\u0119 [&hellip;]<\/p>\n","protected":false},"author":2,"featured_media":4993,"comment_status":"open","ping_status":"open","sticky":false,"template":"","format":"standard","meta":{"_et_pb_use_builder":"","_et_pb_old_content":"","_et_gb_content_width":"","footnotes":""},"categories":[146],"tags":[],"class_list":["post-4992","post","type-post","status-publish","format-standard","has-post-thumbnail","hentry","category-z-mysla-o-mezczyznach","et-has-post-format-content","et_post_format-et-post-format-standard"],"_links":{"self":[{"href":"https:\/\/neness.pl\/blog\/wp-json\/wp\/v2\/posts\/4992","targetHints":{"allow":["GET"]}}],"collection":[{"href":"https:\/\/neness.pl\/blog\/wp-json\/wp\/v2\/posts"}],"about":[{"href":"https:\/\/neness.pl\/blog\/wp-json\/wp\/v2\/types\/post"}],"author":[{"embeddable":true,"href":"https:\/\/neness.pl\/blog\/wp-json\/wp\/v2\/users\/2"}],"replies":[{"embeddable":true,"href":"https:\/\/neness.pl\/blog\/wp-json\/wp\/v2\/comments?post=4992"}],"version-history":[{"count":0,"href":"https:\/\/neness.pl\/blog\/wp-json\/wp\/v2\/posts\/4992\/revisions"}],"wp:featuredmedia":[{"embeddable":true,"href":"https:\/\/neness.pl\/blog\/wp-json\/wp\/v2\/media\/4993"}],"wp:attachment":[{"href":"https:\/\/neness.pl\/blog\/wp-json\/wp\/v2\/media?parent=4992"}],"wp:term":[{"taxonomy":"category","embeddable":true,"href":"https:\/\/neness.pl\/blog\/wp-json\/wp\/v2\/categories?post=4992"},{"taxonomy":"post_tag","embeddable":true,"href":"https:\/\/neness.pl\/blog\/wp-json\/wp\/v2\/tags?post=4992"}],"curies":[{"name":"wp","href":"https:\/\/api.w.org\/{rel}","templated":true}]}}