{"id":4967,"date":"2018-07-18T09:47:24","date_gmt":"2018-07-18T07:47:24","guid":{"rendered":"http:\/\/ranking-kosmetykow.pl\/?p=4967"},"modified":"2018-07-18T09:47:24","modified_gmt":"2018-07-18T07:47:24","slug":"algi-w-pielegnacji-skory","status":"publish","type":"post","link":"https:\/\/neness.pl\/blog\/algi-w-pielegnacji-skory\/","title":{"rendered":"Algi w piel\u0119gnacji sk\u00f3ry"},"content":{"rendered":"<p>Algi na Dalekim Wschodzie znane s\u0105 od wiek\u00f3w, jednak w Europie wesz\u0142y na rynek kosmetyczny stosunkowo niedawno. Lecz kiedy ju\u017c to zrobi\u0142y, zawojowa\u0142y go w ekspresowym tempie. U\u017cywane s\u0105 w wi\u0119kszo\u015bci salon\u00f3w kosmetycznych, ale te\u017c w wielu domach, podczas codziennej piel\u0119gnacji. Co takiego kryj\u0105 w sobie te niepozorne ro\u015bliny i dlaczego s\u0105 tak popularne?<!--more--><\/p>\n<p>Algi to ro\u015bliny wodne, kt\u00f3re wyst\u0119puj\u0105 w rzekach, jeziorach czy oceanach. S\u0105 spotykane zar\u00f3wno w wodzie s\u0142odkiej, jak i s\u0142onej. Jest wiele ich rodzaj\u00f3w i r\u00f3\u017cni\u0105 si\u0119 mi\u0119dzy sob\u0105 zawarto\u015bci\u0105 <strong>witamin, minera\u0142\u00f3w<\/strong> i innych sk\u0142adnik\u00f3w od\u017cywczych, jednak dzi\u0119ki temu mo\u017cna stosowa\u0107 je na r\u00f3\u017cne typy cery i przy r\u00f3\u017cnych schorzeniach sk\u00f3ry.<\/p>\n<h3>Dlaczego algi s\u0105 takie cenne?<\/h3>\n<p>Najprostsza odpowied\u017a na to pytanie brzmi \u2013 bo s\u0105 w stu procentach naturalne. Jednak ich naprawd\u0119 niesamowita w\u0142a\u015bciwo\u015b\u0107 polega na tym, \u017ce pod wzgl\u0119dem budowy s\u0105 bardzo podobne do struktury plazmy ludzkiej, co umo\u017cliwia sk\u0142adnikom w nich zawartym <strong>docieranie bezpo\u015brednio do sk\u00f3ry w\u0142a\u015bciwej.<\/strong> A ich bogactwo jest naprawd\u0119 niezwyk\u0142e i ma fantastyczny wp\u0142yw na stan cery.<\/p>\n<h3>Algi w piel\u0119gnacji sk\u00f3ry tr\u0105dzikowej<\/h3>\n<p>Algi zawieraj\u0105 alkohole hydroksylowe, takie jak <strong>D-mannitol<\/strong> i <strong>sorbitol,<\/strong> kt\u00f3re maj\u0105 w\u0142a\u015bciwo\u015bci hamuj\u0105ce produkcj\u0119 \u0142oju, dlatego \u015bwietnie sprawdzaj\u0105 si\u0119 w <strong>piel\u0119gnacji sk\u00f3ry tr\u0105dzikowej<\/strong> i <strong>t\u0142ustej.<\/strong> S\u0105 te\u017c <span style=\"color: #000000;\">bakteriostatykami, czyli <strong>hamuj\u0105 rozw\u00f3j bakterii,<\/strong> co ma niebagatelne znaczenie w walce z tr\u0105dzikiem. Dodatkowo algi <strong>\u0142agodz\u0105 te\u017c podra\u017cnienia<\/strong> i <strong>pomagaj\u0105 w pozbyciu si\u0119 toksyn,<\/strong> wi\u0119c s\u0105 wskazane po zabiegach oczyszczania twarzy. Mog\u0105 te\u017c zadba\u0107 o odpowiedni poziom nawil\u017cenia cery, gdy\u017c pomagaj\u0105 zachowa\u0107 wod\u0119 w organizmie. W piel\u0119gnacji cery tr\u0105dzikowej najcz\u0119\u015bciej u\u017cywane s\u0105 algi o nazwie chlorella.<\/span><\/p>\n<div id=\"attachment_4970\" style=\"width: 1034px\" class=\"wp-caption aligncenter\"><img loading=\"lazy\" decoding=\"async\" aria-describedby=\"caption-attachment-4970\" class=\"size-large wp-image-4970\" src=\"http:\/\/ranking-kosmetykow.pl\/wp-content\/uploads\/2018\/07\/Fotolia_162406669_Subscription_L-1024x682.jpg\" alt=\"\" width=\"1024\" height=\"682\" srcset=\"https:\/\/neness.pl\/blog\/wp-content\/uploads\/2018\/07\/Fotolia_162406669_Subscription_L-1024x682.jpg 1024w, https:\/\/neness.pl\/blog\/wp-content\/uploads\/2018\/07\/Fotolia_162406669_Subscription_L-300x200.jpg 300w, https:\/\/neness.pl\/blog\/wp-content\/uploads\/2018\/07\/Fotolia_162406669_Subscription_L-768x512.jpg 768w, https:\/\/neness.pl\/blog\/wp-content\/uploads\/2018\/07\/Fotolia_162406669_Subscription_L-1536x1024.jpg 1536w, https:\/\/neness.pl\/blog\/wp-content\/uploads\/2018\/07\/Fotolia_162406669_Subscription_L-1080x720.jpg 1080w, https:\/\/neness.pl\/blog\/wp-content\/uploads\/2018\/07\/Fotolia_162406669_Subscription_L-610x407.jpg 610w, https:\/\/neness.pl\/blog\/wp-content\/uploads\/2018\/07\/Fotolia_162406669_Subscription_L.jpg 2000w\" sizes=\"auto, (max-width: 1024px) 100vw, 1024px\" \/><p id=\"caption-attachment-4970\" class=\"wp-caption-text\">Fotolia #162406669 | Autor: Voyagerix<\/p><\/div>\n<h3><span style=\"color: #000000;\">Przeciwko starzeniu<\/span><\/h3>\n<p><span style=\"color: #000000;\">Algi s\u0105 bogate w <strong>witaminy A, E, C<\/strong> oraz witaminy z <strong>grupy B,<\/strong> dlatego maseczka czy krem z nimi to prawdziwy zastrzyk energii dla sk\u00f3ry. <strong>Spowalniaj\u0105 proces starzenia<\/strong> i <strong>przywracaj\u0105 sk\u00f3rze j\u0119drno\u015b\u0107<\/strong> oraz <strong>zwi\u0119kszaj\u0105 jej elastyczno\u015b\u0107<\/strong>, poniewa\u017c wspomagaj\u0105 wytwarzanie kolagenu i elastyny. Potrafi\u0105 tak\u017ce odtworzy\u0107 bia\u0142ka strukturalne sk\u00f3ry, co ma wp\u0142yw na wyg\u0142adzenie istniej\u0105cych zmarszczek. Tworz\u0105 te\u017c na cerze <strong>filtr poch\u0142aniaj\u0105cy promienie UV<\/strong> maj\u0105ce du\u017cy wp\u0142yw na proces starzenia si\u0119 sk\u00f3ry. W zachowaniu m\u0142odo\u015bci na d\u0142ugie lata najlepiej pomagaj\u0105 algi o nazwie spirulina.<\/span><\/p>\n<h3><span style=\"color: #000000;\">Wytchnienie dla cery suchej<\/span><\/h3>\n<p><span style=\"color: #000000;\">Tak\u017ce cera sucha mo\u017ce skorzysta\u0107 na drogocennym wp\u0142ywie alg. Maj\u0105 w sobie <strong>kwas alginowy<\/strong>, kt\u00f3ry wykazuje silne dzia\u0142anie nawil\u017caj\u0105ce. Dlatego te\u017c algi <strong>zatrzymuj\u0105 wilgo\u0107 w sk\u00f3rze<\/strong> i s\u0105 w stanie nada\u0107 jej \u015bwie\u017cy, zdrowy wygl\u0105d. <strong>\u0141agodz\u0105<\/strong> te\u017c <strong>podra\u017cnienia<\/strong> i doskonale <strong>regeneruj\u0105 sk\u00f3r\u0119<\/strong>. Do piel\u0119gnacji cery suchej najlepiej nadaj\u0105 si\u0119 algi czerwone. <\/span><\/p>\n<h3><span style=\"color: #000000;\">Algi w walce z cellulitem<\/span><\/h3>\n<p><span style=\"color: #000000;\">W walce z cellulitem sprawdzaj\u0105 si\u0119 za to algi brunatne i zielone. Maj\u0105 one sk\u0142adniki, kt\u00f3re <strong>pobudzaj\u0105 mikrokr\u0105\u017cenie<\/strong> i <strong>przyspieszaj\u0105 spalanie tkanki t\u0142uszczowej<\/strong>. Dzia\u0142aj\u0105 te\u017c <strong>nawil\u017caj\u0105co<\/strong> i <strong>wyg\u0142adzaj\u0105co<\/strong> oraz <strong>poprawiaj\u0105 kondycj\u0119 sk\u00f3ry<\/strong>.<\/span><\/p>\n<p><span style=\"color: #000000;\">Algi mo\u017cna kupi\u0107 w sproszkowanej formie do rozrobienia z wod\u0105 i stosowa\u0107 jako maseczk\u0119 jednak s\u0105 te\u017c dost\u0119pne jako sk\u0142adnik szeregu \u017celi, krem\u00f3w, balsam\u00f3w, peeling\u00f3w myde\u0142 i innych kosmetyk\u00f3w. Nic dziwnego, te posiadaj\u0105ce ponad 10 razy wi\u0119cej sk\u0142adnik\u00f3w mineralnych ni\u017c ro\u015bliny l\u0105dowe organizmy mog\u0105 si\u0119 sta\u0107 sprzymierze\u0144cem ka\u017cdej kobiety w walce o pi\u0119kny i zdrowy wygl\u0105d. <\/span><\/p>\n","protected":false},"excerpt":{"rendered":"<p>Algi na Dalekim Wschodzie znane s\u0105 od wiek\u00f3w, jednak w Europie wesz\u0142y na rynek kosmetyczny stosunkowo niedawno. Lecz kiedy ju\u017c to zrobi\u0142y, zawojowa\u0142y go w ekspresowym tempie. U\u017cywane s\u0105 w wi\u0119kszo\u015bci salon\u00f3w kosmetycznych, ale te\u017c w wielu domach, podczas codziennej piel\u0119gnacji. Co takiego kryj\u0105 w sobie te niepozorne ro\u015bliny i dlaczego s\u0105 tak popularne?<\/p>\n","protected":false},"author":2,"featured_media":4968,"comment_status":"open","ping_status":"open","sticky":false,"template":"","format":"standard","meta":{"_et_pb_use_builder":"","_et_pb_old_content":"","_et_gb_content_width":"","footnotes":""},"categories":[185],"tags":[],"class_list":["post-4967","post","type-post","status-publish","format-standard","has-post-thumbnail","hentry","category-codzienna-pielegnacja","et-has-post-format-content","et_post_format-et-post-format-standard"],"_links":{"self":[{"href":"https:\/\/neness.pl\/blog\/wp-json\/wp\/v2\/posts\/4967","targetHints":{"allow":["GET"]}}],"collection":[{"href":"https:\/\/neness.pl\/blog\/wp-json\/wp\/v2\/posts"}],"about":[{"href":"https:\/\/neness.pl\/blog\/wp-json\/wp\/v2\/types\/post"}],"author":[{"embeddable":true,"href":"https:\/\/neness.pl\/blog\/wp-json\/wp\/v2\/users\/2"}],"replies":[{"embeddable":true,"href":"https:\/\/neness.pl\/blog\/wp-json\/wp\/v2\/comments?post=4967"}],"version-history":[{"count":0,"href":"https:\/\/neness.pl\/blog\/wp-json\/wp\/v2\/posts\/4967\/revisions"}],"wp:featuredmedia":[{"embeddable":true,"href":"https:\/\/neness.pl\/blog\/wp-json\/wp\/v2\/media\/4968"}],"wp:attachment":[{"href":"https:\/\/neness.pl\/blog\/wp-json\/wp\/v2\/media?parent=4967"}],"wp:term":[{"taxonomy":"category","embeddable":true,"href":"https:\/\/neness.pl\/blog\/wp-json\/wp\/v2\/categories?post=4967"},{"taxonomy":"post_tag","embeddable":true,"href":"https:\/\/neness.pl\/blog\/wp-json\/wp\/v2\/tags?post=4967"}],"curies":[{"name":"wp","href":"https:\/\/api.w.org\/{rel}","templated":true}]}}