{"id":4920,"date":"2018-07-03T10:31:11","date_gmt":"2018-07-03T08:31:11","guid":{"rendered":"http:\/\/ranking-kosmetykow.pl\/?p=4920"},"modified":"2018-07-03T10:31:11","modified_gmt":"2018-07-03T08:31:11","slug":"bledy-w-pielegnacji-skory-tradzikowej","status":"publish","type":"post","link":"https:\/\/neness.pl\/blog\/bledy-w-pielegnacji-skory-tradzikowej\/","title":{"rendered":"B\u0142\u0119dy w piel\u0119gnacji sk\u00f3ry tr\u0105dzikowej"},"content":{"rendered":"<p>Wbrew pozorom tr\u0105dzik to k\u0142opot nie tylko nastolatk\u00f3w. Ta choroba dotyka tak\u017ce osoby po dwudziestym czy trzydziestym roku \u017cycia, a czasami potrafi stanowi\u0107 zmor\u0119 przez lata. Powoduje, \u017ce jeste\u015bmy sfrustrowani i chcemy jak najszybciej pozby\u0107 si\u0119 problemu. Za wszelk\u0105 cen\u0119. Takie podej\u015bcie mo\u017ce powodowa\u0107, \u017ce pope\u0142niamy b\u0142\u0119dy w piel\u0119gnacji, kt\u00f3re zamiast pom\u00f3c w likwidacji tr\u0105dziku, jeszcze bardziej go nasilaj\u0105. Czego wi\u0119c powinni wystrzega\u0107 si\u0119 posiadacze cery tr\u0105dzikowej?<!--more--><\/p>\n<h3>\u201eNie nak\u0142adam kremu. I tak si\u0119 \u015bwiec\u0119\u201d<\/h3>\n<p>Brak odpowiedniego nawil\u017cenia to najcz\u0119stszy b\u0142\u0105d w piel\u0119gnacji cery ze sk\u0142onno\u015bci\u0105 do wyprysk\u00f3w. Wydaje nam si\u0119, \u017ce skoro sk\u00f3ra jest t\u0142usta, to nawil\u017cenie jej niepotrzebne. Ma\u0142o tego, cz\u0119sto my\u015blimy, \u017ce krem mo\u017ce jeszcze pog\u0142\u0119bi\u0107 problem. To nieprawda. Cera t\u0142usta tak\u017ce <strong>potrzebuje regularnego nawil\u017cania.<\/strong> Je\u015bli nie aplikujemy kremu, powodujemy jej przesuszanie. To za\u015b sprawia, \u017ce gruczo\u0142y \u0142ojowe zaczynaj\u0105 pracowa\u0107 jeszcze intensywniej. Dlatego kosmetyk nawil\u017caj\u0105cy to podstawa. Oczywi\u015bcie do piel\u0119gnacji cery tr\u0105dzikowej nie nale\u017cy wybiera\u0107 bardzo ci\u0119\u017ckich, t\u0142ustych krem\u00f3w. Idealny b\u0119dzie delikatny produkt o <strong>lekkiej formule,<\/strong> kt\u00f3ry <strong>nie zapycha por\u00f3w.<\/strong> Mo\u017cna si\u0119gn\u0105\u0107 po kosmetyki przeznaczone specjalnie dla sk\u00f3ry tr\u0105dzikowej lub po takie o <strong>\u017celowej<\/strong> formule. Tego typu kremy bardzo szybko si\u0119 wch\u0142aniaj\u0105 i nie zapychaj\u0105 por\u00f3w.<\/p>\n<h3>\u201eMocny peeling pomo\u017ce mi oczy\u015bci\u0107 twarz i pozby\u0107 si\u0119 problemu\u201d<\/h3>\n<p>Bzdura! Gruboziarnisty peeling sprawi, \u017ce b\u0119dziemy mieli twarz zmasakrowan\u0105 jak po b\u00f3jce, ale nie pomo\u017ce to w pozbyciu si\u0119 tr\u0105dziku. Podra\u017cnione wypryski otworz\u0105 si\u0119, a bakterie z nich przenios\u0105 si\u0119 na ca\u0142\u0105 twarz, powoduj\u0105c tylko zwi\u0119kszenie problemu. Na szcz\u0119\u015bcie nie trzeba trze\u0107 twarzy ziarenkami, by uzyska\u0107 dobry efekt. Idealny do cery tr\u0105dzikowej jest <strong>peeling enzymatyczny.<\/strong> Rozpu\u015bci on obumar\u0142e kom\u00f3rki, oczy\u015bci pory, usunie nadmiar \u0142oju, a do tego z\u0142agodzi stany zapalne.<\/p>\n<div id=\"attachment_4855\" style=\"width: 1034px\" class=\"wp-caption aligncenter\"><img loading=\"lazy\" decoding=\"async\" aria-describedby=\"caption-attachment-4855\" class=\"size-large wp-image-4855\" src=\"http:\/\/ranking-kosmetykow.pl\/wp-content\/uploads\/2018\/06\/Fotolia_111785586_Subscription_XL-1024x683.jpg\" alt=\"\" width=\"1024\" height=\"683\" \/><p id=\"caption-attachment-4855\" class=\"wp-caption-text\">Fotolia.com | #111785586 | Autor: pressmaster<\/p><\/div>\n<h3>&#8222;Ukryj\u0119 to pod makija\u017cem&#8221;<\/h3>\n<p>Tr\u0105dzik powoduje, \u017ce czujemy si\u0119 wyj\u0105tkowo niekomfortowo, wychodz\u0105c bez grubej warstwy podk\u0142adu i pudru. Jednak ci\u0119\u017cki makija\u017c zapycha pory i jeszcze bardziej pog\u0142\u0119bia problem. Dlatego warto si\u0119gn\u0105\u0107 po <strong>naturalne podk\u0142ady mineralne.<\/strong> Produkuj\u0105ce je firmy maj\u0105 w ofercie linie, kt\u00f3re daj\u0105 naprawd\u0119 \u015bwietny efekt kryj\u0105cy. Dzi\u0119ki tym kosmetykom bardzo dobrze mo\u017cemy ukry\u0107 doskona\u0142o\u015bci, nie obci\u0105\u017caj\u0105c przy tym cery. Jednak nawet wtedy nale\u017cy pami\u0119ta\u0107 o dok\u0142adnym demakija\u017cu ka\u017cdego wieczoru.<\/p>\n<h3>\u201e\u015awiec\u0119 si\u0119, trzeba znowu umy\u0107 twarz\u201d<\/h3>\n<p>Zbyt cz\u0119ste mycie twarzy nie s\u0142u\u017cy naszej cerze. Powoduje jej przesuszanie i wzmo\u017con\u0105 prac\u0119 gruczo\u0142\u00f3w \u0142ojowych. W \u017caden spos\u00f3b nie pomo\u017ce to w walce z tr\u0105dzikiem. Twarz nale\u017cy my\u0107 <strong>1-2 razy dziennie.<\/strong> Do oczyszczania sk\u00f3ry problematycznej doskonale nadaj\u0105 si\u0119 lekkie \u017cele i pianki. Warto poszuka\u0107 produkt\u00f3w, kt\u00f3re przeznaczone s\u0105 do sk\u00f3ry tr\u0105dzikowej.<\/p>\n<h3>\u201eTo nie dzia\u0142a!\u201d<\/h3>\n<p>Kolejnym cz\u0119sto pope\u0142nianym b\u0142\u0119dem jest zbyt szybka rezygnacja z kuracji. Je\u015bli dermatolog zapisuje nam leki, czy to zewn\u0119trzne, czy wewn\u0119trzne, nie nale\u017cy ko\u0144czy\u0107 kuracji bez konsultacji z nim. Kosmetyki i leki dzia\u0142aj\u0105 cuda tylko na reklamach. Prawdziwa walka z tr\u0105dzikiem musi potrwa\u0107. Nie nale\u017cy tak\u017ce odstawia\u0107 przepisanych produkt\u00f3w jak tylko sk\u00f3ra zaczyna wygl\u0105da\u0107 lepiej. Zewn\u0119trzna poprawa nie oznacza, \u017ce problem zosta\u0142 za\u017cegnany.<\/p>\n","protected":false},"excerpt":{"rendered":"<p>Wbrew pozorom tr\u0105dzik to k\u0142opot nie tylko nastolatk\u00f3w. Ta choroba dotyka tak\u017ce osoby po dwudziestym czy trzydziestym roku \u017cycia, a czasami potrafi stanowi\u0107 zmor\u0119 przez lata. Powoduje, \u017ce jeste\u015bmy sfrustrowani i chcemy jak najszybciej pozby\u0107 si\u0119 problemu. Za wszelk\u0105 cen\u0119. Takie podej\u015bcie mo\u017ce powodowa\u0107, \u017ce pope\u0142niamy b\u0142\u0119dy w piel\u0119gnacji, kt\u00f3re zamiast pom\u00f3c w likwidacji tr\u0105dziku, [&hellip;]<\/p>\n","protected":false},"author":2,"featured_media":4921,"comment_status":"open","ping_status":"open","sticky":false,"template":"","format":"standard","meta":{"_et_pb_use_builder":"","_et_pb_old_content":"","_et_gb_content_width":"","footnotes":""},"categories":[185],"tags":[],"class_list":["post-4920","post","type-post","status-publish","format-standard","has-post-thumbnail","hentry","category-codzienna-pielegnacja","et-has-post-format-content","et_post_format-et-post-format-standard"],"_links":{"self":[{"href":"https:\/\/neness.pl\/blog\/wp-json\/wp\/v2\/posts\/4920","targetHints":{"allow":["GET"]}}],"collection":[{"href":"https:\/\/neness.pl\/blog\/wp-json\/wp\/v2\/posts"}],"about":[{"href":"https:\/\/neness.pl\/blog\/wp-json\/wp\/v2\/types\/post"}],"author":[{"embeddable":true,"href":"https:\/\/neness.pl\/blog\/wp-json\/wp\/v2\/users\/2"}],"replies":[{"embeddable":true,"href":"https:\/\/neness.pl\/blog\/wp-json\/wp\/v2\/comments?post=4920"}],"version-history":[{"count":0,"href":"https:\/\/neness.pl\/blog\/wp-json\/wp\/v2\/posts\/4920\/revisions"}],"wp:featuredmedia":[{"embeddable":true,"href":"https:\/\/neness.pl\/blog\/wp-json\/wp\/v2\/media\/4921"}],"wp:attachment":[{"href":"https:\/\/neness.pl\/blog\/wp-json\/wp\/v2\/media?parent=4920"}],"wp:term":[{"taxonomy":"category","embeddable":true,"href":"https:\/\/neness.pl\/blog\/wp-json\/wp\/v2\/categories?post=4920"},{"taxonomy":"post_tag","embeddable":true,"href":"https:\/\/neness.pl\/blog\/wp-json\/wp\/v2\/tags?post=4920"}],"curies":[{"name":"wp","href":"https:\/\/api.w.org\/{rel}","templated":true}]}}