{"id":4901,"date":"2018-06-27T09:41:45","date_gmt":"2018-06-27T07:41:45","guid":{"rendered":"http:\/\/ranking-kosmetykow.pl\/?p=4901"},"modified":"2018-06-27T09:41:45","modified_gmt":"2018-06-27T07:41:45","slug":"trwaly-makijaz-na-upaly-jakich-kosmetykow-uzywac","status":"publish","type":"post","link":"https:\/\/neness.pl\/blog\/trwaly-makijaz-na-upaly-jakich-kosmetykow-uzywac\/","title":{"rendered":"Trwa\u0142y makija\u017c na upa\u0142y \u2013 jakich kosmetyk\u00f3w u\u017cywa\u0107?"},"content":{"rendered":"<p>Latem nawet najstaranniej wykonany makija\u017c po kilku godzinach mo\u017ce zmieni\u0107 si\u0119 z ozdoby w rozmazan\u0105 mask\u0119. Jednak niewiele kobiet jest do\u015b\u0107 pewnych siebie, by dobrze czu\u0107 si\u0119 bez grama podk\u0142adu na twarzy lub z niepomalowanymi rz\u0119sami. Ka\u017cda z nas chce co\u015b zamaskowa\u0107, wi\u0119c niech\u0119tnie rezygnujemy z makija\u017cu nawet podczas upa\u0142\u00f3w. Jak jednak sprawi\u0107, by doda\u0107 sobie nim uroku zamiast si\u0119 oszpeci\u0107? Oczywi\u015bcie u\u017cywaj\u0105c odpowiednich kosmetyk\u00f3w!<!--more--><\/p>\n<h3>\u015awie\u0107 tylko przyk\u0142adem, postaw na krem matuj\u0105cy<\/h3>\n<p>Kiedy za oknem panuj\u0105 wysokie temperatury, warto rozwa\u017cy\u0107 wymian\u0119 tradycyjnego kremu pod makija\u017c na <strong>krem matuj\u0105cy.<\/strong> W ten spos\u00f3b zapewniamy sobie dodatkowe godziny bez nieestetycznego b\u0142yszczenia si\u0119 cery. Trzeba jednak zwr\u00f3ci\u0107 uwag\u0119 na to, by krem by\u0142 r\u00f3wnocze\u015bnie <strong>nawil\u017caj\u0105cy<\/strong> \u2013 tylko na dobrze nawil\u017conej cerze makija\u017c b\u0119dzie trzyma\u0142 si\u0119 naprawd\u0119 d\u0142ugo.<\/p>\n<div id=\"attachment_4903\" style=\"width: 360px\" class=\"wp-caption aligncenter\"><a href=\"https:\/\/neness.pl\/kosmetyki\/twarz\/bazy_pod_makijaz\/dermacol_matt_control_base_matujaca_baza_pod_makijaz.html\"><img loading=\"lazy\" decoding=\"async\" aria-describedby=\"caption-attachment-4903\" class=\"wp-image-4903\" src=\"http:\/\/ranking-kosmetykow.pl\/wp-content\/uploads\/2018\/06\/651f4aac2bec6f029fe17143942751a0.png\" alt=\"\" width=\"350\" height=\"467\" srcset=\"https:\/\/neness.pl\/blog\/wp-content\/uploads\/2018\/06\/651f4aac2bec6f029fe17143942751a0.png 750w, https:\/\/neness.pl\/blog\/wp-content\/uploads\/2018\/06\/651f4aac2bec6f029fe17143942751a0-225x300.png 225w, https:\/\/neness.pl\/blog\/wp-content\/uploads\/2018\/06\/651f4aac2bec6f029fe17143942751a0-610x813.png 610w\" sizes=\"auto, (max-width: 350px) 100vw, 350px\" \/><\/a><p id=\"caption-attachment-4903\" class=\"wp-caption-text\">Dermacol Matt Control Base Matuj\u0105ca Baza Pod Makija\u017c \/ 25,50 z\u0142<\/p><\/div>\n<h3>Baza to podstawa<\/h3>\n<p>By kosmetyki nie sp\u0142ywa\u0142y, mo\u017cna zaopatrzy\u0107 kosmetyczk\u0119 w <strong>baz\u0119 pod makija\u017c,<\/strong> a je\u015bli chcemy dodatkowo podkre\u015bla\u0107 oko, tak\u017ce baz\u0119 pod cienie. Pozwol\u0105 one na utrwalenie make upu, a przy okazji optycznie wyg\u0142adz\u0105 sk\u00f3r\u0119. Odpowiednia baza musi by\u0107 jednak <strong>lekka i nie powinna zawiera\u0107 silikon\u00f3w<\/strong> \u2013 tylko takie produkty sprawdz\u0105 si\u0119 na co dzie\u0144 i nie obci\u0105\u017c\u0105 zbytecznie sk\u00f3ry.<\/p>\n<h3>Podk\u0142ad \u2013 tak czy nie?<\/h3>\n<p>Tak, ale tylko lekki, o bardzo <strong>p\u0142ynnej konsystencji.<\/strong> Taki kosmetyk pozwoli na unikni\u0119cie warzenia si\u0119 makija\u017cu, nie b\u0119dzie si\u0119 zbiera\u0142 w nieestetyczne grudki na twarzy. Ci\u0119\u017ckie, mocno kryj\u0105ce podk\u0142ady warto zostawi\u0107 na zim\u0119. Je\u015bli nie mamy na twarzy wiele do ukrycia, warto zamiast podk\u0142adu si\u0119gn\u0105\u0107 po <strong>krem BB.<\/strong> Ma on jeszcze l\u017cejsz\u0105 formu\u0142\u0119, kt\u00f3ra b\u0119dzie idealnie sprawdza\u0107 si\u0119 w ciep\u0142e, letnie dni.<\/p>\n<h3>Mi\u0119kkim kredkom stanowcze nie<\/h3>\n<p>Mi\u0119kkie kredki maj\u0105 to do siebie, \u017ce szybko si\u0119 rozmazuj\u0105. W trzydziestostopniowym upale ten proces rozpocznie si\u0119 jeszcze szybciej, a przecie\u017c \u017cadna z nas nie chce pokazywa\u0107 \u015bwiatu oka pandy. Dlatego je\u015bli nie chcemy rezygnowa\u0107 z dodatkowego podkre\u015blenia oka, warto zamieni\u0107 kredki na <strong>eyelinery o \u017celowej konsystencji.<\/strong> Takie produkty s\u0105 du\u017co trwalsze i nie wymagaj\u0105 cz\u0119stych poprawek. Dzi\u0119ki nim mo\u017cemy chodzi\u0107 spokojne o nasz wygl\u0105d nawet przez wiele godzin.<\/p>\n<div id=\"attachment_4904\" style=\"width: 360px\" class=\"wp-caption aligncenter\"><a href=\"https:\/\/neness.pl\/kosmetyki\/oczy\/tusze_do_rzes\/loreal_tusz_million_lashes_wodoodporny_black.html\"><img loading=\"lazy\" decoding=\"async\" aria-describedby=\"caption-attachment-4904\" class=\"wp-image-4904\" src=\"http:\/\/ranking-kosmetykow.pl\/wp-content\/uploads\/2018\/06\/b8111d46d316ae19a645a999080bfb19.jpg\" alt=\"\" width=\"350\" height=\"467\" srcset=\"https:\/\/neness.pl\/blog\/wp-content\/uploads\/2018\/06\/b8111d46d316ae19a645a999080bfb19.jpg 750w, https:\/\/neness.pl\/blog\/wp-content\/uploads\/2018\/06\/b8111d46d316ae19a645a999080bfb19-225x300.jpg 225w, https:\/\/neness.pl\/blog\/wp-content\/uploads\/2018\/06\/b8111d46d316ae19a645a999080bfb19-610x813.jpg 610w\" sizes=\"auto, (max-width: 350px) 100vw, 350px\" \/><\/a><p id=\"caption-attachment-4904\" class=\"wp-caption-text\">Loreal Tusz Million Lashes Wodoodporny Black \/ 31,50 z\u0142<\/p><\/div>\n<h3>Tusz do rz\u0119s? Zale\u017cy jaki<\/h3>\n<p>Niewiele z nas ch\u0119tnie rezygnuje z tego kosmetyku. Lubimy podkre\u015bla\u0107 d\u0142ugo\u015b\u0107 i skr\u0119t naszych rz\u0119s. By jednak tusz znajdowa\u0142 si\u0119 rzeczywi\u015bcie na rz\u0119sach zamiast na delikatnej sk\u00f3rze pod oczami, mo\u017cna zdecydowa\u0107 si\u0119 na produkt <strong>wodoodporny.<\/strong> Takie tusze, w przeciwie\u0144stwie do ich niewodoodpornych odpowiednik\u00f3w, nie s\u0105 robione na bazie wody, lecz oleistych wosk\u00f3w ro\u015blinnych, silikon\u00f3w, olej\u00f3w mineralnych\u00a0 lub naturalnych polimer\u00f3w. Dlatego te\u017c nie rozmazuj\u0105 si\u0119 one pod wp\u0142ywem wody i mo\u017cemy ich bezpiecznie u\u017cywa\u0107 nawet na basenie czy nad morzem. Dodatkowo maj\u0105 t\u0119 zalet\u0119, \u017ce posiadaj\u0105 <strong>w\u0142a\u015bciwo\u015bci piel\u0119gnacyjne i \u0142atwo si\u0119 rozprowadzaj\u0105.<\/strong><\/p>\n<h3>Na specjalne okazje \u2013 spray<\/h3>\n<p>Bywaj\u0105 takie okazje, kiedy wyj\u0105tkowo zale\u017cy nam na trwa\u0142o\u015bci makija\u017cu. Na wieczorne wyj\u015bcie czy du\u017c\u0105 uroczysto\u015b\u0107 mo\u017cemy te\u017c zdecydowa\u0107 si\u0119 na <strong>spray utrwalaj\u0105cy makija\u017c.<\/strong> Je\u015bli po na\u0142o\u017ceniu kosmetyk\u00f3w spryskamy nim twarz, mo\u017cemy cieszy\u0107 si\u0119 nieskazitelnym make upem przez wiele godzin. Takie kosmetyki mog\u0105 si\u0119 jednak okaza\u0107 za ci\u0119\u017ckie dla naszej sk\u00f3ry, dlatego poleca si\u0119 stosowa\u0107 je jedynie na specjalne okazje.<\/p>\n","protected":false},"excerpt":{"rendered":"<p>Latem nawet najstaranniej wykonany makija\u017c po kilku godzinach mo\u017ce zmieni\u0107 si\u0119 z ozdoby w rozmazan\u0105 mask\u0119. Jednak niewiele kobiet jest do\u015b\u0107 pewnych siebie, by dobrze czu\u0107 si\u0119 bez grama podk\u0142adu na twarzy lub z niepomalowanymi rz\u0119sami. Ka\u017cda z nas chce co\u015b zamaskowa\u0107, wi\u0119c niech\u0119tnie rezygnujemy z makija\u017cu nawet podczas upa\u0142\u00f3w. Jak jednak sprawi\u0107, by doda\u0107 [&hellip;]<\/p>\n","protected":false},"author":2,"featured_media":4902,"comment_status":"open","ping_status":"open","sticky":true,"template":"","format":"standard","meta":{"_et_pb_use_builder":"","_et_pb_old_content":"","_et_gb_content_width":"","footnotes":""},"categories":[41],"tags":[],"class_list":["post-4901","post","type-post","status-publish","format-standard","has-post-thumbnail","hentry","category-olsniewaj-makijazem","et-has-post-format-content","et_post_format-et-post-format-standard"],"_links":{"self":[{"href":"https:\/\/neness.pl\/blog\/wp-json\/wp\/v2\/posts\/4901","targetHints":{"allow":["GET"]}}],"collection":[{"href":"https:\/\/neness.pl\/blog\/wp-json\/wp\/v2\/posts"}],"about":[{"href":"https:\/\/neness.pl\/blog\/wp-json\/wp\/v2\/types\/post"}],"author":[{"embeddable":true,"href":"https:\/\/neness.pl\/blog\/wp-json\/wp\/v2\/users\/2"}],"replies":[{"embeddable":true,"href":"https:\/\/neness.pl\/blog\/wp-json\/wp\/v2\/comments?post=4901"}],"version-history":[{"count":0,"href":"https:\/\/neness.pl\/blog\/wp-json\/wp\/v2\/posts\/4901\/revisions"}],"wp:featuredmedia":[{"embeddable":true,"href":"https:\/\/neness.pl\/blog\/wp-json\/wp\/v2\/media\/4902"}],"wp:attachment":[{"href":"https:\/\/neness.pl\/blog\/wp-json\/wp\/v2\/media?parent=4901"}],"wp:term":[{"taxonomy":"category","embeddable":true,"href":"https:\/\/neness.pl\/blog\/wp-json\/wp\/v2\/categories?post=4901"},{"taxonomy":"post_tag","embeddable":true,"href":"https:\/\/neness.pl\/blog\/wp-json\/wp\/v2\/tags?post=4901"}],"curies":[{"name":"wp","href":"https:\/\/api.w.org\/{rel}","templated":true}]}}