{"id":4896,"date":"2018-06-26T10:13:06","date_gmt":"2018-06-26T08:13:06","guid":{"rendered":"http:\/\/ranking-kosmetykow.pl\/?p=4896"},"modified":"2018-06-26T10:13:06","modified_gmt":"2018-06-26T08:13:06","slug":"jak-nasza-skora-zmienia-sie-w-ciagu-dnia","status":"publish","type":"post","link":"https:\/\/neness.pl\/blog\/jak-nasza-skora-zmienia-sie-w-ciagu-dnia\/","title":{"rendered":"Jak nasza sk\u00f3ra zmienia si\u0119 w ci\u0105gu dnia?"},"content":{"rendered":"<p>Wszyscy wiemy, \u017ce sk\u00f3ra zmienia si\u0119 w ci\u0105gu lat czy wraz z porami roku. Zmiany s\u0105 wtedy widoczne \u2013 przybywa zmarszczek wraz z wiekiem, cera ciemnieje latem, a szarzeje, gdy jeste\u015bmy chorzy. Ale czy wiecie, \u017ce sk\u00f3ra zmienia si\u0119 tak\u017ce w ci\u0105gu doby? W zale\u017cno\u015bci od pory dnia ma inne potrzeby i jest nastawiona na inne zadania, dlatego te\u017c znajomo\u015b\u0107 jej rytmu dobowego jest bardzo wa\u017cna w odpowiedniej piel\u0119gnacji.<!--more--><\/p>\n<h3>Zadania sk\u00f3ry<\/h3>\n<p>W ci\u0105gu dnia sk\u00f3ra nara\u017cona jest na wiele szkodliwych czynnik\u00f3w zewn\u0119trznych. Zaraz po wyj\u015bciu z domu musi radzi\u0107 sobie z wp\u0142ywem s\u0142o\u0144ca, smogu czy wiatru. Jest te\u017c wystawiona na dzia\u0142anie klimatyzacji, stresu, kosmetyk\u00f3w do makija\u017cu czy dymu papierosowego. Wtedy najwa\u017cniejsza jest dla niej <strong>ochrona<\/strong> przed nimi. W nocy za\u015b najwa\u017cniejsz\u0105 funkcj\u0105 sk\u00f3ry jest<strong> regeneracja<\/strong>, radzenie sobie z wszystkimi tymi szkodami, kt\u00f3re powsta\u0142y w ci\u0105gu dnia. Dlatego te\u017c o r\u00f3\u017cnych porach doby nasza sk\u00f3ra potrzebuje r\u00f3\u017cnych kosmetyk\u00f3w.<\/p>\n<h3>Sk\u00f3ra rano<\/h3>\n<p>Kiedy wstajemy, nasza sk\u00f3ra jest co prawda zregenerowana, ale bardzo <strong>wra\u017cliwa i odwodniona<\/strong> po ca\u0142ej nocy. Dlatego te\u017c wtedy naj\u0142atwiej j\u0105 podra\u017cni\u0107. Nie warto wi\u0119c o tej porze testowa\u0107 nowych kosmetyk\u00f3w, je\u015bli nie chcemy narazi\u0107 si\u0119 na nieprzyjemn\u0105 reakcj\u0119 alergiczn\u0105.\u00a0 Piel\u0119gnacj\u0119 sk\u00f3ry rano nale\u017cy rozpocz\u0105\u0107 od <strong>oczyszczania,<\/strong> gdy\u017c znajduj\u0105 si\u0119 na niej wszystkie toksyny, kt\u00f3re uda\u0142o si\u0119 jej usun\u0105\u0107 w ci\u0105gu nocy. Nie jest to dobry moment na t\u0142uste kremy od\u017cywcze \u2013 o tej porze cera jest zregenerowana i ich nie potrzebuje. Dobrze wp\u0142ynie na ni\u0105 <strong>lekki krem nawil\u017caj\u0105cy,<\/strong> najlepiej taki, kt\u00f3ry ma w sk\u0142adzie tak\u017ce <strong>filtr UV<\/strong> chroni\u0105cy przed s\u0142o\u0144cem.<\/p>\n<div id=\"attachment_4898\" style=\"width: 1034px\" class=\"wp-caption aligncenter\"><img loading=\"lazy\" decoding=\"async\" aria-describedby=\"caption-attachment-4898\" class=\"size-large wp-image-4898\" src=\"http:\/\/ranking-kosmetykow.pl\/wp-content\/uploads\/2018\/06\/Fotolia_191670565_Subscription_XXL-1024x682.jpg\" alt=\"\" width=\"1024\" height=\"682\" srcset=\"https:\/\/neness.pl\/blog\/wp-content\/uploads\/2018\/06\/Fotolia_191670565_Subscription_XXL-1024x682.jpg 1024w, https:\/\/neness.pl\/blog\/wp-content\/uploads\/2018\/06\/Fotolia_191670565_Subscription_XXL-300x200.jpg 300w, https:\/\/neness.pl\/blog\/wp-content\/uploads\/2018\/06\/Fotolia_191670565_Subscription_XXL-768x512.jpg 768w, https:\/\/neness.pl\/blog\/wp-content\/uploads\/2018\/06\/Fotolia_191670565_Subscription_XXL-1536x1024.jpg 1536w, https:\/\/neness.pl\/blog\/wp-content\/uploads\/2018\/06\/Fotolia_191670565_Subscription_XXL-1080x720.jpg 1080w, https:\/\/neness.pl\/blog\/wp-content\/uploads\/2018\/06\/Fotolia_191670565_Subscription_XXL-610x407.jpg 610w, https:\/\/neness.pl\/blog\/wp-content\/uploads\/2018\/06\/Fotolia_191670565_Subscription_XXL.jpg 2000w\" sizes=\"auto, (max-width: 1024px) 100vw, 1024px\" \/><p id=\"caption-attachment-4898\" class=\"wp-caption-text\">Fotolia #191670565 | Autor: puhhha<\/p><\/div>\n<h3>Sk\u00f3ra w ci\u0105gu dnia<\/h3>\n<p>Po kilku godzinach intensywnych dzia\u0142a\u0144 sk\u00f3ra mo\u017ce ju\u017c wyprodukowa\u0107 nadmiar serum, kt\u00f3re spowoduje nieestetyczne b\u0142yszczenie. To dobry moment, by u\u017cy\u0107 <strong>chusteczki<\/strong> lub <strong>bibu\u0142ki<\/strong> i delikatnie zmatowi\u0107 cer\u0119. Dzi\u0119ki temu makija\u017c d\u0142u\u017cej si\u0119 utrzyma, a sk\u00f3ra b\u0119dzie wygl\u0105da\u0142a zdrowo.<\/p>\n<h3>Posi\u0142ki maj\u0105 znaczenie<\/h3>\n<p>Nieprzyjemnym momentem dla sk\u00f3ry jest pora bezpo\u015brednio po posi\u0142ku. Wtedy uaktywniaj\u0105 si\u0119 procesy trawienne i organizm mniej ma zasob\u00f3w, by chroni\u0107 sk\u00f3r\u0119. Cera mo\u017ce w takich momentach potrzebowa\u0107 dodatkowych stara\u0144. Bardzo dobrze zrobi jej <strong>dotlenienie i nawil\u017cenie.<\/strong> To idealny moment, by wykorzysta\u0107 <strong>mgie\u0142k\u0119<\/strong> lub <strong>wod\u0119 termaln\u0105.<\/strong> Daj\u0105 one sk\u00f3rze zastrzyk nawil\u017cenia, kt\u00f3rego potrzebuje, ale s\u0105 \u0142atwe w u\u017cyciu i nie niszcz\u0105 makija\u017cu, dlatego z powodzeniem mo\u017cna ich u\u017cy\u0107 nawet w pracy.<\/p>\n<h3>Po po\u0142udniu<\/h3>\n<p>Oko\u0142o godziny 18 zwi\u0119ksza si\u0119 kr\u0105\u017cenie krwi. Wtedy sk\u00f3ra jest najlepiej przygotowana na wch\u0142oni\u0119cie cennych sk\u0142adnik\u00f3w, kt\u00f3re mo\u017cemy jej dostarczy\u0107. O tej godzinie mo\u017cna po\u0142o\u017cy\u0107 na twarz <strong>maseczk\u0119<\/strong> czy <strong>bogaty w witaminy krem regeneruj\u0105cy<\/strong> lub wybra\u0107 si\u0119 na wizyt\u0119 do kosmetyczki. To tak\u017ce moment, w kt\u00f3rym rozpoczyna si\u0119 ju\u017c powoli wydalanie nagromadzonych toksyn, dlatego warto o tej porze usun\u0105\u0107 makija\u017c z twarzy.<\/p>\n<h3>Sk\u00f3ra noc\u0105<\/h3>\n<p>Noc kojarzy nam si\u0119 z ut\u0119sknionym wypoczynkiem, ale nasza sk\u00f3ra dopiero wtedy zaczyna naprawd\u0119 ci\u0119\u017cko pracowa\u0107. To czas <strong>regeneracji, oczyszczania z toksyn<\/strong> i <strong>odbudowy.<\/strong> Dlatego to w\u0142a\u015bnie w nocy najcz\u0119\u015bciej pojawiaj\u0105 si\u0119 na twarzy nowe wypryski, a jej koloryt staje si\u0119 mniej estetyczny. Nie jest to jednak pow\u00f3d do zmartwie\u0144. To tylko \u015bwiadczy o tym, \u017ce nasza sk\u00f3ra pracuje odpowiednio i pozbywa si\u0119 szkodliwych dla siebie substancji. Proces regeneracji zako\u0144czy si\u0119 rano i po odpowiednim oczyszczeniu nasza cera zn\u00f3w b\u0119dzie wygl\u0105da\u0142a \u015bwie\u017co i promiennie.<\/p>\n","protected":false},"excerpt":{"rendered":"<p>Wszyscy wiemy, \u017ce sk\u00f3ra zmienia si\u0119 w ci\u0105gu lat czy wraz z porami roku. Zmiany s\u0105 wtedy widoczne \u2013 przybywa zmarszczek wraz z wiekiem, cera ciemnieje latem, a szarzeje, gdy jeste\u015bmy chorzy. Ale czy wiecie, \u017ce sk\u00f3ra zmienia si\u0119 tak\u017ce w ci\u0105gu doby? W zale\u017cno\u015bci od pory dnia ma inne potrzeby i jest nastawiona na [&hellip;]<\/p>\n","protected":false},"author":2,"featured_media":4897,"comment_status":"open","ping_status":"open","sticky":true,"template":"","format":"standard","meta":{"_et_pb_use_builder":"","_et_pb_old_content":"","_et_gb_content_width":"","footnotes":""},"categories":[185],"tags":[],"class_list":["post-4896","post","type-post","status-publish","format-standard","has-post-thumbnail","hentry","category-codzienna-pielegnacja","et-has-post-format-content","et_post_format-et-post-format-standard"],"_links":{"self":[{"href":"https:\/\/neness.pl\/blog\/wp-json\/wp\/v2\/posts\/4896","targetHints":{"allow":["GET"]}}],"collection":[{"href":"https:\/\/neness.pl\/blog\/wp-json\/wp\/v2\/posts"}],"about":[{"href":"https:\/\/neness.pl\/blog\/wp-json\/wp\/v2\/types\/post"}],"author":[{"embeddable":true,"href":"https:\/\/neness.pl\/blog\/wp-json\/wp\/v2\/users\/2"}],"replies":[{"embeddable":true,"href":"https:\/\/neness.pl\/blog\/wp-json\/wp\/v2\/comments?post=4896"}],"version-history":[{"count":0,"href":"https:\/\/neness.pl\/blog\/wp-json\/wp\/v2\/posts\/4896\/revisions"}],"wp:featuredmedia":[{"embeddable":true,"href":"https:\/\/neness.pl\/blog\/wp-json\/wp\/v2\/media\/4897"}],"wp:attachment":[{"href":"https:\/\/neness.pl\/blog\/wp-json\/wp\/v2\/media?parent=4896"}],"wp:term":[{"taxonomy":"category","embeddable":true,"href":"https:\/\/neness.pl\/blog\/wp-json\/wp\/v2\/categories?post=4896"},{"taxonomy":"post_tag","embeddable":true,"href":"https:\/\/neness.pl\/blog\/wp-json\/wp\/v2\/tags?post=4896"}],"curies":[{"name":"wp","href":"https:\/\/api.w.org\/{rel}","templated":true}]}}