{"id":4881,"date":"2018-06-21T09:48:27","date_gmt":"2018-06-21T07:48:27","guid":{"rendered":"http:\/\/ranking-kosmetykow.pl\/?p=4881"},"modified":"2018-06-21T09:48:27","modified_gmt":"2018-06-21T07:48:27","slug":"czy-kwas-azelainowy-pomaga-tylko-na-tradzik","status":"publish","type":"post","link":"https:\/\/neness.pl\/blog\/czy-kwas-azelainowy-pomaga-tylko-na-tradzik\/","title":{"rendered":"Czy kwas azelainowy pomaga tylko na tr\u0105dzik?"},"content":{"rendered":"<p>Kwas azelainowy znany jest ze swoich w\u0142a\u015bciwo\u015bci antybakteryjnych i przeciwzapalnych. Pomaga\u00a0 w regulacji pracy gruczo\u0142\u00f3w \u0142ojowych i odblokowuje ich uj\u015bcia. Dlatego wi\u0119kszo\u015b\u0107 os\u00f3b kojarzy go z walk\u0105 z tr\u0105dzikiem. W aptekach mo\u017cna kupi\u0107 ma\u015bci i kremy z t\u0105 substancj\u0105, mo\u017cna jednak tak\u017ce zdecydowa\u0107 si\u0119 na peeling z kwasem azelainowym w specjalistycznym salonie. Ma on jednak w\u0142a\u015bciwo\u015bci, kt\u00f3re sprawiaj\u0105, \u017ce sprawdza si\u0119 nie tylko w leczeniu tr\u0105dziku. Na co jeszcze mo\u017ce nam pom\u00f3c jego stosowanie?<!--more--><\/p>\n<h3>Pi\u0119kna cera o jednolitym kolorycie<\/h3>\n<p>Zabiegi z kwasem azelainowym pomagaj\u0105 w <strong>walce z przebarwieniami i bliznami.<\/strong> Chodzi tutaj nie tylko o niedoskona\u0142o\u015bci b\u0119d\u0105ce pozosta\u0142o\u015bciami po tr\u0105dziku, ale te\u017c blizny po oparzeniach czy przebarwienia po opalaniu. Sprawdza si\u0119 tak\u017ce w leczeniu choroby zwanej <strong>melanodermi\u0105<\/strong> lub <strong>ostud\u0105,<\/strong> kt\u00f3ra prowadzi do powstawania na sk\u00f3rze nieestetycznych plam, spowodowanych produkowaniem przez nasz organizm zbyt du\u017cej ilo\u015bci barwnika w sk\u00f3rze. Kwas azelainowy jest dobry tak\u017ce w leczeniu <strong>zapalenia mieszk\u00f3w w\u0142osowych,<\/strong> kt\u00f3re jest cz\u0119stym problemem kobiet po goleniu i depilacji.<\/p>\n<p>Jego g\u0142\u00f3wn\u0105 zalet\u0105 jest to, \u017ce rozja\u015bnia on tylko miejsca przebarwie\u0144, a s\u0142abo dzia\u0142a na sk\u00f3r\u0119 w\u0142a\u015bciwie zabarwion\u0105. Dzi\u0119ki temu mo\u017cemy by\u0107 pewni, \u017ce nasza sk\u00f3ra po zabiegu z kwasem alzeinowym b\u0119dzie mia\u0142a jednolity koloryt. Niew\u0105tpliwym plusem tego kwasu jest te\u017c fakt, \u017ce <strong>mo\u017cna go stosowa\u0107 przez ca\u0142y rok.<\/strong> Jest bardzo \u0142agodny, wi\u0119c kosmetyk\u00f3w, kt\u00f3re go zawieraj\u0105, mo\u017cna u\u017cywa\u0107 nawet wtedy, gdy nasza sk\u00f3ra jest nara\u017cona na dzia\u0142anie promieni s\u0142onecznych.<\/p>\n<div id=\"attachment_4859\" style=\"width: 1034px\" class=\"wp-caption aligncenter\"><img loading=\"lazy\" decoding=\"async\" aria-describedby=\"caption-attachment-4859\" class=\"size-large wp-image-4859\" src=\"http:\/\/ranking-kosmetykow.pl\/wp-content\/uploads\/2018\/06\/Fotolia_182539966_Subscription_XXL-1024x683.jpg\" alt=\"\" width=\"1024\" height=\"683\" \/><p id=\"caption-attachment-4859\" class=\"wp-caption-text\">Fotolia.com | #182539966 | Autor: Drobot Dean<\/p><\/div>\n<p>&nbsp;<\/p>\n<h3>Atopowe zapalenie sk\u00f3ry<\/h3>\n<p>\u0141agodne dzia\u0142anie kwasu azelainowy sprawia, \u017ce doskonale nadaje si\u0119 do sk\u00f3ry wra\u017cliwej, kt\u00f3r\u0105 \u0142atwo podra\u017cni\u0107. Dlatego te\u017c dobrze sprawdza si\u0119 on tak\u017ce w leczeniu atopowego zapalenia sk\u00f3ry. Kluczowe s\u0105 tutaj jego w\u0142a\u015bciwo\u015bci <strong>bakteriob\u00f3jcze<\/strong> i <strong>przeciwzapalne.<\/strong><\/p>\n<h3>Inne zastosowania<\/h3>\n<p>Kwas azelainowy jest wskazany tak\u017ce w innych przypadkach. Jest dobry dla os\u00f3b z rozszerzonymi porami i zask\u00f3rnikami. Pomaga te\u017c w piel\u0119gnacji sk\u00f3ry, kt\u00f3ra wymaga odm\u0142odzenia, gdy\u017c <strong>redukuje zmarszczki<\/strong> i <strong>cofa objawy fotostarzenia.<\/strong> Jego dzia\u0142anie przeciw\u0142ojotokowe sprawia, \u017ce mog\u0105 go stosowa\u0107 tak\u017ce posiadaczki sk\u00f3ry t\u0142ustej.<\/p>\n<h3>Przeciwwskazania<\/h3>\n<p>Kwas azelainowy nie b\u0119dzie jednak odpowiedni dla wszystkich. Przede wszystkim nie powinny stosowa\u0107 go kobiety w ci\u0105\u017cy i karmi\u0105ce. Kwasu tego nie stosuje si\u0119 te\u017c w przeci\u0105gu trzech miesi\u0119cy od przebycia zabiegu chirurgicznego, je\u015bli ma by\u0107 on na\u0142o\u017cony na miejsce, kt\u00f3re by\u0142o mu poddawane. Nie jest te\u017c polecany po zabiegu krioterapii.<\/p>\n","protected":false},"excerpt":{"rendered":"<p>Kwas azelainowy znany jest ze swoich w\u0142a\u015bciwo\u015bci antybakteryjnych i przeciwzapalnych. Pomaga\u00a0 w regulacji pracy gruczo\u0142\u00f3w \u0142ojowych i odblokowuje ich uj\u015bcia. Dlatego wi\u0119kszo\u015b\u0107 os\u00f3b kojarzy go z walk\u0105 z tr\u0105dzikiem. W aptekach mo\u017cna kupi\u0107 ma\u015bci i kremy z t\u0105 substancj\u0105, mo\u017cna jednak tak\u017ce zdecydowa\u0107 si\u0119 na peeling z kwasem azelainowym w specjalistycznym salonie. Ma on jednak [&hellip;]<\/p>\n","protected":false},"author":2,"featured_media":4882,"comment_status":"open","ping_status":"open","sticky":true,"template":"","format":"standard","meta":{"_et_pb_use_builder":"","_et_pb_old_content":"","_et_gb_content_width":"","footnotes":""},"categories":[185],"tags":[],"class_list":["post-4881","post","type-post","status-publish","format-standard","has-post-thumbnail","hentry","category-codzienna-pielegnacja","et-has-post-format-content","et_post_format-et-post-format-standard"],"_links":{"self":[{"href":"https:\/\/neness.pl\/blog\/wp-json\/wp\/v2\/posts\/4881","targetHints":{"allow":["GET"]}}],"collection":[{"href":"https:\/\/neness.pl\/blog\/wp-json\/wp\/v2\/posts"}],"about":[{"href":"https:\/\/neness.pl\/blog\/wp-json\/wp\/v2\/types\/post"}],"author":[{"embeddable":true,"href":"https:\/\/neness.pl\/blog\/wp-json\/wp\/v2\/users\/2"}],"replies":[{"embeddable":true,"href":"https:\/\/neness.pl\/blog\/wp-json\/wp\/v2\/comments?post=4881"}],"version-history":[{"count":0,"href":"https:\/\/neness.pl\/blog\/wp-json\/wp\/v2\/posts\/4881\/revisions"}],"wp:featuredmedia":[{"embeddable":true,"href":"https:\/\/neness.pl\/blog\/wp-json\/wp\/v2\/media\/4882"}],"wp:attachment":[{"href":"https:\/\/neness.pl\/blog\/wp-json\/wp\/v2\/media?parent=4881"}],"wp:term":[{"taxonomy":"category","embeddable":true,"href":"https:\/\/neness.pl\/blog\/wp-json\/wp\/v2\/categories?post=4881"},{"taxonomy":"post_tag","embeddable":true,"href":"https:\/\/neness.pl\/blog\/wp-json\/wp\/v2\/tags?post=4881"}],"curies":[{"name":"wp","href":"https:\/\/api.w.org\/{rel}","templated":true}]}}