{"id":4876,"date":"2018-06-20T15:01:59","date_gmt":"2018-06-20T13:01:59","guid":{"rendered":"http:\/\/ranking-kosmetykow.pl\/?p=4876"},"modified":"2018-06-20T15:01:59","modified_gmt":"2018-06-20T13:01:59","slug":"kosmetyki-do-makijazu-w-kremie-naturalny-efekt-na-lato","status":"publish","type":"post","link":"https:\/\/neness.pl\/blog\/kosmetyki-do-makijazu-w-kremie-naturalny-efekt-na-lato\/","title":{"rendered":"Kosmetyki do makija\u017cu w kremie \u2013 naturalny efekt na lato"},"content":{"rendered":"<p>Letnie upa\u0142y nie rozpieszczaj\u0105 os\u00f3b, kt\u00f3re chc\u0105 zadba\u0107 o doskona\u0142y makija\u017c w ci\u0105gu dnia. Wysokie temperatury sprawiaj\u0105, \u017ce ci\u0119\u017cki podk\u0142ad i puder roluj\u0105 si\u0119, cienie sp\u0142ywaj\u0105, a twarz po kilku godzinach na s\u0142o\u0144cu wygl\u0105da mniej estetycznie. Dlatego te\u017c warto pomy\u015ble\u0107 o innym rozwi\u0105zaniu makija\u017cowym \u2013 o kosmetykach w kremie.<!--more--><\/p>\n<p>Kosmetyki w kremie maj\u0105 t\u0119 zalet\u0119, \u017ce s\u0105 du\u017co l\u017cejsze ni\u017c tradycyjne produkty do makija\u017cu i <strong>\u0142atwiej si\u0119 rozprowadzaj\u0105,<\/strong> Ich delikatna konsystencja sprawia, \u017ce twarz nimi pomalowana wydaje si\u0119 \u015bwie\u017ca i promienna. Ale jakie kosmetyki w kremie mo\u017cna w\u0142a\u015bciwie kupi\u0107?<\/p>\n<h3>Po pierwsze \u2013 krem BB<\/h3>\n<p>Krem BB nie jest nowo\u015bci\u0105 na rynku. Powsta\u0142 w latach 60. XX wieku i pocz\u0105tkowo mia\u0142 pomaga\u0107 w \u0142agodzeniu podra\u017cnie\u0144 sk\u00f3ry i kamuflowaniu niedoskona\u0142o\u015bci pojawiaj\u0105cych si\u0119 po zabiegach chirurgicznych. Jednak jego lekka wielofunkcyjna formu\u0142a szybko sprawi\u0142a, \u017ce zast\u0105pi\u0142 tradycyjne kosmetyki do makija\u017cu. Pocz\u0105tkowo kosmetyk ten zyska\u0142 wyj\u0105tkow\u0105 popularno\u015b\u0107 w Azji, jednak obecnie jest te\u017c obecny r\u00f3wnie\u017c na rynku europejskim. Krem BB ma bowiem wiele zalet. Przede wszystkim jest <strong>wielofunkcyjny.<\/strong> <strong>Nawil\u017ca sk\u00f3r\u0119,<\/strong> dlatego z powodzeniem mo\u017ce <strong>zast\u0105pi\u0107 krem pod makija\u017c.<\/strong> Opr\u00f3cz tego <strong>ma tak\u017ce filtr UV,<\/strong> wi\u0119c automatycznie chroni sk\u00f3r\u0119 przed s\u0142o\u0144cem. Latem jest to szczeg\u00f3lnie pomocne, gdy\u017c s\u0142o\u0144ce wyj\u0105tkowo mocno wp\u0142ywa na stan naszej sk\u00f3ry. A opr\u00f3cz tego oczywi\u015bcie kryje niedoskona\u0142o\u015bci, dlatego te\u017c \u015bwietnie zast\u0119puje tradycyjny podk\u0142ad. Ten produkt idealnie sprawdzi si\u0119 na upalne dni, a jego w\u0142a\u015bciwo\u015bci piel\u0119gnacyjne sprawi\u0105, \u017ce twarz przez ca\u0142y dzie\u0144 b\u0119dzie wygl\u0105da\u0107 bardzo dobrze.<\/p>\n<div id=\"attachment_4878\" style=\"width: 310px\" class=\"wp-caption aligncenter\"><a href=\"https:\/\/neness.pl\/kosmetyki\/twarz\/podklady_i_pudry\/dermacol_bb_magic_beauty_cream_8in1_fair.html\"><img loading=\"lazy\" decoding=\"async\" aria-describedby=\"caption-attachment-4878\" class=\"wp-image-4878\" src=\"http:\/\/ranking-kosmetykow.pl\/wp-content\/uploads\/2018\/06\/2bec3d0d135816fc268c1a84776364b8.jpg\" alt=\"\" width=\"300\" height=\"400\" srcset=\"https:\/\/neness.pl\/blog\/wp-content\/uploads\/2018\/06\/2bec3d0d135816fc268c1a84776364b8.jpg 750w, https:\/\/neness.pl\/blog\/wp-content\/uploads\/2018\/06\/2bec3d0d135816fc268c1a84776364b8-225x300.jpg 225w, https:\/\/neness.pl\/blog\/wp-content\/uploads\/2018\/06\/2bec3d0d135816fc268c1a84776364b8-610x813.jpg 610w\" sizes=\"auto, (max-width: 300px) 100vw, 300px\" \/><\/a><p id=\"caption-attachment-4878\" class=\"wp-caption-text\">Dermacol BB Magic Beauty Cream 8in1 Fair \/ 21,99 z\u0142<\/p><\/div>\n<h3>Po drugie \u2013 cienie w kremie<\/h3>\n<p>Cienie o kremowej konsystencji r\u00f3wnie\u017c maj\u0105 wiele zalet. Przede wszystkim u\u017cywanie ich pozwala zaoszcz\u0119dzi\u0107 wiele czasu, a wszyscy wiemy, \u017ce rano cenna jest dla nas ka\u017cda minuta. Cienie takie <strong>mo\u017cna nak\u0142ada\u0107 bez specjalistycznych narz\u0119dzi<\/strong> \u2013 wystarczy nabra\u0107 troch\u0119 produktu na opuszk\u0119 palca. Dlatego mo\u017cna je nak\u0142ada\u0107 nawet w sytuacjach ekstremalnych, gdy nie mamy odpowiednich warunk\u00f3w, by zrobi\u0107 idealny makija\u017c. Nie musz\u0105 one by\u0107 na\u0142o\u017cone perfekcyjne. Nawet je\u015bli si\u0119 lekko rozmarz\u0105, nic nie szkodzi. To tylko sprawia, \u017ce efekt b\u0119dzie bardziej naturalny. Po zaschni\u0119ciu za\u015b cienie te pozostaj\u0105 na swoim miejscu przez ca\u0142y dzie\u0144. Dodatkowym atutem jest, \u017ce cienie te po czasie <strong>nie zmieniaj\u0105 swojego koloru.<\/strong><\/p>\n<div id=\"attachment_4879\" style=\"width: 310px\" class=\"wp-caption aligncenter\"><a href=\"https:\/\/neness.pl\/kosmetyki\/oczy\/cienie_do_powiek\/maybelline_cien_color_tattoo_10_fierce_and_tangy.html\"><img loading=\"lazy\" decoding=\"async\" aria-describedby=\"caption-attachment-4879\" class=\"wp-image-4879\" src=\"http:\/\/ranking-kosmetykow.pl\/wp-content\/uploads\/2018\/06\/0e40515074feab44e9334e3bb8d61626.png\" alt=\"\" width=\"300\" height=\"400\" srcset=\"https:\/\/neness.pl\/blog\/wp-content\/uploads\/2018\/06\/0e40515074feab44e9334e3bb8d61626.png 750w, https:\/\/neness.pl\/blog\/wp-content\/uploads\/2018\/06\/0e40515074feab44e9334e3bb8d61626-225x300.png 225w, https:\/\/neness.pl\/blog\/wp-content\/uploads\/2018\/06\/0e40515074feab44e9334e3bb8d61626-610x813.png 610w\" sizes=\"auto, (max-width: 300px) 100vw, 300px\" \/><\/a><p id=\"caption-attachment-4879\" class=\"wp-caption-text\"><\/strong> <strong>Maybelline Cie\u0144 Color Tattoo 10 Fierce and Tangy \/ 8,99 z\u0142<\/strong><\/p><\/div>\n<h3>Po trzecie \u2013 r\u00f3\u017c w kremie<\/h3>\n<p>Naturalnego rumie\u0144ca naszym policzkom mo\u017ce nada\u0107 r\u00f3\u017c w kremie. Sprawi on, \u017ce twarz b\u0119dzie pe\u0142na \u015bwie\u017co\u015bci i blasku. Jest dobr\u0105 alternatyw\u0105 dla r\u00f3\u017cu w kamieniu, gdy\u017c bardzo \u0142atwo si\u0119 go nak\u0142ada. Jego nadmiar bardzo prosto mo\u017cna zamaskowa\u0107 podk\u0142adem lub rozetrze\u0107. Opr\u00f3cz tego jest te\u017c wielofunkcyjny. Mo\u017cna nak\u0142ada\u0107 go nie tylko na policzki, ale te\u017c <strong>wykona\u0107 nim makija\u017c ust i powiek.<\/strong><\/p>\n<p>Te produkty o wyj\u0105tkowo lekkiej konsystencji z pewno\u015bci\u0105 idealnie sprawdz\u0105 si\u0119 latem. Warto rozwa\u017cy\u0107 kupno tych kosmetyk\u00f3w i sprawi\u0107, \u017ce nasza twarz b\u0119dzie promienna i pi\u0119kna nawet podczas najwi\u0119kszych upa\u0142\u00f3w.<\/p>\n","protected":false},"excerpt":{"rendered":"<p>Letnie upa\u0142y nie rozpieszczaj\u0105 os\u00f3b, kt\u00f3re chc\u0105 zadba\u0107 o doskona\u0142y makija\u017c w ci\u0105gu dnia. Wysokie temperatury sprawiaj\u0105, \u017ce ci\u0119\u017cki podk\u0142ad i puder roluj\u0105 si\u0119, cienie sp\u0142ywaj\u0105, a twarz po kilku godzinach na s\u0142o\u0144cu wygl\u0105da mniej estetycznie. Dlatego te\u017c warto pomy\u015ble\u0107 o innym rozwi\u0105zaniu makija\u017cowym \u2013 o kosmetykach w kremie.<\/p>\n","protected":false},"author":2,"featured_media":4877,"comment_status":"open","ping_status":"open","sticky":true,"template":"","format":"standard","meta":{"_et_pb_use_builder":"","_et_pb_old_content":"","_et_gb_content_width":"","footnotes":""},"categories":[41],"tags":[],"class_list":["post-4876","post","type-post","status-publish","format-standard","has-post-thumbnail","hentry","category-olsniewaj-makijazem","et-has-post-format-content","et_post_format-et-post-format-standard"],"_links":{"self":[{"href":"https:\/\/neness.pl\/blog\/wp-json\/wp\/v2\/posts\/4876","targetHints":{"allow":["GET"]}}],"collection":[{"href":"https:\/\/neness.pl\/blog\/wp-json\/wp\/v2\/posts"}],"about":[{"href":"https:\/\/neness.pl\/blog\/wp-json\/wp\/v2\/types\/post"}],"author":[{"embeddable":true,"href":"https:\/\/neness.pl\/blog\/wp-json\/wp\/v2\/users\/2"}],"replies":[{"embeddable":true,"href":"https:\/\/neness.pl\/blog\/wp-json\/wp\/v2\/comments?post=4876"}],"version-history":[{"count":0,"href":"https:\/\/neness.pl\/blog\/wp-json\/wp\/v2\/posts\/4876\/revisions"}],"wp:featuredmedia":[{"embeddable":true,"href":"https:\/\/neness.pl\/blog\/wp-json\/wp\/v2\/media\/4877"}],"wp:attachment":[{"href":"https:\/\/neness.pl\/blog\/wp-json\/wp\/v2\/media?parent=4876"}],"wp:term":[{"taxonomy":"category","embeddable":true,"href":"https:\/\/neness.pl\/blog\/wp-json\/wp\/v2\/categories?post=4876"},{"taxonomy":"post_tag","embeddable":true,"href":"https:\/\/neness.pl\/blog\/wp-json\/wp\/v2\/tags?post=4876"}],"curies":[{"name":"wp","href":"https:\/\/api.w.org\/{rel}","templated":true}]}}