{"id":4862,"date":"2018-06-15T10:43:34","date_gmt":"2018-06-15T08:43:34","guid":{"rendered":"http:\/\/ranking-kosmetykow.pl\/?p=4862"},"modified":"2018-06-15T10:43:34","modified_gmt":"2018-06-15T08:43:34","slug":"wakacje-kosmetyki","status":"publish","type":"post","link":"https:\/\/neness.pl\/blog\/wakacje-kosmetyki\/","title":{"rendered":"Wakacyjny wyjazd \u2013 niezb\u0119dne kosmetyki do piel\u0119gnacji"},"content":{"rendered":"<p>Wraz ze zbli\u017caj\u0105cymi si\u0119 wakacjami, ka\u017cdy zastanawia si\u0119\u00a0nad tym, jakie kosmetyki do piel\u0119gnacji sk\u00f3ry spakowa\u0107 w wakacyjn\u0105 kosmetyczk\u0119. Dba\u0142o\u015b\u0107 o cia\u0142o jest niezwykle wa\u017cna, a w sezonie letnim szczeg\u00f3lnie istotna. S\u0142o\u0144ce powoduje, \u017ce sk\u00f3ra staje si\u0119 sucha, cz\u0119sto te\u017c zaczerwieniona. Odpowiednie kosmetyki do piel\u0119gnacji stanowi\u0105 istotny element codziennej troski o swoje cia\u0142o. Co stosowa\u0107? Na co stawia\u0107? Kt\u00f3re kosmetyki wybiera\u0107?<\/p>\n<p><!--more--><\/p>\n<p>Najwa\u017cniejsz\u0105 kwesti\u0119 stanowi odpowiedni dob\u00f3r produkt\u00f3w. To, co spakujemy w kosmetyczk\u0119, jest niezwykle wa\u017cnym elementem, do kt\u00f3rego trzeba si\u0119 w pe\u0142ni przygotowa\u0107. <strong>Kremy do opalania i po opalaniu, z odpowiednimi filtrami, balsamy do piel\u0119gnacji i do nawil\u017cania, kremy do twarzy<\/strong> i szereg innego rodzaju kosmetyk\u00f3w.<\/p>\n<h3>Kosmetyki z filtrami UV<\/h3>\n<p>Kwesti\u0105 nadrz\u0119dn\u0105 w okresie letnim, szczeg\u00f3lnie podczas wakacyjnych wyjazd\u00f3w, s\u0105 <strong>kremy z filtrami UV<\/strong>. Tak wa\u017cn\u0105 rol\u0119 stanowi dobra ochrona przed promieniami s\u0142onecznymi. Oczywi\u015bcie, skoro lato, to s\u0142o\u0144ce jest tutaj numerem jeden. Pi\u0119knie opalone cia\u0142a, cudowny wygl\u0105d, u\u015bmiech na twarzy i wiatr we w\u0142osach to najcz\u0119\u015bciej spotykany widok. Aby jednak cieszy\u0107 si\u0119 pi\u0119kn\u0105 sk\u00f3r\u0105 ka\u017cdego dnia bez negatywnych efekt\u00f3w, podstaw\u0105 s\u0105 kremy z filtrami UV. Powinno si\u0119 je dobiera\u0107 adekwatnie do swojej cery. Osoby, kt\u00f3re maj\u0105 jasn\u0105 karnacj\u0119 i ka\u017cda ilo\u015b\u0107 s\u0142o\u0144ca potrafi sk\u00f3r\u0119 poparzy\u0107, warto wybra\u0107 kremy z wysokimi filtrami, tak, aby si\u0119 opali\u0107, ale nie przypiec i tym samym nie zepsu\u0107 sobie wakacyjnego urlopu.<\/p>\n<h3>Odpowiednie nawil\u017canie cia\u0142a<\/h3>\n<p>Kolejnym elementem s\u0105 <strong>kremy i balsamy nawil\u017caj\u0105ce<\/strong>. Warto stosowa\u0107 je zar\u00f3wno na dzie\u0144, jak r\u00f3wnie\u017c i na noc. Latem sk\u00f3ra jest bardzo sucha i zdecydowanie bardziej os\u0142abiona. Aby zapewni\u0107 jej odpowiedni\u0105 kondycj\u0119, warto stawia\u0107 na stosowne jej nawil\u017cenie, a nic tak jak dobre kremy i balsamy nie jestw stanie tego zagwarantowa\u0107. Dodatkowo r\u00f3wnie\u017c nale\u017cy pami\u0119ta\u0107 o ustach, kt\u00f3re za s\u0142o\u0144cem nie przepadaj\u0105. Odpowiednie dla nich balsamy na lato to rzecz pierwszorz\u0119dna.<\/p>\n<h3>Nie zapominajmy o kosmetykach do w\u0142os\u00f3w<\/h3>\n<p>M\u00f3wi\u0105c o kosmetykach, nie mo\u017cna tak\u017ce zapomnie\u0107 o w\u0142osach. Aby nadal cieszy\u0142y si\u0119 pi\u0119knym wygl\u0105dem, powinni\u015bmy wybiera\u0107 <strong>odpowiednie od\u017cywki i stawia\u0107 na oliwki na przesuszaj\u0105ce si\u0119 ko\u0144c\u00f3wki<\/strong>. S\u0142o\u0144ce potrafi r\u00f3wnie\u017c wyrz\u0105dzi\u0107 w\u0142osom wielk\u0105 krzywd\u0119, dlatego te\u017c nie mo\u017cna pod \u017cadnym wzgl\u0119dem o nich zapomina\u0107.<\/p>\n<p>Im lepiej spakujemy wakacyjn\u0105 kosmetyczk\u0119, tym nasze wakacje b\u0119d\u0105 bardziej udane. Drobne rzeczy, a tak bardzo mog\u0105 wp\u0142yn\u0105\u0107 na nasz wygl\u0105d, dobre samopoczucie i cia\u0142o, kt\u00f3re b\u0119dzie jak najd\u0142u\u017cej pi\u0119kne i m\u0142ode.<\/p>\n","protected":false},"excerpt":{"rendered":"<p>Wraz ze zbli\u017caj\u0105cymi si\u0119 wakacjami, ka\u017cdy zastanawia si\u0119\u00a0nad tym, jakie kosmetyki do piel\u0119gnacji sk\u00f3ry spakowa\u0107 w wakacyjn\u0105 kosmetyczk\u0119. Dba\u0142o\u015b\u0107 o cia\u0142o jest niezwykle wa\u017cna, a w sezonie letnim szczeg\u00f3lnie istotna. S\u0142o\u0144ce powoduje, \u017ce sk\u00f3ra staje si\u0119 sucha, cz\u0119sto te\u017c zaczerwieniona. Odpowiednie kosmetyki do piel\u0119gnacji stanowi\u0105 istotny element codziennej troski o swoje cia\u0142o. Co stosowa\u0107? Na [&hellip;]<\/p>\n","protected":false},"author":2,"featured_media":4863,"comment_status":"open","ping_status":"open","sticky":true,"template":"","format":"standard","meta":{"_et_pb_use_builder":"","_et_pb_old_content":"","_et_gb_content_width":"","footnotes":""},"categories":[185],"tags":[],"class_list":["post-4862","post","type-post","status-publish","format-standard","has-post-thumbnail","hentry","category-codzienna-pielegnacja","et-has-post-format-content","et_post_format-et-post-format-standard"],"_links":{"self":[{"href":"https:\/\/neness.pl\/blog\/wp-json\/wp\/v2\/posts\/4862","targetHints":{"allow":["GET"]}}],"collection":[{"href":"https:\/\/neness.pl\/blog\/wp-json\/wp\/v2\/posts"}],"about":[{"href":"https:\/\/neness.pl\/blog\/wp-json\/wp\/v2\/types\/post"}],"author":[{"embeddable":true,"href":"https:\/\/neness.pl\/blog\/wp-json\/wp\/v2\/users\/2"}],"replies":[{"embeddable":true,"href":"https:\/\/neness.pl\/blog\/wp-json\/wp\/v2\/comments?post=4862"}],"version-history":[{"count":0,"href":"https:\/\/neness.pl\/blog\/wp-json\/wp\/v2\/posts\/4862\/revisions"}],"wp:featuredmedia":[{"embeddable":true,"href":"https:\/\/neness.pl\/blog\/wp-json\/wp\/v2\/media\/4863"}],"wp:attachment":[{"href":"https:\/\/neness.pl\/blog\/wp-json\/wp\/v2\/media?parent=4862"}],"wp:term":[{"taxonomy":"category","embeddable":true,"href":"https:\/\/neness.pl\/blog\/wp-json\/wp\/v2\/categories?post=4862"},{"taxonomy":"post_tag","embeddable":true,"href":"https:\/\/neness.pl\/blog\/wp-json\/wp\/v2\/tags?post=4862"}],"curies":[{"name":"wp","href":"https:\/\/api.w.org\/{rel}","templated":true}]}}