{"id":4845,"date":"2018-06-04T13:45:56","date_gmt":"2018-06-04T11:45:56","guid":{"rendered":"http:\/\/ranking-kosmetykow.pl\/?p=4845"},"modified":"2018-06-04T13:45:56","modified_gmt":"2018-06-04T11:45:56","slug":"zel-aloesowy-na-co-go-stosowac","status":"publish","type":"post","link":"https:\/\/neness.pl\/blog\/zel-aloesowy-na-co-go-stosowac\/","title":{"rendered":"\u017bel aloesowy &#8211; na co go stosowa\u0107?"},"content":{"rendered":"<p>\u017bel aloesowy to niezwykle uniwersalny kosmetyk, kt\u00f3ry \u015bwietnie sprawdzi si\u0119 w \u0142azience ka\u017cdej z nas. Je\u015bli do tej pory nie mia\u0142a\u015b do czynienia w\u0142a\u015bnie z tym kosmetykiem, najwy\u017cszy czas to zmieni\u0107, bo jego uniwersalno\u015b\u0107 i szerokie zastosowanie sprawia, \u017ce mo\u017cemy nazwa\u0107 go po prostu kosmetykiem idealnym! Oto zaledwie kilka sposob\u00f3w na to, jak wykorzysta\u0107 \u017cel aloesowy \u2013 zach\u0119camy do lektury!<!--more--><\/p>\n<h3><strong>1. Dodatek do maseczek<\/strong><\/h3>\n<p>\u017bel aloesowy to doskona\u0142e uzupe\u0142nienie maseczek. O tym, jakie w\u0142a\u015bciwo\u015bci ma ta ro\u015blina, pisali\u015bmy ju\u017c w jednym z naszych poprzednich wpis\u00f3w. Wi\u0119cej na ten temat <a href=\"http:\/\/ranking-kosmetykow.pl\/2017\/09\/15\/aloes-w-kosmetykach\/\">mo\u017cna przeczyta\u0107 tutaj<\/a>. Przygotowuj\u0105c domow\u0105 maseczk\u0119, mo\u017cesz skorzysta\u0107 z nawil\u017caj\u0105cych w\u0142a\u015bciwo\u015bci aloesu i kilka kropli \u017celu doda\u0107 do mieszanki, kt\u00f3r\u0105 planujesz na\u0142o\u017cy\u0107 na twarz. \u015awietnie zast\u0105pi on wod\u0119 lub olejek, ukoi sk\u00f3r\u0119 i wzmocni dzia\u0142anie pozosta\u0142ych sk\u0142adnik\u00f3w.<\/p>\n<h3><strong>2. Aloes na w\u0142osy<\/strong><\/h3>\n<p>Podobnie, jak w przypadku maseczek do twarzy, aloes doskonale sprawdza si\u0119 tak\u017ce jako dodatkowe nawil\u017cenie w\u0142os\u00f3w. Odrobin\u0119 \u017celu mo\u017cemy bowiem doda\u0107 do od\u017cywki lub maski do w\u0142os\u00f3w albo zastosowa\u0107 samodzielnie. Po umyciu i delikatnym osuszeniu na\u0142\u00f3\u017c wi\u0119c \u017cel aloesowy na w\u0142osy i pozostaw na co najmniej p\u00f3\u0142 godziny. Po tym czasie sp\u0142ucz i rozczesz w\u0142osy.<\/p>\n<h3><strong>3. Po opalaniu<\/strong><\/h3>\n<p>\u017bel aloesowy to idealny kosmetyk na lato. Sch\u0142odzony w lod\u00f3wce zadzia\u0142a \u0142agodz\u0105co na sk\u00f3r\u0119 po opalaniu, a tak\u017ce nawil\u017cy j\u0105 i przyniesie ulg\u0119. Ponadto z\u0142agodzi te\u017c miejsca po uk\u0105szeniach owad\u00f3w, a tak\u017ce podra\u017cnion\u0105 sk\u00f3r\u0119 po depilacji. Ten kosmetyk powinien znale\u017a\u0107 si\u0119 w ka\u017cdym wakacyjnym baga\u017cu. Ponadto jego niew\u0105tpliw\u0105 zalet\u0105 jest tak\u017ce to, \u017ce b\u0142yskawicznie si\u0119 wch\u0142ania, wi\u0119c ju\u017c chwil\u0119 po jego na\u0142o\u017ceniu mo\u017cemy si\u0119 ubra\u0107.<\/p>\n<h3><strong>4. Aloes a rany<\/strong><\/h3>\n<p>W artykule na temat aloesu wspominali\u015bmy ju\u017c, \u017ce posiada on tak\u017ce w\u0142a\u015bciwo\u015bci regeneruj\u0105ce. Dlatego te\u017c \u017cel aloesowy \u015bwietnie sprawdzi si\u0119 w leczeniu otar\u0107 i drobnych skalecze\u0144. Co wi\u0119cej, w tym wypadku warto tak\u017ce zastosowa\u0107 w\u0142a\u015bciwo\u015bci wybielaj\u0105ce aloesu \u2013 dzia\u0142a on rozja\u015bniaj\u0105co na blizny i przebarwienia, cho\u0107 trzeba go stosowa\u0107 systematycznie przez co najmniej 4 tygodnie.<\/p>\n<h3><strong>5. \u017bel aloesowy pod makija\u017c?<\/strong><\/h3>\n<p>Tak! \u017bel aloesowy \u015bwietnie sprawdza si\u0119 jako zamiennik kremu nawil\u017caj\u0105cego i bazy pod makija\u017c. Wiele z nas na co dzie\u0144 boryka si\u0119 z problemem zapychania por\u00f3w przez kosmetyki. Na szcz\u0119\u015bcie mo\u017cemy je zast\u0105pi\u0107 \u017celem aloesowym, kt\u00f3ry wch\u0142ania si\u0119 b\u0142yskawicznie, jest bardzo lekki i nawil\u017ca, mo\u017cna wi\u0119c nim z powodzeniem zast\u0105pi\u0107 krem. Ponadto cera jest te\u017c wyg\u0142adzona, dzi\u0119ki czemu makija\u017c lepiej si\u0119 nak\u0142ada i utrzymuje.<\/p>\n<h3><strong>6. Aloes a opuchlizna pod oczami<\/strong><\/h3>\n<p>Je\u015bli ju\u017c trzymacie \u017cel aloesowy w lod\u00f3wce na wypadek poparzenia s\u0142onecznego, warto skorzysta\u0107 z niego w jeszcze innym celu. Wklepanie odrobiny sch\u0142odzonego \u017celu aloesowego po oczy sprawi, \u017ce opuchlizna w mgnieniu oka stanie si\u0119 mniejsza, a cienie si\u0119 rozja\u015bni\u0105.<\/p>\n<p>W dzisiejszym wpisie wymienili\u015bmy zaledwie kilka mo\u017cliwych zastosowa\u0144 \u017celu aloesowego, ale zapewniamy, \u017ce jest ich znacznie wi\u0119cej. Dlatego te\u017c zach\u0119camy Was do samodzielnego eksperymentowania z tym \u015bwietnym kosmetykiem. Polecamy!<\/p>\n","protected":false},"excerpt":{"rendered":"<p>\u017bel aloesowy to niezwykle uniwersalny kosmetyk, kt\u00f3ry \u015bwietnie sprawdzi si\u0119 w \u0142azience ka\u017cdej z nas. Je\u015bli do tej pory nie mia\u0142a\u015b do czynienia w\u0142a\u015bnie z tym kosmetykiem, najwy\u017cszy czas to zmieni\u0107, bo jego uniwersalno\u015b\u0107 i szerokie zastosowanie sprawia, \u017ce mo\u017cemy nazwa\u0107 go po prostu kosmetykiem idealnym! Oto zaledwie kilka sposob\u00f3w na to, jak wykorzysta\u0107 \u017cel [&hellip;]<\/p>\n","protected":false},"author":2,"featured_media":4846,"comment_status":"open","ping_status":"open","sticky":false,"template":"","format":"standard","meta":{"_et_pb_use_builder":"","_et_pb_old_content":"","_et_gb_content_width":"","footnotes":""},"categories":[185],"tags":[],"class_list":["post-4845","post","type-post","status-publish","format-standard","has-post-thumbnail","hentry","category-codzienna-pielegnacja","et-has-post-format-content","et_post_format-et-post-format-standard"],"_links":{"self":[{"href":"https:\/\/neness.pl\/blog\/wp-json\/wp\/v2\/posts\/4845","targetHints":{"allow":["GET"]}}],"collection":[{"href":"https:\/\/neness.pl\/blog\/wp-json\/wp\/v2\/posts"}],"about":[{"href":"https:\/\/neness.pl\/blog\/wp-json\/wp\/v2\/types\/post"}],"author":[{"embeddable":true,"href":"https:\/\/neness.pl\/blog\/wp-json\/wp\/v2\/users\/2"}],"replies":[{"embeddable":true,"href":"https:\/\/neness.pl\/blog\/wp-json\/wp\/v2\/comments?post=4845"}],"version-history":[{"count":0,"href":"https:\/\/neness.pl\/blog\/wp-json\/wp\/v2\/posts\/4845\/revisions"}],"wp:featuredmedia":[{"embeddable":true,"href":"https:\/\/neness.pl\/blog\/wp-json\/wp\/v2\/media\/4846"}],"wp:attachment":[{"href":"https:\/\/neness.pl\/blog\/wp-json\/wp\/v2\/media?parent=4845"}],"wp:term":[{"taxonomy":"category","embeddable":true,"href":"https:\/\/neness.pl\/blog\/wp-json\/wp\/v2\/categories?post=4845"},{"taxonomy":"post_tag","embeddable":true,"href":"https:\/\/neness.pl\/blog\/wp-json\/wp\/v2\/tags?post=4845"}],"curies":[{"name":"wp","href":"https:\/\/api.w.org\/{rel}","templated":true}]}}