{"id":4838,"date":"2018-06-04T13:32:18","date_gmt":"2018-06-04T11:32:18","guid":{"rendered":"http:\/\/ranking-kosmetykow.pl\/?p=4838"},"modified":"2018-06-04T13:32:18","modified_gmt":"2018-06-04T11:32:18","slug":"co-warto-wiedziec-o-dacie-waznosci-kosmetykow","status":"publish","type":"post","link":"https:\/\/neness.pl\/blog\/co-warto-wiedziec-o-dacie-waznosci-kosmetykow\/","title":{"rendered":"Co warto wiedzie\u0107 o dacie wa\u017cno\u015bci kosmetyk\u00f3w?"},"content":{"rendered":"<p>Data wa\u017cno\u015bci kosmetyk\u00f3w jest kwesti\u0105 niezwykle istotn\u0105, je\u017celi chodzi o ich ca\u0142kowicie bezpieczne u\u017cywanie. Na opakowaniach jest ona cz\u0119sto zakodowana i znajduje si\u0119 w ma\u0142o widocznym miejscu. Warto mie\u0107 rozeznanie w tym temacie, by unikn\u0105\u0107 kupowania kosmetyk\u00f3w przeterminowanych. Mowa tu nie tylko o dacie od momentu ich otwarcia, ale r\u00f3wnie\u017c o dacie przydatno\u015bci do u\u017cycia.<\/p>\n<p><!--more--> Wiele os\u00f3b zdaje sobie spraw\u0119 z tego, \u017ce kosmetyki, podobnie jak produkty spo\u017cywcze, maj\u0105 okre\u015blon\u0105 dat\u0119 wa\u017cno\u015bci, jednak\u017ce ma\u0142o os\u00f3b si\u0119 do niej stosuje. Jest to b\u0142\u0105d, kt\u00f3rego nale\u017cy unika\u0107. Tyczy si\u0119 to nie tylko krem\u00f3w, czy balsam\u00f3w, ale r\u00f3wnie\u017c innych kosmetyk\u00f3w, takich jak \u017cele pod prysznic, maskary, puder, czy te\u017c pomadki.<\/p>\n<p>Na samym wst\u0119pie warto pozna\u0107 poj\u0119cie, jakim jest <strong>PAO (Period of Time After Opening)<\/strong>. Z t\u0142umaczenia j\u0119zyka angielskiego na j\u0119zyk polski &#8211; znak graficzny, jakim jest PAO, przedstawiony w postaci niewielkiego, otwartego s\u0142oika kremu, oznacza termin przydatno\u015bci do u\u017cycia po otwarciu danego kosmetyku. Symbol ten zosta\u0142 przyj\u0119ty przez wszystkie pa\u0144stwa Unii Europejskiej przy wsp\u00f3\u0142pracy z kosmetycznym przemys\u0142em. Okres ten mo\u017ce by\u0107 podawany zar\u00f3wno w miesi\u0105cach (przyk\u0142adowo: 2M, 10M) lub te\u017c latach (przyk\u0142adowo: 2Y, czyli 2 lata).<\/p>\n<p>Jednym z najwa\u017cniejszych zagro\u017ce\u0144 zwi\u0105zanych z trwa\u0142o\u015bci\u0105 kosmetyk\u00f3w s\u0105 mikroorganizmy. Nowoczesne sposoby ich produkcji, kt\u00f3re zgodne s\u0105 z zasadami <strong>Dobrej Praktyki Produkcji,\u00a0<\/strong>umo\u017cliwiaj\u0105 wytwarzanie produkt\u00f3w o nieco d\u0142u\u017cszych terminach przydatno\u015bci. Warto r\u00f3wnie\u017c wiedzie\u0107, \u017ce wysok\u0105 trwa\u0142o\u015b\u0107 gwarantuje przechowywanie kosmetyk\u00f3w w oryginalnym opakowaniu. Wraz z momentem pierwszego ich u\u017cycia oraz w okresie dalszego stosowania, warunki przechowywania nieco si\u0119 zmieniaj\u0105. W wielu przypadkach kosmetyki cz\u0119sto nara\u017cane s\u0105 na kontakty z mikroorganizmami pochodz\u0105cymi zar\u00f3wno ze sk\u00f3ry, jak i z otoczenia. W przypadku tego typu produkt\u00f3w szczeg\u00f3lnie istotne jest przestrzeganie zalecanego okresu u\u017cywalno\u015bci danego kosmetyku po jego otwarciu.<\/p>\n<p>To, jak d\u0142ugo kosmetyki zachowaj\u0105 swoje pierwotne w\u0142a\u015bciwo\u015bci, zale\u017cy nie tylko od ich sk\u0142adu, ale r\u00f3wnie\u017c sposobu ich u\u017cytkowania. Nale\u017cy przestrzega\u0107 przede wszystkim zasad higieny, bo w przeciwnym razie dro\u017cd\u017ce, bakterie i ple\u015bnie przedostan\u0105 si\u0119 do kosmetyku i zaczn\u0105 si\u0119 w nim rozwija\u0107, co bardzo szybko doprowadzi do jego zepsucia. Aby wi\u0119c zmniejszy\u0107 liczb\u0119 mikroorganizm\u00f3w przenoszonych w trakcie nak\u0142adania kremu, warto stosowa\u0107 specjalne szpatu\u0142ki, pomadk\u0119 nak\u0142ada\u0107 przy u\u017cyciu p\u0119dzelka, a cienie do powiek przeznaczonym do tego p\u0119dzlem. Robi\u0105c makija\u017c palcami nale\u017cy pami\u0119ta\u0107 o wcze\u015bniejszym umyciu r\u0105k.<\/p>\n<p>Na \u017cywotno\u015b\u0107 kosmetyk\u00f3w ma wp\u0142yw tak\u017ce spos\u00f3b ich przechowywania. Powinny one znajdowa\u0107 si\u0119 w suchym i ch\u0142odnym miejscu, z dala od grzejnik\u00f3w oraz promieni s\u0142onecznych. Nie nale\u017cy zostawia\u0107 ich te\u017c otwartych przez d\u0142ugi czas, poniewa\u017c mog\u0105 one wyschn\u0105\u0107. Warto tak\u017ce zwraca\u0107 uwag\u0119 na spos\u00f3b przechowywania kosmetyk\u00f3w w sklepie \u2013 czy stoj\u0105 one na przegrzanych lampami p\u00f3\u0142kach? Czy zosta\u0142y \u015bci\u0105gni\u0119te z wystawy? To samo tyczy si\u0119 nabywania ich w kioskach, czy te\u017c bazarach, w kt\u00f3rych to ryzyko niew\u0142a\u015bciwego ich przechowywania jest bardzo du\u017ce.<\/p>\n","protected":false},"excerpt":{"rendered":"<p>Data wa\u017cno\u015bci kosmetyk\u00f3w jest kwesti\u0105 niezwykle istotn\u0105, je\u017celi chodzi o ich ca\u0142kowicie bezpieczne u\u017cywanie. Na opakowaniach jest ona cz\u0119sto zakodowana i znajduje si\u0119 w ma\u0142o widocznym miejscu. Warto mie\u0107 rozeznanie w tym temacie, by unikn\u0105\u0107 kupowania kosmetyk\u00f3w przeterminowanych. Mowa tu nie tylko o dacie od momentu ich otwarcia, ale r\u00f3wnie\u017c o dacie przydatno\u015bci do u\u017cycia.<\/p>\n","protected":false},"author":2,"featured_media":4843,"comment_status":"open","ping_status":"open","sticky":false,"template":"","format":"standard","meta":{"_et_pb_use_builder":"","_et_pb_old_content":"","_et_gb_content_width":"","footnotes":""},"categories":[185],"tags":[],"class_list":["post-4838","post","type-post","status-publish","format-standard","has-post-thumbnail","hentry","category-codzienna-pielegnacja","et-has-post-format-content","et_post_format-et-post-format-standard"],"_links":{"self":[{"href":"https:\/\/neness.pl\/blog\/wp-json\/wp\/v2\/posts\/4838","targetHints":{"allow":["GET"]}}],"collection":[{"href":"https:\/\/neness.pl\/blog\/wp-json\/wp\/v2\/posts"}],"about":[{"href":"https:\/\/neness.pl\/blog\/wp-json\/wp\/v2\/types\/post"}],"author":[{"embeddable":true,"href":"https:\/\/neness.pl\/blog\/wp-json\/wp\/v2\/users\/2"}],"replies":[{"embeddable":true,"href":"https:\/\/neness.pl\/blog\/wp-json\/wp\/v2\/comments?post=4838"}],"version-history":[{"count":0,"href":"https:\/\/neness.pl\/blog\/wp-json\/wp\/v2\/posts\/4838\/revisions"}],"wp:featuredmedia":[{"embeddable":true,"href":"https:\/\/neness.pl\/blog\/wp-json\/wp\/v2\/media\/4843"}],"wp:attachment":[{"href":"https:\/\/neness.pl\/blog\/wp-json\/wp\/v2\/media?parent=4838"}],"wp:term":[{"taxonomy":"category","embeddable":true,"href":"https:\/\/neness.pl\/blog\/wp-json\/wp\/v2\/categories?post=4838"},{"taxonomy":"post_tag","embeddable":true,"href":"https:\/\/neness.pl\/blog\/wp-json\/wp\/v2\/tags?post=4838"}],"curies":[{"name":"wp","href":"https:\/\/api.w.org\/{rel}","templated":true}]}}