{"id":4834,"date":"2018-05-31T18:40:36","date_gmt":"2018-05-31T16:40:36","guid":{"rendered":"http:\/\/ranking-kosmetykow.pl\/?p=4834"},"modified":"2018-05-31T18:40:36","modified_gmt":"2018-05-31T16:40:36","slug":"najlepsze-perfumy-na-lato","status":"publish","type":"post","link":"https:\/\/neness.pl\/blog\/najlepsze-perfumy-na-lato\/","title":{"rendered":"Najlepsze perfumy na lato"},"content":{"rendered":"<p>S\u0142o\u0144ce, pla\u017ca, wiatr we w\u0142osach, zwiewna sukienka, a w tym wszystkim i Ty &#8211; zakochana, rozpromieniona, pi\u0119kna i szcz\u0119\u015bliwa. Czy\u017c mo\u017cna chcie\u0107 czego\u015b wi\u0119cej? Do pe\u0142ni szcz\u0119\u015bcia brakuje\u00a0Ci tylko cudownego zapachu perfum, kt\u00f3re podkre\u015bl\u0105 Tw\u00f3j temperament, kt\u00f3re pozwol\u0105\u00a0Ci wyrazi\u0107 swoj\u0105 osob\u0119, kt\u00f3re sprawi\u0105, \u017ce tego lata b\u0119dziesz czu\u0142a si\u0119 ze sob\u0105 jeszcze lepiej, ni\u017c do tej pory. Perfumy damskie to obowi\u0105zkowe dodatki w ka\u017cdej torebce. Na pla\u017c\u0119, na wyj\u015bcie z ukochan\u0105 osob\u0105, do pracy, na co dzie\u0144\u2026 zawsze. Poprzez zapach wyra\u017casz siebie. On m\u00f3wi o Tobie, on wyra\u017ca wi\u0119cej, ni\u017c tysi\u0105ce s\u0142\u00f3w\u2026<!--more--><\/p>\n<h3>Perfumy musz\u0105 do Ciebie pasowa\u0107<\/h3>\n<p>Czy zdajesz sobie spraw\u0119 z tego, \u017ce dany rodzaj perfum na ka\u017cdej kobiecie b\u0119dzie pachnia\u0142 inaczej? Tak w\u0142a\u015bnie jest. Po\u0142\u0105czenie danego zapachu ze sk\u00f3r\u0105 kobiety tworzy zupe\u0142nie inny zapach, st\u0105d te\u017c tak cz\u0119sto s\u0142yszymy, \u017ce nie ka\u017cde perfumy damskie konkretnej marki pasuj\u0105 do ka\u017cdej kobiety. U jednej sprawdz\u0105 si\u0119 perfumy <strong>DKNY<\/strong>, u innej kobiety <strong>Lacoste<\/strong>, a u jeszcze innej <strong>Armani<\/strong>. Wszystko tak naprawd\u0119 jest kwesti\u0105 indywidualn\u0105 i w ka\u017cdym przypadku pachn\u0105 one zupe\u0142nie inaczej.<\/p>\n<h3>Jakie perfumy tego lata b\u0119d\u0105 w modzie?<\/h3>\n<p>Z ca\u0142\u0105 pewno\u015bci\u0105 ka\u017cda kobieta ma sw\u00f3j ulubiony zapach, kt\u00f3ry od lat jest tylko jej i nie wyobra\u017ca sobie zmiany. Idzie jednak lato, s\u0142o\u0144ce pozwala nam cieszy\u0107 si\u0119 pi\u0119knem ka\u017cdego dnia, mamy mn\u00f3stwo energii, my\u015blimy ju\u017c o wakacjach, a wi\u0119c mo\u017ce czas na delikatne zmiany? Tego lata w\u015br\u00f3d perfum damskich bardzo du\u017c\u0105 popularno\u015bci\u0105 cieszy\u0107 b\u0119d\u0105 si\u0119 takie marki, jak na przyk\u0142ad <strong>Bruno Banani<\/strong>, kt\u00f3re daj\u0105 \u015bwie\u017co\u015b\u0107, orze\u017awienie, a wi\u0119c prawdziwy powiew lata w najpi\u0119kniejszym wydaniu. Kolejn\u0105 opcj\u0105 jest niezniszczalny jak zawsze <strong>Calvin Klein<\/strong>, skierowany dla kobiet lubi\u0105cych podkre\u015bla\u0107 swoj\u0105 wyrazisto\u015b\u0107 i unikalno\u015b\u0107. Delikatne, ale zarazem i z charakterem, zmienne, jak zmienna potrafi by\u0107 ka\u017cda kobieta. Oczywi\u015bcie obowi\u0105zkow\u0105 opcj\u0105 tego lata, je\u015bli chodzi o perfumy damskie jest tak\u017ce marka <strong>Dolce&amp;Gabbana<\/strong> i jedyny w swoim rodzaju <strong>Versace<\/strong>, podkre\u015blaj\u0105cy elegancj\u0119 i luksus, idealny na wieczorne wyj\u015bcia, na du\u017ce imprezy, na momenty, w kt\u00f3rych chcesz si\u0119 poczu\u0107 jak prawdziwa dama.<\/p>\n<p>Niezale\u017cnie, czy siedzisz w domu, czy pracujesz zawodowo, jeste\u015b kobiet\u0105 sukcesu, matk\u0105, sprz\u0105taczk\u0105, czy sekretark\u0105, niezale\u017cnie, ile masz lat i co lubisz w \u017cyciu robi\u0107,<a href=\"https:\/\/neness.pl\/perfumy_damskie.html\"> perfumy damskie<\/a> to ulubione dodatki ka\u017cdej kobiety, bowiem nic tak jak one\u00a0nie stworzy wok\u00f3\u0142 Ciebie tej wyj\u0105tkowej aury, aury pe\u0142nej oryginalnych i pe\u0142nych lata zapach\u00f3w.<\/p>\n","protected":false},"excerpt":{"rendered":"<p>S\u0142o\u0144ce, pla\u017ca, wiatr we w\u0142osach, zwiewna sukienka, a w tym wszystkim i Ty &#8211; zakochana, rozpromieniona, pi\u0119kna i szcz\u0119\u015bliwa. Czy\u017c mo\u017cna chcie\u0107 czego\u015b wi\u0119cej? Do pe\u0142ni szcz\u0119\u015bcia brakuje\u00a0Ci tylko cudownego zapachu perfum, kt\u00f3re podkre\u015bl\u0105 Tw\u00f3j temperament, kt\u00f3re pozwol\u0105\u00a0Ci wyrazi\u0107 swoj\u0105 osob\u0119, kt\u00f3re sprawi\u0105, \u017ce tego lata b\u0119dziesz czu\u0142a si\u0119 ze sob\u0105 jeszcze lepiej, ni\u017c do [&hellip;]<\/p>\n","protected":false},"author":2,"featured_media":4835,"comment_status":"open","ping_status":"open","sticky":false,"template":"","format":"standard","meta":{"_et_pb_use_builder":"","_et_pb_old_content":"","_et_gb_content_width":"","footnotes":""},"categories":[6,19],"tags":[],"class_list":["post-4834","post","type-post","status-publish","format-standard","has-post-thumbnail","hentry","category-trendy","category-zachwycaj-zapachem","et-has-post-format-content","et_post_format-et-post-format-standard"],"_links":{"self":[{"href":"https:\/\/neness.pl\/blog\/wp-json\/wp\/v2\/posts\/4834","targetHints":{"allow":["GET"]}}],"collection":[{"href":"https:\/\/neness.pl\/blog\/wp-json\/wp\/v2\/posts"}],"about":[{"href":"https:\/\/neness.pl\/blog\/wp-json\/wp\/v2\/types\/post"}],"author":[{"embeddable":true,"href":"https:\/\/neness.pl\/blog\/wp-json\/wp\/v2\/users\/2"}],"replies":[{"embeddable":true,"href":"https:\/\/neness.pl\/blog\/wp-json\/wp\/v2\/comments?post=4834"}],"version-history":[{"count":0,"href":"https:\/\/neness.pl\/blog\/wp-json\/wp\/v2\/posts\/4834\/revisions"}],"wp:featuredmedia":[{"embeddable":true,"href":"https:\/\/neness.pl\/blog\/wp-json\/wp\/v2\/media\/4835"}],"wp:attachment":[{"href":"https:\/\/neness.pl\/blog\/wp-json\/wp\/v2\/media?parent=4834"}],"wp:term":[{"taxonomy":"category","embeddable":true,"href":"https:\/\/neness.pl\/blog\/wp-json\/wp\/v2\/categories?post=4834"},{"taxonomy":"post_tag","embeddable":true,"href":"https:\/\/neness.pl\/blog\/wp-json\/wp\/v2\/tags?post=4834"}],"curies":[{"name":"wp","href":"https:\/\/api.w.org\/{rel}","templated":true}]}}