{"id":4822,"date":"2018-05-28T12:49:34","date_gmt":"2018-05-28T10:49:34","guid":{"rendered":"http:\/\/ranking-kosmetykow.pl\/?p=4822"},"modified":"2018-05-28T12:49:34","modified_gmt":"2018-05-28T10:49:34","slug":"szczotka-czy-grzebien-co-wybrac","status":"publish","type":"post","link":"https:\/\/neness.pl\/blog\/szczotka-czy-grzebien-co-wybrac\/","title":{"rendered":"Szczotka czy grzebie\u0144 \u2013 co wybra\u0107?"},"content":{"rendered":"<p style=\"text-align: justify;\">D\u0142ugie, kr\u00f3tkie, g\u0119ste, proste, kr\u0119cone, farbowane \u2013 ka\u017cdy rodzaj w\u0142os\u00f3w wymaga od nas nieco innej piel\u0119gnacji. Jednak jak cz\u0119sto zastanawiamy si\u0119 nad tym, czy czeszemy w\u0142osy odpowiednim narz\u0119dziem? Co jest lepsze dla naszych w\u0142os\u00f3w \u2013 szczotka czy grzebie\u0144?<\/p>\n<p style=\"text-align: justify;\">Szczotka i grzebie\u0144 to podstawowe akcesoria, kt\u00f3rych codziennie u\u017cywamy do piel\u0119gnacji naszych w\u0142os\u00f3w. U\u017cywamy ich zar\u00f3wno do czesania, jak i do stylizacji fryzury, jednak bardzo rzadko zastanawiamy si\u0119 nad tym, kt\u00f3ry z tych przedmiot\u00f3w b\u0119dzie najbardziej odpowiedni dla naszych w\u0142os\u00f3w. Okazuje si\u0119 natomiast, \u017ce to, czego u\u017cywamy, mo\u017ce mie\u0107 naprawd\u0119 du\u017ce znaczenie dla kondycji naszych w\u0142os\u00f3w.<\/p>\n<p style=\"text-align: justify;\"><span style=\"color: #ffffff;\">.<\/span><\/p>\n<h3 style=\"text-align: justify;\">Kiedy wybra\u0107 szczotk\u0119?<\/h3>\n<p style=\"text-align: justify;\"><strong>Szczotka<\/strong> jest zdecydowanie narz\u0119dziem bardziej uniwersalnym. Mo\u017cemy ni\u0105 nie tylko rozczesa\u0107 w\u0142osy, ale w zale\u017cno\u015bci od modelu \u015bwietnie sprawdza si\u0119 te\u017c w ich stylizacji \u2013 pomaga modelowa\u0107 i uk\u0142ada\u0107 fryzur\u0119. Do wyboru mamy r\u00f3\u017cne modele szczotek \u2013 w zale\u017cno\u015bci od <strong>kszta\u0142tu<\/strong> i <strong>materia\u0142u<\/strong>, z kt\u00f3rego zosta\u0142y wykonane, sprawdz\u0105 si\u0119 w innym przypadku.<\/p>\n<p style=\"text-align: justify;\">Si\u0119gn\u0105\u0107 mo\u017cemy wi\u0119c po szczotk\u0119 <strong>p\u0142ask\u0105<\/strong>, kt\u00f3ra doskonale sprawdza si\u0119 do rozczesywania w\u0142os\u00f3w, tak\u017ce w przypadku tych, kt\u00f3re \u0142atwo si\u0119 pl\u0105cz\u0105. Je\u017celi jednak nasze w\u0142osy nie s\u0105 w najlepszej kondycji, warto si\u0119gn\u0105\u0107 po model, kt\u00f3rego kolce zako\u0144czone s\u0105 <strong>kuleczkami<\/strong>. Taka szczotka na pewno b\u0119dzie \u0142agodniejsza dla w\u0142os\u00f3w i podczas czesania nie uszkodzi ich struktury.<\/p>\n<p style=\"text-align: justify;\">Je\u017celi za\u015b w\u0142osy potrzebuj\u0105 wyg\u0142adzenia, maj\u0105 sk\u0142onno\u015bci do przet\u0142uszczania lub lubi\u0105 si\u0119 elektryzowa\u0107, warto si\u0119gn\u0105\u0107 po g\u0119st\u0105 szczotk\u0119 wykonan\u0105 <strong>z w\u0142osia naturalnego<\/strong>, kt\u00f3ra zazwyczaj zrobiona jest ze szczeciny dzika. Taka szczotka \u015bwietnie sprawdza si\u0119 tak\u017ce przy piel\u0119gnacji w\u0142os\u00f3w <strong>d\u0142ugich<\/strong>.<\/p>\n<p style=\"text-align: justify;\"><span style=\"color: #ffffff;\">.<\/span><\/p>\n<div id=\"attachment_4823\" style=\"width: 1010px\" class=\"wp-caption aligncenter\"><img loading=\"lazy\" decoding=\"async\" aria-describedby=\"caption-attachment-4823\" class=\"size-full wp-image-4823\" src=\"http:\/\/ranking-kosmetykow.pl\/wp-content\/uploads\/2018\/05\/Fotolia_115365290_Subscription_XL.jpg\" alt=\"\" width=\"1000\" height=\"926\" srcset=\"https:\/\/neness.pl\/blog\/wp-content\/uploads\/2018\/05\/Fotolia_115365290_Subscription_XL.jpg 1000w, https:\/\/neness.pl\/blog\/wp-content\/uploads\/2018\/05\/Fotolia_115365290_Subscription_XL-300x278.jpg 300w, https:\/\/neness.pl\/blog\/wp-content\/uploads\/2018\/05\/Fotolia_115365290_Subscription_XL-768x711.jpg 768w, https:\/\/neness.pl\/blog\/wp-content\/uploads\/2018\/05\/Fotolia_115365290_Subscription_XL-610x565.jpg 610w\" sizes=\"auto, (max-width: 1000px) 100vw, 1000px\" \/><p id=\"caption-attachment-4823\" class=\"wp-caption-text\">fotolia.com, #115365290 | Autor: Dmitry Lobanov<\/p><\/div>\n<p style=\"text-align: justify;\"><span style=\"color: #ffffff;\">.<\/span><\/p>\n<p style=\"text-align: justify;\">Szczotki <strong>okr\u0105g\u0142e<\/strong> natomiast przeznaczone s\u0105 typowo do <strong>modelowania<\/strong> w\u0142os\u00f3w. Doskonale wyg\u0142adzaj\u0105 w\u0142osy i dodaj\u0105 obj\u0119to\u015bci, je\u015bli u\u017cywamy ich podczas suszenia fryzury.<\/p>\n<p style=\"text-align: justify;\">Warto wspomnie\u0107, \u017ce szczotka nie tylko \u015bwietnie sprawdza si\u0119 w rozczesywaniu i stylizowaniu w\u0142os\u00f3w, ale tak\u017ce mo\u017cemy wykona\u0107 ni\u0105 delikatny <strong>masa\u017c<\/strong> g\u0142owy, kt\u00f3ry poprawi ukrwienie skalpu, co na pewno odbije si\u0119 pozytywnie na kondycji ca\u0142ych w\u0142os\u00f3w.<\/p>\n<p style=\"text-align: justify;\"><span style=\"color: #ffffff;\">.<\/span><\/p>\n<h3 style=\"text-align: justify;\">Kiedy si\u0119gn\u0105\u0107 po grzebie\u0144?<\/h3>\n<p style=\"text-align: justify;\">Cho\u0107 pozornie <strong>grzebie\u0144<\/strong> najlepiej sprawdza si\u0119 przy piel\u0119gnacji w\u0142os\u00f3w <strong>kr\u00f3tkich<\/strong>, r\u00f3wnie\u017c posiadaczki d\u0142ugich kosmyk\u00f3w powinny doceni\u0107 go w swoich \u0142azienkach. Dlaczego? <strong>Drewniany<\/strong> <strong>grzebie\u0144<\/strong> z szeroko rozstawionymi z\u0119bami idealnie sprawdzi si\u0119 do rozczesywania <strong>mokrych<\/strong> w\u0142os\u00f3w z na\u0142o\u017con\u0105 mask\u0105 lub od\u017cywk\u0105. Ponadto warto zauwa\u017cy\u0107, \u017ce jest on zdecydowanie lepszym wyborem ni\u017c grzebienie plastikowe, bo nie powoduje elektryzowania si\u0119 w\u0142os\u00f3w.<\/p>\n<p style=\"text-align: justify;\">Warto tak\u017ce zauwa\u017cy\u0107, \u017ce grzebie\u0144 r\u00f3wnie\u017c sprawdza si\u0119 przy <strong>stylizowaniu<\/strong> fryzury, na przyk\u0142ad podczas tapirowania, jednak my nie polecamy przeprowadza\u0107 takiego zabiegu zbyt cz\u0119sto, bo nie wp\u0142ywa on zbyt dobrze na kondycj\u0119 w\u0142os\u00f3w i mo\u017ce je <strong>os\u0142abia\u0107<\/strong>.<\/p>\n<p style=\"text-align: justify;\"><span style=\"color: #ffffff;\">.<\/span><\/p>\n<div id=\"attachment_4827\" style=\"width: 1010px\" class=\"wp-caption aligncenter\"><img loading=\"lazy\" decoding=\"async\" aria-describedby=\"caption-attachment-4827\" class=\"size-full wp-image-4827\" src=\"http:\/\/ranking-kosmetykow.pl\/wp-content\/uploads\/2018\/05\/Fotolia_164200924_Subscription_XXL.jpg\" alt=\"\" width=\"1000\" height=\"666\" srcset=\"https:\/\/neness.pl\/blog\/wp-content\/uploads\/2018\/05\/Fotolia_164200924_Subscription_XXL.jpg 1000w, https:\/\/neness.pl\/blog\/wp-content\/uploads\/2018\/05\/Fotolia_164200924_Subscription_XXL-300x200.jpg 300w, https:\/\/neness.pl\/blog\/wp-content\/uploads\/2018\/05\/Fotolia_164200924_Subscription_XXL-768x511.jpg 768w, https:\/\/neness.pl\/blog\/wp-content\/uploads\/2018\/05\/Fotolia_164200924_Subscription_XXL-610x406.jpg 610w\" sizes=\"auto, (max-width: 1000px) 100vw, 1000px\" \/><p id=\"caption-attachment-4827\" class=\"wp-caption-text\">fotolia.com, #164200924 | Autor: 9dreamstudio<\/p><\/div>\n<p style=\"text-align: justify;\"><span style=\"color: #ffffff;\">.<\/span><\/p>\n<p style=\"text-align: justify;\">A Wy? Wolicie szczotk\u0119 czy grzebie\u0144?<\/p>\n","protected":false},"excerpt":{"rendered":"<p>D\u0142ugie, kr\u00f3tkie, g\u0119ste, proste, kr\u0119cone, farbowane \u2013 ka\u017cdy rodzaj w\u0142os\u00f3w wymaga od nas nieco innej piel\u0119gnacji. Jednak jak cz\u0119sto zastanawiamy si\u0119 nad tym, czy czeszemy w\u0142osy odpowiednim narz\u0119dziem? Co jest lepsze dla naszych w\u0142os\u00f3w \u2013 szczotka czy grzebie\u0144? Szczotka i grzebie\u0144 to podstawowe akcesoria, kt\u00f3rych codziennie u\u017cywamy do piel\u0119gnacji naszych w\u0142os\u00f3w. U\u017cywamy ich zar\u00f3wno do [&hellip;]<\/p>\n","protected":false},"author":2,"featured_media":4015,"comment_status":"open","ping_status":"open","sticky":false,"template":"","format":"standard","meta":{"_et_pb_use_builder":"","_et_pb_old_content":"","_et_gb_content_width":"","footnotes":""},"categories":[48],"tags":[],"class_list":["post-4822","post","type-post","status-publish","format-standard","has-post-thumbnail","hentry","category-wlosy-idealne","et-has-post-format-content","et_post_format-et-post-format-standard"],"_links":{"self":[{"href":"https:\/\/neness.pl\/blog\/wp-json\/wp\/v2\/posts\/4822","targetHints":{"allow":["GET"]}}],"collection":[{"href":"https:\/\/neness.pl\/blog\/wp-json\/wp\/v2\/posts"}],"about":[{"href":"https:\/\/neness.pl\/blog\/wp-json\/wp\/v2\/types\/post"}],"author":[{"embeddable":true,"href":"https:\/\/neness.pl\/blog\/wp-json\/wp\/v2\/users\/2"}],"replies":[{"embeddable":true,"href":"https:\/\/neness.pl\/blog\/wp-json\/wp\/v2\/comments?post=4822"}],"version-history":[{"count":0,"href":"https:\/\/neness.pl\/blog\/wp-json\/wp\/v2\/posts\/4822\/revisions"}],"wp:featuredmedia":[{"embeddable":true,"href":"https:\/\/neness.pl\/blog\/wp-json\/wp\/v2\/media\/4015"}],"wp:attachment":[{"href":"https:\/\/neness.pl\/blog\/wp-json\/wp\/v2\/media?parent=4822"}],"wp:term":[{"taxonomy":"category","embeddable":true,"href":"https:\/\/neness.pl\/blog\/wp-json\/wp\/v2\/categories?post=4822"},{"taxonomy":"post_tag","embeddable":true,"href":"https:\/\/neness.pl\/blog\/wp-json\/wp\/v2\/tags?post=4822"}],"curies":[{"name":"wp","href":"https:\/\/api.w.org\/{rel}","templated":true}]}}