{"id":4813,"date":"2018-05-25T15:01:49","date_gmt":"2018-05-25T13:01:49","guid":{"rendered":"http:\/\/ranking-kosmetykow.pl\/?p=4813"},"modified":"2018-05-25T15:01:49","modified_gmt":"2018-05-25T13:01:49","slug":"jak-bezpiecznie-sie-opalac","status":"publish","type":"post","link":"https:\/\/neness.pl\/blog\/jak-bezpiecznie-sie-opalac\/","title":{"rendered":"Jak bezpiecznie si\u0119 opala\u0107?"},"content":{"rendered":"<p style=\"text-align: justify;\">Lato tu\u017c tu\u017c i pewnie wiele z nas ju\u017c marzy o pi\u0119knej, z\u0142ocistej opaleni\u017anie. Jednak je\u015bli regularnie \u015bledzicie naszego bloga, wiecie, \u017ce zawsze namawiamy Was do tego, by stosowa\u0107 kremy z wysokim filtrem i dba\u0107 o ochron\u0119 sk\u00f3ry przed negatywnym wp\u0142ywem promieni s\u0142onecznych. Czy to oznacza, \u017ce latem nie mo\u017cemy cieszy\u0107 si\u0119 opalenizn\u0105? Nie! Warto jednak wiedzie\u0107, jak opala\u0107 si\u0119 bezpiecznie. Przeczytacie o tym w dzisiejszym wpisie.<\/p>\n<p style=\"text-align: justify;\"><span style=\"color: #ffffff;\">.<\/span><\/p>\n<h3 style=\"text-align: justify;\">Po pierwsze \u2013 opalaj si\u0119 w odpowiednim czasie<\/h3>\n<p style=\"text-align: justify;\">Cho\u0107 pewnie najszybciej opali\u0142yby\u015bmy si\u0119 wtedy, gdy s\u0142o\u0144ce grzeje najsilniej, czyli w samo po\u0142udnie, my zdecydowanie odradzamy takie podej\u015bcie. Mocne s\u0142o\u0144ce oznacza bowiem wi\u0119ksze prawdopodobie\u0144stwo poparzenia s\u0142onecznego i udaru. Najbezpieczniej jest <strong>zrezygnowa\u0107<\/strong> z k\u0105pieli s\u0142onecznych <strong>mi\u0119dzy godzin\u0105 11 a 15<\/strong>. To w\u0142a\u015bnie wtedy s\u0142o\u0144ce jest najwy\u017cej, a promieniowanie UV jest wtedy najwi\u0119ksze. Je\u015bli wybieramy si\u0119 na pla\u017c\u0119, zr\u00f3bmy to <strong>rano<\/strong> lub <strong>po po\u0142udniu<\/strong>.<\/p>\n<p style=\"text-align: justify;\"><span style=\"color: #ffffff;\">.<\/span><\/p>\n<div id=\"attachment_4815\" style=\"width: 1010px\" class=\"wp-caption aligncenter\"><img loading=\"lazy\" decoding=\"async\" aria-describedby=\"caption-attachment-4815\" class=\"size-full wp-image-4815\" src=\"http:\/\/ranking-kosmetykow.pl\/wp-content\/uploads\/2018\/05\/Fotolia_165850517_Subscription_XXL.jpg\" alt=\"\" width=\"1000\" height=\"666\" srcset=\"https:\/\/neness.pl\/blog\/wp-content\/uploads\/2018\/05\/Fotolia_165850517_Subscription_XXL.jpg 1000w, https:\/\/neness.pl\/blog\/wp-content\/uploads\/2018\/05\/Fotolia_165850517_Subscription_XXL-300x200.jpg 300w, https:\/\/neness.pl\/blog\/wp-content\/uploads\/2018\/05\/Fotolia_165850517_Subscription_XXL-768x511.jpg 768w, https:\/\/neness.pl\/blog\/wp-content\/uploads\/2018\/05\/Fotolia_165850517_Subscription_XXL-610x406.jpg 610w\" sizes=\"auto, (max-width: 1000px) 100vw, 1000px\" \/><p id=\"caption-attachment-4815\" class=\"wp-caption-text\">fotolia.com, #165850517 | Autor: sosiukin<\/p><\/div>\n<h3 style=\"text-align: justify;\"><span style=\"color: #ffffff;\">.<\/span><\/h3>\n<h3 style=\"text-align: justify;\">Po drugie \u2013 nie zapomnij o kremie z filtrem<\/h3>\n<p style=\"text-align: justify;\"><strong>Krem z wysokim filtrem<\/strong> powinien znale\u017a\u0107 si\u0119 w ka\u017cdej torbie pla\u017cowej. Jednak nie tylko. Powinny\u015bmy stosowa\u0107 go w\u0142a\u015bciwie przed ka\u017cdym <strong>wyj\u015bciem<\/strong> na dw\u00f3r, szczeg\u00f3lnie w s\u0142oneczne dni. Jest on pozycj\u0105 obowi\u0105zkow\u0105, szczeg\u00f3lnie je\u015bli zale\u017cy nam na zachowaniu m\u0142odego wygl\u0105du. Pami\u0119tajmy tak\u017ce, \u017ce aplikacj\u0119 kremu z filtrem nale\u017cy w ci\u0105gu dnia <strong>powtarza\u0107<\/strong> \u2013 w zale\u017cno\u015bci od faktora SPF cz\u0119\u015bciej lub rzadziej. A tak\u017ce, je\u015bli wakacje sp\u0119dzamy nad basenem, jeziorem, czy morzem, po ka\u017cdym wyj\u015bciu z wody.<\/p>\n<p style=\"text-align: justify;\">Warto tak\u017ce zapami\u0119ta\u0107 zasad\u0119, \u017ce im <strong>ja\u015bniejszy<\/strong> mamy odcie\u0144 sk\u00f3ry, tym wy\u017cszy SPF powinien mie\u0107 nasz krem.<\/p>\n<p style=\"text-align: justify;\"><span style=\"color: #ffffff;\">.<\/span><\/p>\n<h3 style=\"text-align: justify;\">O czym jeszcze warto pami\u0119ta\u0107?<\/h3>\n<p style=\"text-align: justify;\">Pami\u0119tajmy, \u017ce k\u0105piele s\u0142oneczne warto sobie <strong>dawkowa\u0107<\/strong>. Stopniowo zwi\u0119kszajmy ekspozycj\u0119 sk\u00f3ry na s\u0142o\u0144ce. Ponadto, je\u015bli zamierzamy sp\u0119dzi\u0107 na pla\u017cy ca\u0142y dzie\u0144, zaopatrzmy si\u0119 w <strong>parasol<\/strong> lub\u00a0poszukajmy miejsca, w kt\u00f3rym znajdziemy chocia\u017c odrobin\u0119 cienia. Nie zapominajmy, \u017ce promienie UV mog\u0105 te\u017c przenikn\u0105\u0107 przez ubranie, a tak\u017ce odbijaj\u0105 si\u0119 od piasku i wody, a wtedy nietrudno o <strong>poparzenie<\/strong> s\u0142oneczne, nawet je\u015bli wydaje nam si\u0119, \u017ce odpowiednio zabezpieczyli\u015bmy sk\u00f3r\u0119 kremem z filtrem.<\/p>\n<p style=\"text-align: justify;\">Dodatkowo warto przed nagrzaniem <strong>chroni\u0107<\/strong> <strong>g\u0142ow\u0119<\/strong>, dlatego w torbie pla\u017cowej zawsze zabierajmy ze sob\u0105 <strong>kapelusz<\/strong> lub chustk\u0119. Nie powinno w niej tak\u017ce zabrakn\u0105\u0107 <strong>okular\u00f3w<\/strong> <strong>przeciws\u0142onecznych<\/strong>.<\/p>\n<p style=\"text-align: justify;\"><span style=\"color: #ffffff;\">.<\/span><\/p>\n<div id=\"attachment_2899\" style=\"width: 1034px\" class=\"wp-caption aligncenter\"><img loading=\"lazy\" decoding=\"async\" aria-describedby=\"caption-attachment-2899\" class=\"size-large wp-image-2899\" src=\"http:\/\/ranking-kosmetykow.pl\/wp-content\/uploads\/2017\/07\/Fotolia_146169932_Subscription_XL-1024x683.jpg\" alt=\"\" width=\"1024\" height=\"683\" srcset=\"https:\/\/neness.pl\/blog\/wp-content\/uploads\/2017\/07\/Fotolia_146169932_Subscription_XL-1024x683.jpg 1024w, https:\/\/neness.pl\/blog\/wp-content\/uploads\/2017\/07\/Fotolia_146169932_Subscription_XL-300x200.jpg 300w, https:\/\/neness.pl\/blog\/wp-content\/uploads\/2017\/07\/Fotolia_146169932_Subscription_XL-768x512.jpg 768w, https:\/\/neness.pl\/blog\/wp-content\/uploads\/2017\/07\/Fotolia_146169932_Subscription_XL-1080x720.jpg 1080w, https:\/\/neness.pl\/blog\/wp-content\/uploads\/2017\/07\/Fotolia_146169932_Subscription_XL-610x407.jpg 610w, https:\/\/neness.pl\/blog\/wp-content\/uploads\/2017\/07\/Fotolia_146169932_Subscription_XL.jpg 1425w\" sizes=\"auto, (max-width: 1024px) 100vw, 1024px\" \/><p id=\"caption-attachment-2899\" class=\"wp-caption-text\">fotolia.com, 146169932 | Autor: 279photo<\/p><\/div>\n<h3 style=\"text-align: justify;\"><span style=\"color: #ffffff;\">.<\/span><\/h3>\n<h3 style=\"text-align: justify;\">Leki a opalanie<\/h3>\n<p style=\"text-align: justify;\">Warto tak\u017ce pami\u0119ta\u0107, \u017ce niekt\u00f3re <strong>leki<\/strong> doustne, suplementy diety i zio\u0142a mog\u0105 powodowa\u0107, \u017ce nasza sk\u00f3ra b\u0119dzie bardziej <strong>podatna<\/strong> na poparzenia s\u0142oneczne. Dlatego te\u017c upewnijmy si\u0119 wcze\u015bniej, czy nie stosujemy lek\u00f3w, kt\u00f3re wchodz\u0105 w <strong>reakcj\u0119<\/strong> ze s\u0142o\u0144cem. W razie w\u0105tpliwo\u015bci skontaktujmy si\u0119 wcze\u015bniej z lekarzem lub farmaceut\u0105.<\/p>\n","protected":false},"excerpt":{"rendered":"<p>Lato tu\u017c tu\u017c i pewnie wiele z nas ju\u017c marzy o pi\u0119knej, z\u0142ocistej opaleni\u017anie. Jednak je\u015bli regularnie \u015bledzicie naszego bloga, wiecie, \u017ce zawsze namawiamy Was do tego, by stosowa\u0107 kremy z wysokim filtrem i dba\u0107 o ochron\u0119 sk\u00f3ry przed negatywnym wp\u0142ywem promieni s\u0142onecznych. Czy to oznacza, \u017ce latem nie mo\u017cemy cieszy\u0107 si\u0119 opalenizn\u0105? Nie! Warto [&hellip;]<\/p>\n","protected":false},"author":2,"featured_media":4814,"comment_status":"open","ping_status":"open","sticky":false,"template":"","format":"standard","meta":{"_et_pb_use_builder":"","_et_pb_old_content":"","_et_gb_content_width":"","footnotes":""},"categories":[185],"tags":[],"class_list":["post-4813","post","type-post","status-publish","format-standard","has-post-thumbnail","hentry","category-codzienna-pielegnacja","et-has-post-format-content","et_post_format-et-post-format-standard"],"_links":{"self":[{"href":"https:\/\/neness.pl\/blog\/wp-json\/wp\/v2\/posts\/4813","targetHints":{"allow":["GET"]}}],"collection":[{"href":"https:\/\/neness.pl\/blog\/wp-json\/wp\/v2\/posts"}],"about":[{"href":"https:\/\/neness.pl\/blog\/wp-json\/wp\/v2\/types\/post"}],"author":[{"embeddable":true,"href":"https:\/\/neness.pl\/blog\/wp-json\/wp\/v2\/users\/2"}],"replies":[{"embeddable":true,"href":"https:\/\/neness.pl\/blog\/wp-json\/wp\/v2\/comments?post=4813"}],"version-history":[{"count":0,"href":"https:\/\/neness.pl\/blog\/wp-json\/wp\/v2\/posts\/4813\/revisions"}],"wp:featuredmedia":[{"embeddable":true,"href":"https:\/\/neness.pl\/blog\/wp-json\/wp\/v2\/media\/4814"}],"wp:attachment":[{"href":"https:\/\/neness.pl\/blog\/wp-json\/wp\/v2\/media?parent=4813"}],"wp:term":[{"taxonomy":"category","embeddable":true,"href":"https:\/\/neness.pl\/blog\/wp-json\/wp\/v2\/categories?post=4813"},{"taxonomy":"post_tag","embeddable":true,"href":"https:\/\/neness.pl\/blog\/wp-json\/wp\/v2\/tags?post=4813"}],"curies":[{"name":"wp","href":"https:\/\/api.w.org\/{rel}","templated":true}]}}