{"id":4780,"date":"2018-05-23T11:42:51","date_gmt":"2018-05-23T09:42:51","guid":{"rendered":"http:\/\/ranking-kosmetykow.pl\/?p=4780"},"modified":"2018-05-23T11:42:51","modified_gmt":"2018-05-23T09:42:51","slug":"szorstkie-dlonie-jak-o-nie-zadbac","status":"publish","type":"post","link":"https:\/\/neness.pl\/blog\/szorstkie-dlonie-jak-o-nie-zadbac\/","title":{"rendered":"Szorstkie d\u0142onie \u2013 jak o nie zadba\u0107?"},"content":{"rendered":"<p style=\"text-align: justify;\">Wiele z nas na co dzie\u0144 zmaga si\u0119 z problemem przesuszonych d\u0142oni. S\u0105 one szorstkie i nieprzyjemne w dotyku. W skrajnych przypadkach sk\u00f3ra na ich powierzchni mo\u017ce nawet \u0142uszczy\u0107 si\u0119 i p\u0119ka\u0107, powoduj\u0105c dyskomfort i b\u00f3l. Dlaczego d\u0142onie s\u0105 szorstkie? Jak dba\u0107 o sk\u00f3r\u0119 r\u0105k, by by\u0142a mi\u0119kka i g\u0142adka?<\/p>\n<p style=\"text-align: justify;\"><span style=\"color: #ffffff;\">.<\/span><\/p>\n<h3 style=\"text-align: justify;\">Dlaczego d\u0142onie s\u0105 szorstkie?<\/h3>\n<p style=\"text-align: justify;\">Szorstkie i przesuszone d\u0142onie maj\u0105 wiele przyczyn. Na sk\u00f3r\u0119 r\u0105k wp\u0142yw ma przede wszystkim ich <strong>codzienna<\/strong> <strong>piel\u0119gnacja<\/strong>, a raczej jej brak. Sprz\u0105tanie i zmywanie bez r\u0119kawiczek ochronnych tak\u017ce nie pozostaje bez wp\u0142ywu na kondycj\u0119 sk\u00f3ry na d\u0142oniach, dzia\u0142anie <strong>detergent\u00f3w<\/strong> i zbyt <strong>gor\u0105ca<\/strong> <strong>woda<\/strong> mog\u0105 mie\u0107 bowiem ogromny wp\u0142yw na jej stan. Dodatkowo na d\u0142oniach odbija si\u0119 cz\u0119sto tak\u017ce <strong>stan<\/strong> <strong>zdrowia<\/strong> \u2013 atopowe zapalenie sk\u00f3ry, niedoczynno\u015b\u0107 tarczycy, alergie czy cukrzyca cz\u0119sto negatywnie wp\u0142ywaj\u0105 na sk\u00f3r\u0119 r\u0105k.<\/p>\n<p style=\"text-align: justify;\"><span style=\"color: #ffffff;\">.<\/span><\/p>\n<div id=\"attachment_4784\" style=\"width: 616px\" class=\"wp-caption aligncenter\"><a href=\"https:\/\/neness.pl\/kosmetyki\/pielegnacja_ciala\/zele\/przepisy_babuszki_agafii_miodowe_mydlo_do_rak_i_ciala_500ml.html\"><img loading=\"lazy\" decoding=\"async\" aria-describedby=\"caption-attachment-4784\" class=\"wp-image-4784\" src=\"http:\/\/ranking-kosmetykow.pl\/wp-content\/uploads\/2018\/05\/aecff909373297395b7f152e16bcb268.jpg\" alt=\"\" width=\"606\" height=\"808\" srcset=\"https:\/\/neness.pl\/blog\/wp-content\/uploads\/2018\/05\/aecff909373297395b7f152e16bcb268.jpg 750w, https:\/\/neness.pl\/blog\/wp-content\/uploads\/2018\/05\/aecff909373297395b7f152e16bcb268-225x300.jpg 225w, https:\/\/neness.pl\/blog\/wp-content\/uploads\/2018\/05\/aecff909373297395b7f152e16bcb268-610x813.jpg 610w\" sizes=\"auto, (max-width: 606px) 100vw, 606px\" \/><\/a><p id=\"caption-attachment-4784\" class=\"wp-caption-text\">Przepisy Babuszki Agafii Miodowe Myd\u0142o do R\u0105k i Cia\u0142a 500ml \/ 9,99 z\u0142<\/p><\/div>\n<p style=\"text-align: justify;\"><span style=\"color: #ffffff;\">.<\/span><\/p>\n<p style=\"text-align: justify;\">Powodem przesuszenia mo\u017ce by\u0107 tak\u017ce stosowanie zbyt <strong>silnych<\/strong> <strong>myde\u0142<\/strong> do mycia r\u0105k lub po prostu <strong>nieodpowiednia<\/strong> piel\u0119gnacja, <strong>twarda<\/strong> <strong>woda<\/strong>, niew\u0142a\u015bciwa dieta lub picie w ci\u0105gu dnia zbyt ma\u0142ej ilo\u015bci p\u0142yn\u00f3w. Ponadto, zw\u0142aszcza jesieni\u0105 i zim\u0105, sk\u00f3ra na d\u0142oniach jest nara\u017cona na negatywne dzia\u0142anie warunk\u00f3w zewn\u0119trznych, co tak\u017ce odbija si\u0119 na\u00a0jej kondycji.<\/p>\n<p style=\"text-align: justify;\"><span style=\"color: #ffffff;\">.<\/span><\/p>\n<div id=\"attachment_4785\" style=\"width: 539px\" class=\"wp-caption aligncenter\"><a href=\"https:\/\/neness.pl\/kosmetyki\/pielegnacja_ciala\/pielegnacja_dloni\/receptury_babuszki_agafii_moroszkowy_krem_do_rak_odmladzajacy_75ml.html\"><img loading=\"lazy\" decoding=\"async\" aria-describedby=\"caption-attachment-4785\" class=\"wp-image-4785\" src=\"http:\/\/ranking-kosmetykow.pl\/wp-content\/uploads\/2018\/05\/8d2e0b33563044d8bde02fd55eaca8f9.jpg\" alt=\"\" width=\"529\" height=\"705\" srcset=\"https:\/\/neness.pl\/blog\/wp-content\/uploads\/2018\/05\/8d2e0b33563044d8bde02fd55eaca8f9.jpg 750w, https:\/\/neness.pl\/blog\/wp-content\/uploads\/2018\/05\/8d2e0b33563044d8bde02fd55eaca8f9-225x300.jpg 225w, https:\/\/neness.pl\/blog\/wp-content\/uploads\/2018\/05\/8d2e0b33563044d8bde02fd55eaca8f9-610x813.jpg 610w\" sizes=\"auto, (max-width: 529px) 100vw, 529px\" \/><\/a><p id=\"caption-attachment-4785\" class=\"wp-caption-text\">Receptury Babuszki Agafii Moroszkowy Krem do R\u0105k Odm\u0142adzaj\u0105cy 75ml \/ 6,50 z\u0142<\/p><\/div>\n<h3 style=\"text-align: justify;\"><span style=\"color: #ffffff;\">.<\/span><\/h3>\n<h3 style=\"text-align: justify;\">Jak dba\u0107 o szorstkie d\u0142onie?<\/h3>\n<p style=\"text-align: justify;\">Wbrew pozorom piel\u0119gnacja szorstkich i suchych d\u0142oni nie musi by\u0107 skomplikowana. Pami\u0119tajmy jednak, \u017ce w tym wypadku bardzo wa\u017cna jest <strong>systematyczno\u015b\u0107<\/strong> \u2013 o kondycje sk\u00f3ry na d\u0142oniach powinni\u015bmy dba\u0107 codziennie przez ca\u0142y rok. Dlatego te\u017c zadbajmy o to, by myd\u0142o do r\u0105k, kt\u00f3rego u\u017cywamy, by\u0142o <strong>delikatne<\/strong> dla sk\u00f3ry \u2013 zrezygnujmy z silnych detergent\u00f3w i produkt\u00f3w z alkoholem, a krem nawil\u017caj\u0105cy stosujmy <strong>po<\/strong> <strong>ka\u017cdym<\/strong> <strong>myciu<\/strong>.\u00a0Jesieni\u0105 i zim\u0105 nale\u017cy tak\u017ce u\u017cywa\u0107 tego typu kosmetyk\u00f3w przed ka\u017cdym wyj\u015bciem na dw\u00f3r.<\/p>\n<p style=\"text-align: justify;\"><span style=\"color: #ffffff;\">.<\/span><\/p>\n<div id=\"attachment_4786\" style=\"width: 486px\" class=\"wp-caption aligncenter\"><a href=\"https:\/\/neness.pl\/kosmetyki\/pielegnacja_ciala\/pielegnacja_dloni\/natura_siberica_odzywczy_krem-maska_do_rak_loves_latvia_75_ml.html\"><img loading=\"lazy\" decoding=\"async\" aria-describedby=\"caption-attachment-4786\" class=\"wp-image-4786\" src=\"http:\/\/ranking-kosmetykow.pl\/wp-content\/uploads\/2018\/05\/3f504fe795ede7de62d8da4778c087fa.png\" alt=\"\" width=\"476\" height=\"635\" srcset=\"https:\/\/neness.pl\/blog\/wp-content\/uploads\/2018\/05\/3f504fe795ede7de62d8da4778c087fa.png 750w, https:\/\/neness.pl\/blog\/wp-content\/uploads\/2018\/05\/3f504fe795ede7de62d8da4778c087fa-225x300.png 225w, https:\/\/neness.pl\/blog\/wp-content\/uploads\/2018\/05\/3f504fe795ede7de62d8da4778c087fa-610x813.png 610w\" sizes=\"auto, (max-width: 476px) 100vw, 476px\" \/><\/a><p id=\"caption-attachment-4786\" class=\"wp-caption-text\">Natura Siberica Od\u017cywczy Krem-Maska do R\u0105k Loves Latvia 75 ml \/ 13,90 z\u0142<\/p><\/div>\n<p style=\"text-align: justify;\"><span style=\"color: #ffffff;\">.<\/span><\/p>\n<p style=\"text-align: justify;\">Dodatkowo zwracajmy tak\u017ce uwag\u0119, by nie my\u0107 d\u0142oni w zbyt gor\u0105cej wodzie.<\/p>\n<p style=\"text-align: justify;\">Bardzo wa\u017cnym elementem piel\u0119gnacji sk\u00f3ry r\u0105k jest tak\u017ce <strong>zak\u0142adanie<\/strong> <strong>r\u0119kawiczek <\/strong>ochronnych do wszystkich prac domowych, kt\u00f3re ochroni\u0105 delikatn\u0105 sk\u00f3r\u0119 przed dzia\u0142aniem detergent\u00f3w i d\u0142ugotrwa\u0142ym moczeniem.<\/p>\n<p style=\"text-align: justify;\"><span style=\"color: #ffffff;\">.<\/span><\/p>\n<div id=\"attachment_4787\" style=\"width: 578px\" class=\"wp-caption aligncenter\"><a href=\"https:\/\/neness.pl\/kosmetyki\/pielegnacja_ciala\/pielegnacja_dloni\/receptury_babci_gertrudy_oma_intensywnie_regenerujacy_krem_do_stop_75ml.html\"><img loading=\"lazy\" decoding=\"async\" aria-describedby=\"caption-attachment-4787\" class=\"wp-image-4787\" src=\"http:\/\/ranking-kosmetykow.pl\/wp-content\/uploads\/2018\/05\/41b7a3ad786efba62f6ba40c7e09b8c1.jpg\" alt=\"\" width=\"568\" height=\"757\" srcset=\"https:\/\/neness.pl\/blog\/wp-content\/uploads\/2018\/05\/41b7a3ad786efba62f6ba40c7e09b8c1.jpg 750w, https:\/\/neness.pl\/blog\/wp-content\/uploads\/2018\/05\/41b7a3ad786efba62f6ba40c7e09b8c1-225x300.jpg 225w, https:\/\/neness.pl\/blog\/wp-content\/uploads\/2018\/05\/41b7a3ad786efba62f6ba40c7e09b8c1-610x813.jpg 610w\" sizes=\"auto, (max-width: 568px) 100vw, 568px\" \/><\/a><p id=\"caption-attachment-4787\" class=\"wp-caption-text\">Receptury Babci Gertrudy OMA Intensywnie Regeneruj\u0105cy Krem do St\u00f3p 75ml \/ 7,50 z\u0142<\/p><\/div>\n<h3 style=\"text-align: justify;\"><span style=\"color: #ffffff;\">.<\/span><\/h3>\n<h3 style=\"text-align: justify;\">Jakich sk\u0142adnik\u00f3w szuka\u0107 w kosmetykach?<\/h3>\n<p style=\"text-align: justify;\">Najwa\u017cniejszym elementem piel\u0119gnacji szorstkiej sk\u00f3ry d\u0142oni jest regularne i systematyczne stosowanie krem\u00f3w do r\u0105k. Nale\u017cy po nie si\u0119ga\u0107 po ka\u017cdym myciu d\u0142oni, nawet kilka razy dziennie.<\/p>\n<p style=\"text-align: justify;\">W kosmetykach do piel\u0119gnacji sk\u00f3ry d\u0142oni powinni\u015bmy wi\u0119c szuka\u0107 sk\u0142adnik\u00f3w, kt\u00f3re <strong>od\u017cywi\u0105<\/strong> i <strong>wspomog\u0105<\/strong> <strong>regeneracj\u0119<\/strong> suchych d\u0142oni, a tak\u017ce pomog\u0105 odbudowa\u0107 hydrolipidow\u0105 warstw\u0119 ochronn\u0105 nask\u00f3rka. Do takich sk\u0142adnik\u00f3w nale\u017c\u0105 oczywi\u015bcie witaminy A, E i F, a tak\u017ce prowitamina B5.<\/p>\n<p style=\"text-align: justify;\"><span style=\"color: #ffffff;\">.<\/span><\/p>\n<div id=\"attachment_4789\" style=\"width: 538px\" class=\"wp-caption aligncenter\"><a href=\"https:\/\/neness.pl\/kosmetyki\/pielegnacja_ciala\/pielegnacja_dloni\/dermacol_aroma_ritual_mydlo_do_rak_belgian_chocolate.html\"><img loading=\"lazy\" decoding=\"async\" aria-describedby=\"caption-attachment-4789\" class=\"wp-image-4789\" src=\"http:\/\/ranking-kosmetykow.pl\/wp-content\/uploads\/2018\/05\/4857e863205d645964c203333b8b9226.jpg\" alt=\"\" width=\"528\" height=\"704\" srcset=\"https:\/\/neness.pl\/blog\/wp-content\/uploads\/2018\/05\/4857e863205d645964c203333b8b9226.jpg 750w, https:\/\/neness.pl\/blog\/wp-content\/uploads\/2018\/05\/4857e863205d645964c203333b8b9226-225x300.jpg 225w, https:\/\/neness.pl\/blog\/wp-content\/uploads\/2018\/05\/4857e863205d645964c203333b8b9226-610x813.jpg 610w\" sizes=\"auto, (max-width: 528px) 100vw, 528px\" \/><\/a><p id=\"caption-attachment-4789\" class=\"wp-caption-text\">Dermacol Aroma Ritual Myd\u0142o do R\u0105k Belgian Chocolate \/ 11,90 z\u0142<\/p><\/div>\n<p style=\"text-align: justify;\"><span style=\"color: #ffffff;\">.<\/span><\/p>\n<p style=\"text-align: justify;\">Ponadto w piel\u0119gnacji suchych d\u0142oni dobrze sprawdzaj\u0105 si\u0119 kosmetyki, w kt\u00f3rych sk\u0142adzie znajdziemy substancje nawil\u017caj\u0105ce i nat\u0142uszczaj\u0105ce.\u00a0Warto si\u0119ga\u0107 wi\u0119c po\u00a0<strong>naturalne<\/strong> <strong>oleje<\/strong> i <strong>mas\u0142a<\/strong>, a tak\u017ce takie sk\u0142adniki jak aloes, alantoina, gliceryna.<\/p>\n<p style=\"text-align: justify;\">Przed wyj\u015bciem na dw\u00f3r, warto tak\u017ce zabezpieczy\u0107 sk\u00f3r\u0119 kremem z wysokim <strong>filtrem<\/strong> <strong>przeciws\u0142onecznym<\/strong>, kt\u00f3ry zapobiegnie szybszemu starzeniu si\u0119 sk\u00f3ry na d\u0142oniach.<\/p>\n<p style=\"text-align: justify;\"><span style=\"color: #ffffff;\">.<\/span><\/p>\n<div id=\"attachment_4788\" style=\"width: 493px\" class=\"wp-caption aligncenter\"><a href=\"https:\/\/neness.pl\/kosmetyki\/pielegnacja_ciala\/pielegnacja_dloni\/dermacol_sos_hand_repair_intensywna_regeneracja_i_nawilzanie_do_suchej_skory_rak.html\"><img loading=\"lazy\" decoding=\"async\" aria-describedby=\"caption-attachment-4788\" class=\"wp-image-4788\" src=\"http:\/\/ranking-kosmetykow.pl\/wp-content\/uploads\/2018\/05\/f14939a0832b2c7e490072b863259be7.jpg\" alt=\"\" width=\"483\" height=\"644\" srcset=\"https:\/\/neness.pl\/blog\/wp-content\/uploads\/2018\/05\/f14939a0832b2c7e490072b863259be7.jpg 750w, https:\/\/neness.pl\/blog\/wp-content\/uploads\/2018\/05\/f14939a0832b2c7e490072b863259be7-225x300.jpg 225w, https:\/\/neness.pl\/blog\/wp-content\/uploads\/2018\/05\/f14939a0832b2c7e490072b863259be7-610x813.jpg 610w\" sizes=\"auto, (max-width: 483px) 100vw, 483px\" \/><\/a><p id=\"caption-attachment-4788\" class=\"wp-caption-text\">Dermacol SOS Hand Repair Intensywna Regeneracja i Nawil\u017canie do Suchej Sk\u00f3ry R\u0105k \/ 13,50 z\u0142<\/p><\/div>\n<h3 style=\"text-align: justify;\"><span style=\"color: #ffffff;\">.<\/span><\/h3>\n<h3 style=\"text-align: justify;\">Co opr\u00f3cz kremu do r\u0105k?<\/h3>\n<p style=\"text-align: justify;\">W przypadku suchych d\u0142oni sam krem do r\u0105k mo\u017ce jednak nie wystarczy\u0107. Raz na jaki\u015b czas zastosujmy wi\u0119c\u00a0<strong>peeling<\/strong> \u2013 enzymatyczny lub drobnoziarnisty, dzi\u0119ki kt\u00f3remu pozb\u0119dziemy si\u0119 martwego nask\u00f3rka, a wszystkie sk\u0142adniki zawarte w kosmetyku nawil\u017caj\u0105cym b\u0119d\u0105 mia\u0142y okazj\u0119 lepiej si\u0119 wch\u0142on\u0105\u0107. Warto tak\u017ce\u00a0co kilka dni na\u0142o\u017cy\u0107 na sk\u00f3r\u0119 d\u0142oni od\u017cywcz\u0105 <strong>mask\u0119<\/strong>. Na noc posmarujmy d\u0142onie grub\u0105 warstw\u0105 tego typu kosmetyku i za\u0142\u00f3\u017cmy bawe\u0142niane r\u0119kawiczki. Rano sk\u00f3ra b\u0119dzie <strong>mi\u0119kka<\/strong> i wyg\u0142adzona. A jakie s\u0105 Wasze sposoby na szorstkie i suche d\u0142onie?<\/p>\n","protected":false},"excerpt":{"rendered":"<p>Wiele z nas na co dzie\u0144 zmaga si\u0119 z problemem przesuszonych d\u0142oni. S\u0105 one szorstkie i nieprzyjemne w dotyku. W skrajnych przypadkach sk\u00f3ra na ich powierzchni mo\u017ce nawet \u0142uszczy\u0107 si\u0119 i p\u0119ka\u0107, powoduj\u0105c dyskomfort i b\u00f3l. Dlaczego d\u0142onie s\u0105 szorstkie? Jak dba\u0107 o sk\u00f3r\u0119 r\u0105k, by by\u0142a mi\u0119kka i g\u0142adka? . Dlaczego d\u0142onie s\u0105 szorstkie? [&hellip;]<\/p>\n","protected":false},"author":2,"featured_media":4783,"comment_status":"open","ping_status":"open","sticky":false,"template":"","format":"standard","meta":{"_et_pb_use_builder":"","_et_pb_old_content":"","_et_gb_content_width":"","footnotes":""},"categories":[185],"tags":[],"class_list":["post-4780","post","type-post","status-publish","format-standard","has-post-thumbnail","hentry","category-codzienna-pielegnacja","et-has-post-format-content","et_post_format-et-post-format-standard"],"_links":{"self":[{"href":"https:\/\/neness.pl\/blog\/wp-json\/wp\/v2\/posts\/4780","targetHints":{"allow":["GET"]}}],"collection":[{"href":"https:\/\/neness.pl\/blog\/wp-json\/wp\/v2\/posts"}],"about":[{"href":"https:\/\/neness.pl\/blog\/wp-json\/wp\/v2\/types\/post"}],"author":[{"embeddable":true,"href":"https:\/\/neness.pl\/blog\/wp-json\/wp\/v2\/users\/2"}],"replies":[{"embeddable":true,"href":"https:\/\/neness.pl\/blog\/wp-json\/wp\/v2\/comments?post=4780"}],"version-history":[{"count":0,"href":"https:\/\/neness.pl\/blog\/wp-json\/wp\/v2\/posts\/4780\/revisions"}],"wp:featuredmedia":[{"embeddable":true,"href":"https:\/\/neness.pl\/blog\/wp-json\/wp\/v2\/media\/4783"}],"wp:attachment":[{"href":"https:\/\/neness.pl\/blog\/wp-json\/wp\/v2\/media?parent=4780"}],"wp:term":[{"taxonomy":"category","embeddable":true,"href":"https:\/\/neness.pl\/blog\/wp-json\/wp\/v2\/categories?post=4780"},{"taxonomy":"post_tag","embeddable":true,"href":"https:\/\/neness.pl\/blog\/wp-json\/wp\/v2\/tags?post=4780"}],"curies":[{"name":"wp","href":"https:\/\/api.w.org\/{rel}","templated":true}]}}