{"id":4746,"date":"2018-05-21T14:41:38","date_gmt":"2018-05-21T12:41:38","guid":{"rendered":"http:\/\/ranking-kosmetykow.pl\/?p=4746"},"modified":"2018-05-21T14:41:38","modified_gmt":"2018-05-21T12:41:38","slug":"modne-paznokcie-na-lato-2018","status":"publish","type":"post","link":"https:\/\/neness.pl\/blog\/modne-paznokcie-na-lato-2018\/","title":{"rendered":"Modne paznokcie na lato 2018"},"content":{"rendered":"<p>Wiosna w pe\u0142ni, lato za pasem, najwy\u017cszy czas, by sprawdzi\u0107 jakie trendy w zdobieniu paznokci proponuj\u0105 nam na ten sezon projektanci. Jakie kolory najcz\u0119\u015bciej pojawiaj\u0105 si\u0119 na wybiegach mody? Jakie paznokcie b\u0119dziemy nosi\u0107 wiosn\u0105 i latem 2018? Przeczytajcie!<\/p>\n<p>&nbsp;<\/p>\n<h3>Spokojne pastele<\/h3>\n<p>Nikogo chyba nie zdziwi fakt, \u017ce tak\u017ce tej wiosny i lata, jak co roku na naszych paznokciach zagoszcz\u0105 lakiery w odcieniach <strong>pastelowych<\/strong>. W\u015br\u00f3d nich nie spos\u00f3b nie wymieni\u0107 klasycznych odcieni jasnego <strong>r\u00f3\u017cu<\/strong>, <strong>be\u017cu<\/strong>, cielistych odcieni <strong>nude<\/strong>, czy s\u0142onecznych <strong>\u017c\u00f3\u0142ci<\/strong>. Jednak zdecydowanie pastelowym kolorem sezonu letniego b\u0119dzie\u2026 <strong>b\u0142\u0119kit<\/strong>. Niebieski w odcieniu nieba go\u015bci\u0142 bowiem na paznokciach wielu modelek.<\/p>\n<p>&nbsp;<\/p>\n<div id=\"attachment_4749\" style=\"width: 1010px\" class=\"wp-caption aligncenter\"><img loading=\"lazy\" decoding=\"async\" aria-describedby=\"caption-attachment-4749\" class=\"size-full wp-image-4749\" src=\"http:\/\/ranking-kosmetykow.pl\/wp-content\/uploads\/2018\/05\/Fotolia_201929403_Subscription_XXL.jpg\" alt=\"\" width=\"1000\" height=\"666\" srcset=\"https:\/\/neness.pl\/blog\/wp-content\/uploads\/2018\/05\/Fotolia_201929403_Subscription_XXL.jpg 1000w, https:\/\/neness.pl\/blog\/wp-content\/uploads\/2018\/05\/Fotolia_201929403_Subscription_XXL-300x200.jpg 300w, https:\/\/neness.pl\/blog\/wp-content\/uploads\/2018\/05\/Fotolia_201929403_Subscription_XXL-768x511.jpg 768w, https:\/\/neness.pl\/blog\/wp-content\/uploads\/2018\/05\/Fotolia_201929403_Subscription_XXL-610x406.jpg 610w\" sizes=\"auto, (max-width: 1000px) 100vw, 1000px\" \/><p id=\"caption-attachment-4749\" class=\"wp-caption-text\">fotolia.com, #201929403 | Autor: IzzzIStock<\/p><\/div>\n<p>&nbsp;<\/p>\n<h3>Wszystkie odcienie zieleni<\/h3>\n<p>Kolejnym kolorem, kt\u00f3ry w tym sezonie jest zdecydowanie jednym z najmodniejszych, jest <strong>zielony<\/strong>. Na paznokciach nosimy wszystkie jego odcienie, od pastelowej mi\u0119ty, poprzez stonowane khaki, trawiast\u0105, intensywn\u0105 ziele\u0144, a\u017c po morskie odcienie turkusu. Bardzo modna jest tak\u017ce <strong>opalizuj\u0105ca<\/strong> ziele\u0144. Ka\u017cda z nas na pewno znajdzie sw\u00f3j ulubiony wariant zielonego!<\/p>\n<p>&nbsp;<\/p>\n<div id=\"attachment_4750\" style=\"width: 1010px\" class=\"wp-caption aligncenter\"><img loading=\"lazy\" decoding=\"async\" aria-describedby=\"caption-attachment-4750\" class=\"size-full wp-image-4750\" src=\"http:\/\/ranking-kosmetykow.pl\/wp-content\/uploads\/2018\/05\/Fotolia_176710181_Subscription_XXL.jpg\" alt=\"\" width=\"1000\" height=\"666\" srcset=\"https:\/\/neness.pl\/blog\/wp-content\/uploads\/2018\/05\/Fotolia_176710181_Subscription_XXL.jpg 1000w, https:\/\/neness.pl\/blog\/wp-content\/uploads\/2018\/05\/Fotolia_176710181_Subscription_XXL-300x200.jpg 300w, https:\/\/neness.pl\/blog\/wp-content\/uploads\/2018\/05\/Fotolia_176710181_Subscription_XXL-768x511.jpg 768w, https:\/\/neness.pl\/blog\/wp-content\/uploads\/2018\/05\/Fotolia_176710181_Subscription_XXL-610x406.jpg 610w\" sizes=\"auto, (max-width: 1000px) 100vw, 1000px\" \/><p id=\"caption-attachment-4750\" class=\"wp-caption-text\">fotolia.com, #176710181 | Autor: dina_shuba<\/p><\/div>\n<p>&nbsp;<\/p>\n<h3>A mo\u017ce pomara\u0144cz?<\/h3>\n<p>Nie zapominajmy, \u017ce wiosna i lato to jednak przede wszystkim sezon na <strong>soczyste<\/strong> kolory. W\u015br\u00f3d nich nie mog\u0142o zabrakn\u0105\u0107 intensywnego <strong>pomara\u0144czu<\/strong>, kt\u00f3ry jest \u015bwietn\u0105, letni\u0105 alternatyw\u0105 dla klasycznej czerwieni i bordo. Pomara\u0144cz w soczystym, cytrusowym odcieniu to must-have tego sezonu.<\/p>\n<p>&nbsp;<\/p>\n<div id=\"attachment_4751\" style=\"width: 1010px\" class=\"wp-caption aligncenter\"><img loading=\"lazy\" decoding=\"async\" aria-describedby=\"caption-attachment-4751\" class=\"wp-image-4751\" src=\"http:\/\/ranking-kosmetykow.pl\/wp-content\/uploads\/2018\/05\/pomara\u0144cz.png\" alt=\"\" width=\"1000\" height=\"667\" \/><p id=\"caption-attachment-4751\" class=\"wp-caption-text\">fotolia.com, #116191389 | Autor: baiajaku<\/p><\/div>\n<p>&nbsp;<\/p>\n<h3>Reverse manicure<\/h3>\n<p>Jednak same kolory to nie wszystko. Najmodniejszym zdobieniem, kt\u00f3re kr\u00f3luje ju\u017c od kilku sezon\u00f3w, jest charakterystyczny \u201ereverse manicure\u201d, czyli <strong>odwr\u00f3cony manicure francuski<\/strong>. To prosty i bardzo efektowny spos\u00f3b zdobienia paznokci.<\/p>\n<p>Reverse manicure najlepiej wygl\u0105da w po\u0142\u0105czeniu dw\u00f3ch <strong>kontrastowych<\/strong> kolor\u00f3w i doskonale komponuje si\u0119 z lakierami brokatowymi lub metalicznymi. Pami\u0119taj tylko, by odpowiednio dobra\u0107 kolory \u2013 by unikn\u0105\u0107 efektu zaniedbanych paznokci, wybierz ciemniejszy kolor u nasady, a ja\u015bniejszy na reszt\u0119 paznokcia.<\/p>\n<p>&nbsp;<\/p>\n<h3>Najmodniejsze wzory<\/h3>\n<p>Lato nie mo\u017ce oczywi\u015bcie oby\u0107 si\u0119 bez szalonych zdobie\u0144 na paznokciach. To przecie\u017c doskona\u0142y czas na odrobin\u0119 szale\u0144stwa!<\/p>\n<p>W tym sezonie zdecydowanie kr\u00f3luj\u0105 <strong>abstrakcyjne<\/strong> zdobienia w \u017cywych kolorach i wzorki w kszta\u0142cie <strong>t\u0119czy<\/strong> \u2013 w tym wypadku mamy dowolno\u015b\u0107, czy zdecydujemy si\u0119 raczej na pastele, czy te\u017c postawimy na odcienie neonowe.<\/p>\n<p>Poza t\u0119cz\u0105, jak przysta\u0142o na t\u0119 por\u0119 roku, do \u0142ask wracaj\u0105 wzorki <strong>kwiatowe<\/strong>. Mo\u017cemy nimi ozdobi\u0107 jeden paznokie\u0107 lub zaszale\u0107 i ka\u017cdy palec ozdobi\u0107 innym kwiatuszkiem. To \u015bwietny pomys\u0142 na wakacyjne zdobienie. W przypadku tego zdobienia z powodzeniem mo\u017cemy wykorzysta\u0107 tak\u017ce gotowe <strong>naklejki<\/strong> lub piecz\u0105tki, kt\u00f3re na pewno u\u0142atwi\u0105 nam ozdobienie p\u0142ytki.<\/p>\n<p>W tym sezonie wci\u0105\u017c modne s\u0105 tak\u017ce <strong>wzory<\/strong> <strong>geometryczne<\/strong>. W tym wypadku stawiamy przede wszystkim na minimalizm \u2013 <strong>kropki<\/strong> i <strong>kreski<\/strong> s\u0105 zdecydowanie na czasie. A opr\u00f3cz tego, takie zdobienie jest niezwykle \u0142atwe do wykonania. Skusicie si\u0119?<\/p>\n<p>&nbsp;<\/p>\n<div id=\"attachment_4752\" style=\"width: 1010px\" class=\"wp-caption aligncenter\"><img loading=\"lazy\" decoding=\"async\" aria-describedby=\"caption-attachment-4752\" class=\"size-full wp-image-4752\" src=\"http:\/\/ranking-kosmetykow.pl\/wp-content\/uploads\/2018\/05\/Fotolia_197476000_Subscription_XXL.jpg\" alt=\"\" width=\"1000\" height=\"666\" srcset=\"https:\/\/neness.pl\/blog\/wp-content\/uploads\/2018\/05\/Fotolia_197476000_Subscription_XXL.jpg 1000w, https:\/\/neness.pl\/blog\/wp-content\/uploads\/2018\/05\/Fotolia_197476000_Subscription_XXL-300x200.jpg 300w, https:\/\/neness.pl\/blog\/wp-content\/uploads\/2018\/05\/Fotolia_197476000_Subscription_XXL-768x511.jpg 768w, https:\/\/neness.pl\/blog\/wp-content\/uploads\/2018\/05\/Fotolia_197476000_Subscription_XXL-610x406.jpg 610w\" sizes=\"auto, (max-width: 1000px) 100vw, 1000px\" \/><p id=\"caption-attachment-4752\" class=\"wp-caption-text\">fotolia.com, #197476000 | Autor: puhhha<\/p><\/div>\n","protected":false},"excerpt":{"rendered":"<p>Wiosna w pe\u0142ni, lato za pasem, najwy\u017cszy czas, by sprawdzi\u0107 jakie trendy w zdobieniu paznokci proponuj\u0105 nam na ten sezon projektanci. Jakie kolory najcz\u0119\u015bciej pojawiaj\u0105 si\u0119 na wybiegach mody? Jakie paznokcie b\u0119dziemy nosi\u0107 wiosn\u0105 i latem 2018? Przeczytajcie! &nbsp; Spokojne pastele Nikogo chyba nie zdziwi fakt, \u017ce tak\u017ce tej wiosny i lata, jak co roku [&hellip;]<\/p>\n","protected":false},"author":2,"featured_media":3165,"comment_status":"open","ping_status":"open","sticky":false,"template":"","format":"standard","meta":{"_et_pb_use_builder":"","_et_pb_old_content":"","_et_gb_content_width":"","footnotes":""},"categories":[6],"tags":[],"class_list":["post-4746","post","type-post","status-publish","format-standard","has-post-thumbnail","hentry","category-trendy","et-has-post-format-content","et_post_format-et-post-format-standard"],"_links":{"self":[{"href":"https:\/\/neness.pl\/blog\/wp-json\/wp\/v2\/posts\/4746","targetHints":{"allow":["GET"]}}],"collection":[{"href":"https:\/\/neness.pl\/blog\/wp-json\/wp\/v2\/posts"}],"about":[{"href":"https:\/\/neness.pl\/blog\/wp-json\/wp\/v2\/types\/post"}],"author":[{"embeddable":true,"href":"https:\/\/neness.pl\/blog\/wp-json\/wp\/v2\/users\/2"}],"replies":[{"embeddable":true,"href":"https:\/\/neness.pl\/blog\/wp-json\/wp\/v2\/comments?post=4746"}],"version-history":[{"count":0,"href":"https:\/\/neness.pl\/blog\/wp-json\/wp\/v2\/posts\/4746\/revisions"}],"wp:featuredmedia":[{"embeddable":true,"href":"https:\/\/neness.pl\/blog\/wp-json\/wp\/v2\/media\/3165"}],"wp:attachment":[{"href":"https:\/\/neness.pl\/blog\/wp-json\/wp\/v2\/media?parent=4746"}],"wp:term":[{"taxonomy":"category","embeddable":true,"href":"https:\/\/neness.pl\/blog\/wp-json\/wp\/v2\/categories?post=4746"},{"taxonomy":"post_tag","embeddable":true,"href":"https:\/\/neness.pl\/blog\/wp-json\/wp\/v2\/tags?post=4746"}],"curies":[{"name":"wp","href":"https:\/\/api.w.org\/{rel}","templated":true}]}}