{"id":4713,"date":"2018-05-17T12:10:10","date_gmt":"2018-05-17T10:10:10","guid":{"rendered":"http:\/\/ranking-kosmetykow.pl\/?p=4713"},"modified":"2018-05-17T12:10:10","modified_gmt":"2018-05-17T10:10:10","slug":"czy-kremy-na-noc-naprawde-dzialaja","status":"publish","type":"post","link":"https:\/\/neness.pl\/blog\/czy-kremy-na-noc-naprawde-dzialaja\/","title":{"rendered":"Czy kremy na noc naprawd\u0119 dzia\u0142aj\u0105?"},"content":{"rendered":"<p style=\"text-align: justify;\">Na naszym blogu bardzo cz\u0119sto m\u00f3wimy o tym, jak wa\u017cna jest piel\u0119gnacja cery\u00a0&#8211; to w\u0142a\u015bnie zadbana sk\u00f3ra\u00a0jest przecie\u017c najlepsz\u0105 baz\u0105 pod makija\u017c. Warto pami\u0119ta\u0107 wi\u0119c, \u017ce kluczowe znaczenie dla jej kondycji ma to, jak zadbamy o nasz\u0105 twarz tu\u017c przed snem. W dzisiejszym artykule odpowiemy na pytanie, czy kremy na noc naprawd\u0119 dzia\u0142aj\u0105 i czy warto je stosowa\u0107?<\/p>\n<p style=\"text-align: justify;\"><span style=\"color: #ffffff;\">.<\/span><\/p>\n<h3 style=\"text-align: justify;\">Czym r\u00f3\u017cni si\u0119 krem na noc i krem na dzie\u0144?<\/h3>\n<p style=\"text-align: justify;\">O tym, jak powinna wygl\u0105da\u0107 <a href=\"http:\/\/ranking-kosmetykow.pl\/2018\/02\/23\/wieczorna-pielegnacja-cery-obudz-sie-z-piekniejsza-skora\/\">wieczorna piel\u0119gnacja cery<\/a>, pisali\u015bmy ju\u017c jaki\u015b czas temu. Jest ona niezwykle <strong>wa\u017cna<\/strong>, bo to w\u0142a\u015bnie noc\u0105 nasza sk\u00f3ra si\u0119 regeneruje, a wszystkie substancje zawarte w kosmetykach <strong>lepiej<\/strong> wch\u0142aniaj\u0105. O ile umiar w ka\u017cdej dziedzinie, tak\u017ce w zakresie piel\u0119gnacji sk\u00f3ry, jest zazwyczaj najlepszym rozwi\u0105zaniem, to w przypadku krem\u00f3w do piel\u0119gnacji cery warto zadba\u0107 o <strong>oddzielny<\/strong> krem na dzie\u0144 i oddzielny na noc. Dlaczego?<\/p>\n<p style=\"text-align: justify;\">Ka\u017cdy z nich r\u00f3\u017cni si\u0119 <strong>kompozycj\u0105<\/strong> sk\u0142adnik\u00f3w i konsystencj\u0105. O ile w ci\u0105gu dnia najlepiej sprawdzaj\u0105 si\u0119 kosmetyki z filtrem przeciws\u0142onecznym i o l\u017cejszej formule, tak na noc warto si\u0119ga\u0107 po te <strong>bardziej<\/strong> <strong>od\u017cywcze<\/strong>, kt\u00f3re wspomog\u0105 proces regeneracji sk\u00f3ry i j\u0105 od\u017cywi\u0105.<\/p>\n<p style=\"text-align: justify;\">Pami\u0119tajmy tak\u017ce, \u017ce sk\u00f3ra zupe\u0142nie <strong>inaczej<\/strong> funkcjonuje w ci\u0105gu dnia i w ci\u0105gu nocy. To w\u0142a\u015bnie w nocy zaczyna si\u0119 <strong>proces odnowy kom\u00f3rkowej<\/strong> \u2013 odbudowuje si\u0119 naturalna warstwa ochronna, sk\u00f3ra lepiej oddycha i si\u0119 dotlenia, a tak\u017ce wydala nagromadzone w ci\u0105gu dnia toksyny. Dlatego te\u017c potrzebuje innych sk\u0142adnik\u00f3w od\u017cywczych w dzie\u0144 i w nocy.<\/p>\n<p style=\"text-align: justify;\"><span style=\"color: #ffffff;\">.<\/span><\/p>\n<div id=\"attachment_4719\" style=\"width: 583px\" class=\"wp-caption aligncenter\"><a href=\"https:\/\/neness.pl\/kosmetyki\/pielegnacja_twarzy\/kremy\/pilaten_krem_na_szyje_i_dekolt_przeciwzmarszczkowy_i_liftingujacy_z_awokado_50g.html\"><img loading=\"lazy\" decoding=\"async\" aria-describedby=\"caption-attachment-4719\" class=\" wp-image-4719\" src=\"http:\/\/ranking-kosmetykow.pl\/wp-content\/uploads\/2018\/05\/5de62c2324aac8e2ed543e922cc52b7a.jpg\" alt=\"\" width=\"573\" height=\"764\" srcset=\"https:\/\/neness.pl\/blog\/wp-content\/uploads\/2018\/05\/5de62c2324aac8e2ed543e922cc52b7a.jpg 750w, https:\/\/neness.pl\/blog\/wp-content\/uploads\/2018\/05\/5de62c2324aac8e2ed543e922cc52b7a-225x300.jpg 225w, https:\/\/neness.pl\/blog\/wp-content\/uploads\/2018\/05\/5de62c2324aac8e2ed543e922cc52b7a-610x813.jpg 610w\" sizes=\"auto, (max-width: 573px) 100vw, 573px\" \/><\/a><p id=\"caption-attachment-4719\" class=\"wp-caption-text\">Pilaten Krem na Szyj\u0119 i Dekolt Przeciwzmarszczkowy i Liftinguj\u0105cy z Awokado 50g \/<br \/>69,80 z\u0142<\/p><\/div>\n<p style=\"text-align: justify;\"><span style=\"color: #ffffff;\">.<\/span><\/p>\n<h3 style=\"text-align: justify;\">Czego szuka\u0107 w kremach na noc?<\/h3>\n<p style=\"text-align: justify;\">Najwa\u017cniejszym zadaniem kremu na noc jest <strong>od\u017cywienie<\/strong> i nawil\u017cenie sk\u00f3ry.\u00a0W kosmetykach tego typu szuka\u0107 powinny\u015bmy wi\u0119c w\u0142a\u015bnie substancji o takim dzia\u0142aniu. Dobrze sprawdzaj\u0105 si\u0119 kosmetyki zawieraj\u0105ce naturalne <strong>oleje<\/strong> i <strong>mas\u0142a<\/strong> ro\u015blinne, a tak\u017ce sk\u0142adniki, kt\u00f3re pomog\u0105 <strong>zatrzyma\u0107<\/strong> w sk\u00f3rze wilgo\u0107. Do tych ostatnich nale\u017cy na przyk\u0142ad <strong>kwas<\/strong> <strong>hialuronowy<\/strong>, a tak\u017ce kolagen i ceramidy.<\/p>\n<p style=\"text-align: justify;\">W kremach na noc mile widziane s\u0105 tak\u017ce <strong>witaminy<\/strong>, szczeg\u00f3lnie A, E i C, kt\u00f3re s\u0105 silnymi przeciwutleniaczami. Doskonale sprawdzaj\u0105 si\u0119 w piel\u0119gnacji <strong>przeciwzmarszczkowej<\/strong>. Opr\u00f3cz nich w kosmetykach na noc szukajmy tak\u017ce retinolu, koenzymu Q10, kwasu liponowego, a tak\u017ce mocznika, kt\u00f3ry zadba o to, by sk\u00f3ra by\u0142a g\u0142adka i mi\u0119kka. Unikajmy natomiast substancji matuj\u0105cych oraz filtr\u00f3w przeciws\u0142onecznych.<\/p>\n<p style=\"text-align: justify;\"><span style=\"color: #ffffff;\">.<\/span><\/p>\n<div id=\"attachment_4720\" style=\"width: 605px\" class=\"wp-caption aligncenter\"><a href=\"https:\/\/neness.pl\/kosmetyki\/pielegnacja_twarzy\/kremy\/dermacol_gold_elixir_odmladzajacy_krem_na_noc.html\"><img loading=\"lazy\" decoding=\"async\" aria-describedby=\"caption-attachment-4720\" class=\" wp-image-4720\" src=\"http:\/\/ranking-kosmetykow.pl\/wp-content\/uploads\/2018\/05\/900985a73c91095227caa86fbad8ed4b.jpg\" alt=\"\" width=\"595\" height=\"794\" srcset=\"https:\/\/neness.pl\/blog\/wp-content\/uploads\/2018\/05\/900985a73c91095227caa86fbad8ed4b.jpg 750w, https:\/\/neness.pl\/blog\/wp-content\/uploads\/2018\/05\/900985a73c91095227caa86fbad8ed4b-225x300.jpg 225w, https:\/\/neness.pl\/blog\/wp-content\/uploads\/2018\/05\/900985a73c91095227caa86fbad8ed4b-610x813.jpg 610w\" sizes=\"auto, (max-width: 595px) 100vw, 595px\" \/><\/a><p id=\"caption-attachment-4720\" class=\"wp-caption-text\">Dermacol Gold Elixir Odm\u0142adzaj\u0105cy Krem na Noc \/<br \/>39,80 z\u0142<\/p><\/div>\n<p style=\"text-align: justify;\"><span style=\"color: #ffffff;\">.<\/span><\/p>\n<h3 style=\"text-align: justify;\">Jak stosowa\u0107 krem na noc?<\/h3>\n<p style=\"text-align: justify;\">Krem na noc zawsze stosujemy na ko\u0144cu, po dok\u0142adnym demakija\u017cu i oczyszczeniu sk\u00f3ry. Tylko wtedy nasza cera b\u0119dzie mia\u0142a szans\u0119 w pe\u0142ni skorzysta\u0107 z zawartych w kosmetyku substancji od\u017cywczych i odpowiednio si\u0119 zregenerowa\u0107. By <strong>wzmocni\u0107<\/strong> dzia\u0142anie krem\u00f3w na noc, warto od czasu do czasu na\u0142o\u017cy\u0107 dodatkowo serum.<\/p>\n<p style=\"text-align: justify;\">Pami\u0119tajmy tak\u017ce, \u017ce krem na noc nak\u0142adamy nie tylko na sam\u0105 twarz, ale tak\u017ce na <strong>szyj\u0119<\/strong> i <strong>dekolt<\/strong>, bo to w\u0142a\u015bnie w tych miejscach najszybciej widoczne s\u0105 pierwsze oznaki starzenia.<\/p>\n<p style=\"text-align: justify;\">Podczas nak\u0142adania kremu na noc warto tak\u017ce wykona\u0107 delikatny <strong>masa\u017c<\/strong> sk\u00f3ry, kt\u00f3ry pobudzi mi\u0119\u015bnie i poprawi kr\u0105\u017cenie, dzi\u0119ki czemu cera rozgrzeje si\u0119, stanie si\u0119 bardziej napi\u0119ta, uj\u0119drniona i lepiej wch\u0142onie wszystkie sk\u0142adniki aktywne oraz b\u0119dzie lepiej dotleniona.<\/p>\n<p style=\"text-align: justify;\"><span style=\"color: #ffffff;\">.<\/span><\/p>\n<div id=\"attachment_4721\" style=\"width: 740px\" class=\"wp-caption aligncenter\"><a href=\"https:\/\/neness.pl\/kosmetyki\/pielegnacja_twarzy\/kremy\/dermacol_3d_hyaluron_therapy_remodelujacy_krem_na_noc_night_cream.html\"><img loading=\"lazy\" decoding=\"async\" aria-describedby=\"caption-attachment-4721\" class=\" wp-image-4721\" src=\"http:\/\/ranking-kosmetykow.pl\/wp-content\/uploads\/2018\/05\/da03493f52dddd4cb4adbfe8980ce409.jpg\" alt=\"\" width=\"730\" height=\"973\" srcset=\"https:\/\/neness.pl\/blog\/wp-content\/uploads\/2018\/05\/da03493f52dddd4cb4adbfe8980ce409.jpg 750w, https:\/\/neness.pl\/blog\/wp-content\/uploads\/2018\/05\/da03493f52dddd4cb4adbfe8980ce409-225x300.jpg 225w, https:\/\/neness.pl\/blog\/wp-content\/uploads\/2018\/05\/da03493f52dddd4cb4adbfe8980ce409-610x813.jpg 610w\" sizes=\"auto, (max-width: 730px) 100vw, 730px\" \/><\/a><p id=\"caption-attachment-4721\" class=\"wp-caption-text\">Dermacol 3D Hyaluron Therapy Remodeluj\u0105cy Krem Na Noc Night Cream \/<br \/>35,90 z\u0142<\/p><\/div>\n","protected":false},"excerpt":{"rendered":"<p>Na naszym blogu bardzo cz\u0119sto m\u00f3wimy o tym, jak wa\u017cna jest piel\u0119gnacja cery\u00a0&#8211; to w\u0142a\u015bnie zadbana sk\u00f3ra\u00a0jest przecie\u017c najlepsz\u0105 baz\u0105 pod makija\u017c. Warto pami\u0119ta\u0107 wi\u0119c, \u017ce kluczowe znaczenie dla jej kondycji ma to, jak zadbamy o nasz\u0105 twarz tu\u017c przed snem. W dzisiejszym artykule odpowiemy na pytanie, czy kremy na noc naprawd\u0119 dzia\u0142aj\u0105 i czy [&hellip;]<\/p>\n","protected":false},"author":2,"featured_media":4718,"comment_status":"open","ping_status":"open","sticky":false,"template":"","format":"standard","meta":{"_et_pb_use_builder":"","_et_pb_old_content":"","_et_gb_content_width":"","footnotes":""},"categories":[185],"tags":[],"class_list":["post-4713","post","type-post","status-publish","format-standard","has-post-thumbnail","hentry","category-codzienna-pielegnacja","et-has-post-format-content","et_post_format-et-post-format-standard"],"_links":{"self":[{"href":"https:\/\/neness.pl\/blog\/wp-json\/wp\/v2\/posts\/4713","targetHints":{"allow":["GET"]}}],"collection":[{"href":"https:\/\/neness.pl\/blog\/wp-json\/wp\/v2\/posts"}],"about":[{"href":"https:\/\/neness.pl\/blog\/wp-json\/wp\/v2\/types\/post"}],"author":[{"embeddable":true,"href":"https:\/\/neness.pl\/blog\/wp-json\/wp\/v2\/users\/2"}],"replies":[{"embeddable":true,"href":"https:\/\/neness.pl\/blog\/wp-json\/wp\/v2\/comments?post=4713"}],"version-history":[{"count":0,"href":"https:\/\/neness.pl\/blog\/wp-json\/wp\/v2\/posts\/4713\/revisions"}],"wp:featuredmedia":[{"embeddable":true,"href":"https:\/\/neness.pl\/blog\/wp-json\/wp\/v2\/media\/4718"}],"wp:attachment":[{"href":"https:\/\/neness.pl\/blog\/wp-json\/wp\/v2\/media?parent=4713"}],"wp:term":[{"taxonomy":"category","embeddable":true,"href":"https:\/\/neness.pl\/blog\/wp-json\/wp\/v2\/categories?post=4713"},{"taxonomy":"post_tag","embeddable":true,"href":"https:\/\/neness.pl\/blog\/wp-json\/wp\/v2\/tags?post=4713"}],"curies":[{"name":"wp","href":"https:\/\/api.w.org\/{rel}","templated":true}]}}