{"id":4699,"date":"2018-05-16T11:11:19","date_gmt":"2018-05-16T09:11:19","guid":{"rendered":"http:\/\/ranking-kosmetykow.pl\/?p=4699"},"modified":"2018-05-16T11:11:19","modified_gmt":"2018-05-16T09:11:19","slug":"cytryna-w-kosmetykach","status":"publish","type":"post","link":"https:\/\/neness.pl\/blog\/cytryna-w-kosmetykach\/","title":{"rendered":"Cytryna w kosmetykach"},"content":{"rendered":"<p style=\"text-align: justify;\">Pogoda za oknem zach\u0119ca, by si\u0119gn\u0105\u0107 po orze\u017awiaj\u0105c\u0105 lemoniad\u0119 z cytryn\u0105. Jednak owoc ten ma zastosowanie nie tylko w kuchni. Cytryna to tak\u017ce jeden z najch\u0119tniej wykorzystywanych owoc\u00f3w w domowych kosmetykach.\u00a0Spotka\u0107 j\u0105 mo\u017cemy tak\u017ce w gotowych produktach, kt\u00f3re znajdziemy na drogeryjnych p\u00f3\u0142kach. Dlaczego jest ona tak popularna? Co kryje si\u0119 w tym niewielkim \u017c\u00f3\u0142tym owocu?<\/p>\n<p style=\"text-align: justify;\"><span style=\"color: #ffffff;\">.<\/span><\/p>\n<h3 style=\"text-align: justify;\">W\u0142a\u015bciwo\u015bci cytryny<\/h3>\n<p style=\"text-align: justify;\">Cytryna to owoc o kwa\u015bnym smaku, kt\u00f3ry zawdzi\u0119cza przede wszystkim wysokiej zawarto\u015bci <strong>witaminy C<\/strong> oraz <strong>kwasu cytrynowego<\/strong>. Sprawia to, \u017ce jest ona nie tylko doskona\u0142ym dodatkiem do potraw, ale tak\u017ce \u015bwietnie sprawdza si\u0119 w <strong>piel\u0119gnacji<\/strong> sk\u00f3ry. Kwas cytrynowy zaliczany jest do grupy kwas\u00f3w alfa-hydroksykwas\u00f3w, potocznie zwanymi <strong>kwasami AHA<\/strong>, kt\u00f3re cenione s\u0105 za swoje w\u0142a\u015bciwo\u015bci <strong>rozja\u015bniaj\u0105ce<\/strong> i <strong>z\u0142uszczaj\u0105ce<\/strong>. Ponadto w cytrynie znajdziemy tak\u017ce flawonoidy, witaminy z grupy B, potas, wap\u0144 oraz kwas foliowy.<\/p>\n<p style=\"text-align: justify;\"><span style=\"color: #ffffff;\">.<\/span><\/p>\n<div id=\"attachment_4702\" style=\"width: 556px\" class=\"wp-caption aligncenter\"><a href=\"https:\/\/neness.pl\/kosmetyki\/pielegnacja_twarzy\/maseczki\/holika_holika_pure_essence_maska_cytryna_mask_sheet_lemon.html\"><img loading=\"lazy\" decoding=\"async\" aria-describedby=\"caption-attachment-4702\" class=\" wp-image-4702\" src=\"http:\/\/ranking-kosmetykow.pl\/wp-content\/uploads\/2018\/05\/005126d7a561ce90ea570e20e94e9f23.jpg\" alt=\"\" width=\"546\" height=\"728\" srcset=\"https:\/\/neness.pl\/blog\/wp-content\/uploads\/2018\/05\/005126d7a561ce90ea570e20e94e9f23.jpg 750w, https:\/\/neness.pl\/blog\/wp-content\/uploads\/2018\/05\/005126d7a561ce90ea570e20e94e9f23-225x300.jpg 225w, https:\/\/neness.pl\/blog\/wp-content\/uploads\/2018\/05\/005126d7a561ce90ea570e20e94e9f23-610x813.jpg 610w\" sizes=\"auto, (max-width: 546px) 100vw, 546px\" \/><\/a><p id=\"caption-attachment-4702\" class=\"wp-caption-text\">Holika Holika Pure Essence Maska Cytryna Mask Sheet Lemon \/<br \/>10,90 z\u0142<\/p><\/div>\n<p style=\"text-align: justify;\"><span style=\"color: #ffffff;\">.<\/span><\/p>\n<h3 style=\"text-align: justify;\">Cytryna na przebarwienia i tr\u0105dzik<\/h3>\n<p style=\"text-align: justify;\">Wspomniany ju\u017c kwas cytrynowy oraz witamina C sprawiaj\u0105, \u017ce cytryna i jej ekstrakty doskonale sprawdzaj\u0105 si\u0119 jako sk\u0142adnik kosmetyk\u00f3w <strong>zwalczaj\u0105cych<\/strong> <strong>przebarwienia<\/strong> oraz w <strong>walce z tr\u0105dzikiem<\/strong>. \u015awietnie sprawdza si\u0119 ona tak\u017ce w piel\u0119gnacji sk\u00f3ry <strong>t\u0142ustej<\/strong> i mieszanej \u2013 reguluje pH sk\u00f3ry, ma dzia\u0142anie oczyszczaj\u0105ce, odblokowuje i \u015bci\u0105ga pory, normuje wydzielanie sebum. Ponadto dzia\u0142a tak\u017ce <strong>antybakteryjnie<\/strong>, wi\u0119c dobrze sprawdza si\u0119 przy piel\u0119gnacji cery z niedoskona\u0142o\u015bciami.<\/p>\n<p style=\"text-align: justify;\">Cytryn\u0119 polubi\u0105 tak\u017ce osoby zmagaj\u0105ce si\u0119 z <strong>przebarwieniami<\/strong>. Zawarty w cytrynie kwas i witamina C rozja\u015bniaj\u0105 sk\u00f3r\u0119, dzia\u0142aj\u0105 z\u0142uszczaj\u0105co i roz\u015bwietlaj\u0105co. Ponadto <strong>od\u015bwie\u017ca<\/strong> i <strong>wyg\u0142adza<\/strong> cer\u0119.<\/p>\n<p style=\"text-align: justify;\"><span style=\"color: #ffffff;\">.<\/span><\/p>\n<div id=\"attachment_4704\" style=\"width: 634px\" class=\"wp-caption aligncenter\"><a href=\"https:\/\/neness.pl\/kosmetyki\/pielegnacja_twarzy\/demakijaz_i_oczyszczanie\/kallos_sense_facial_mist_tonizujacy_opryskiwacz_twarzy_100ml.html\"><img loading=\"lazy\" decoding=\"async\" aria-describedby=\"caption-attachment-4704\" class=\" wp-image-4704\" src=\"http:\/\/ranking-kosmetykow.pl\/wp-content\/uploads\/2018\/05\/c76a9d1aaaab5f94f13e44b0ea282aa5.jpg\" alt=\"\" width=\"624\" height=\"832\" srcset=\"https:\/\/neness.pl\/blog\/wp-content\/uploads\/2018\/05\/c76a9d1aaaab5f94f13e44b0ea282aa5.jpg 750w, https:\/\/neness.pl\/blog\/wp-content\/uploads\/2018\/05\/c76a9d1aaaab5f94f13e44b0ea282aa5-225x300.jpg 225w, https:\/\/neness.pl\/blog\/wp-content\/uploads\/2018\/05\/c76a9d1aaaab5f94f13e44b0ea282aa5-610x813.jpg 610w\" sizes=\"auto, (max-width: 624px) 100vw, 624px\" \/><\/a><p id=\"caption-attachment-4704\" class=\"wp-caption-text\">Kallos SENSE Facial Mist Tonizuj\u0105ca Mgie\u0142ka do Twarzy 100ml \/<br \/>12,50 z\u0142<\/p><\/div>\n<p style=\"text-align: justify;\"><span style=\"color: #ffffff;\">.<\/span><\/p>\n<h3 style=\"text-align: justify;\">Cytryna odm\u0142adza?<\/h3>\n<p style=\"text-align: justify;\">Ekstrakty z cytryny mo\u017cemy znale\u017a\u0107 tak\u017ce w kosmetykach, kt\u00f3re maj\u0105 <strong>przeciwdzia\u0142a\u0107<\/strong> oznakom starzenia. Dzi\u0119ki temu, \u017ce zawiera ona sporo <strong>substancji<\/strong> <strong>aktywnych<\/strong>, dzia\u0142a odm\u0142adzaj\u0105co i przeciwdzia\u0142a starzeniu si\u0119 sk\u00f3ry. Witamina C, w kt\u00f3r\u0105 bogata jest cytryna, jest silnym <strong>przeciwutleniaczem<\/strong>, a flawonoidy poprawiaj\u0105 elastyczno\u015b\u0107 sk\u00f3ry. Ponadto wspomniana ju\u017c witamina C wspomaga produkcj\u0119 <strong>kolagenu<\/strong> w sk\u00f3rze.<\/p>\n<p style=\"text-align: justify;\"><span style=\"color: #ffffff;\">.<\/span><\/p>\n<div id=\"attachment_4703\" style=\"width: 557px\" class=\"wp-caption aligncenter\"><a href=\"https:\/\/neness.pl\/kosmetyki\/pielegnacja_ciala\/zele\/dermacol_aroma_ritual_zel_pod_prysznic_cytrynowa_swiezosc.html\"><img loading=\"lazy\" decoding=\"async\" aria-describedby=\"caption-attachment-4703\" class=\" wp-image-4703\" src=\"http:\/\/ranking-kosmetykow.pl\/wp-content\/uploads\/2018\/05\/5182aee0b162883da37ec8fa221386c0.png\" alt=\"\" width=\"547\" height=\"729\" srcset=\"https:\/\/neness.pl\/blog\/wp-content\/uploads\/2018\/05\/5182aee0b162883da37ec8fa221386c0.png 750w, https:\/\/neness.pl\/blog\/wp-content\/uploads\/2018\/05\/5182aee0b162883da37ec8fa221386c0-225x300.png 225w, https:\/\/neness.pl\/blog\/wp-content\/uploads\/2018\/05\/5182aee0b162883da37ec8fa221386c0-610x813.png 610w\" sizes=\"auto, (max-width: 547px) 100vw, 547px\" \/><\/a><p id=\"caption-attachment-4703\" class=\"wp-caption-text\">Dermacol Aroma Ritual \u017bel Pod Prysznic Cytrynowa \u015awie\u017co\u015b\u0107 \/<br \/>9,90 z\u0142<\/p><\/div>\n<p style=\"text-align: justify;\"><span style=\"color: #ffffff;\">.<\/span><\/p>\n<h3 style=\"text-align: justify;\">Cytryna na w\u0142osy<\/h3>\n<p style=\"text-align: justify;\">Jednak cytryna to nie tylko popularny sk\u0142adnik kosmetyk\u00f3w do piel\u0119gnacji twarzy i cia\u0142a. R\u00f3wnie cz\u0119sto spotka\u0107 j\u0105 mo\u017cemy przecie\u017c tak\u017ce w produktach do w\u0142os\u00f3w. Dlaczego? Sok z cytryny dzia\u0142a na fryzur\u0119 jak <strong>naturalny<\/strong> <strong>rozja\u015bniacz<\/strong>, za co kochaj\u0105 go przede wszystkim blondynki.<\/p>\n<p style=\"text-align: justify;\">Sprawdza si\u0119 on tak\u017ce przy w\u0142osach <strong>przet\u0142uszczaj\u0105cych si\u0119<\/strong> \u2013 zawarte w cytrynie sk\u0142adniki pomagaj\u0105 <strong>hamowa\u0107<\/strong> \u0142ojotok i dzia\u0142aj\u0105 od\u015bwie\u017caj\u0105co na sk\u00f3r\u0119 g\u0142owy. Ponadto jest ona skuteczna jako substancja wspomagaj\u0105ca w walce z \u0142upie\u017cem.<\/p>\n<p style=\"text-align: justify;\"><span style=\"color: #ffffff;\">.<\/span><\/p>\n<div id=\"attachment_4705\" style=\"width: 505px\" class=\"wp-caption aligncenter\"><a href=\"https:\/\/neness.pl\/kosmetyki\/pielegnacja_twarzy\/demakijaz_i_oczyszczanie\/holika_holika_daily_pianka_do_mycia_twarzy_citron_cleasing_foam_150ml.html\"><img loading=\"lazy\" decoding=\"async\" aria-describedby=\"caption-attachment-4705\" class=\" wp-image-4705\" src=\"http:\/\/ranking-kosmetykow.pl\/wp-content\/uploads\/2018\/05\/ff27ac7a32c4017c4a9d11f5063b5589.jpg\" alt=\"\" width=\"495\" height=\"660\" srcset=\"https:\/\/neness.pl\/blog\/wp-content\/uploads\/2018\/05\/ff27ac7a32c4017c4a9d11f5063b5589.jpg 750w, https:\/\/neness.pl\/blog\/wp-content\/uploads\/2018\/05\/ff27ac7a32c4017c4a9d11f5063b5589-225x300.jpg 225w, https:\/\/neness.pl\/blog\/wp-content\/uploads\/2018\/05\/ff27ac7a32c4017c4a9d11f5063b5589-610x813.jpg 610w\" sizes=\"auto, (max-width: 495px) 100vw, 495px\" \/><\/a><p id=\"caption-attachment-4705\" class=\"wp-caption-text\">Holika Holika Daily Pianka do Mycia Twarzy Citron Cleasing Foam 150ml \/<br \/>29,90 z\u0142<\/p><\/div>\n<p style=\"text-align: justify;\"><span style=\"color: #ffffff;\">.<\/span><\/p>\n<h3 style=\"text-align: justify;\">Cytryna a pi\u0119kne paznokcie<\/h3>\n<p style=\"text-align: justify;\">Sk\u0142adniki zawarte w cytrynie mo\u017cemy z powodzeniem wykorzysta\u0107 tak\u017ce w <strong>piel\u0119gnacji<\/strong> <strong>paznokci<\/strong>. K\u0105piel d\u0142oni w oliwie z oliwek z dodatkiem soku z cytryny <strong>wzmacnia<\/strong> i <strong>regeneruje<\/strong> p\u0142ytk\u0119 paznokci, a tak\u017ce rozja\u015bnia i wybiela matowe i po\u017c\u00f3\u0142k\u0142e paznokcie.<\/p>\n<p style=\"text-align: justify;\">Dodatkowo sok z cytryny mo\u017cemy wykorzysta\u0107 tak\u017ce do piel\u0119gnacji d\u0142oni \u2013 b\u0142yskawicznie rozja\u015bnia przebarwienia.<\/p>\n","protected":false},"excerpt":{"rendered":"<p>Pogoda za oknem zach\u0119ca, by si\u0119gn\u0105\u0107 po orze\u017awiaj\u0105c\u0105 lemoniad\u0119 z cytryn\u0105. Jednak owoc ten ma zastosowanie nie tylko w kuchni. Cytryna to tak\u017ce jeden z najch\u0119tniej wykorzystywanych owoc\u00f3w w domowych kosmetykach.\u00a0Spotka\u0107 j\u0105 mo\u017cemy tak\u017ce w gotowych produktach, kt\u00f3re znajdziemy na drogeryjnych p\u00f3\u0142kach. Dlaczego jest ona tak popularna? Co kryje si\u0119 w tym niewielkim \u017c\u00f3\u0142tym owocu? [&hellip;]<\/p>\n","protected":false},"author":2,"featured_media":4700,"comment_status":"open","ping_status":"open","sticky":false,"template":"","format":"standard","meta":{"_et_pb_use_builder":"","_et_pb_old_content":"","_et_gb_content_width":"","footnotes":""},"categories":[185],"tags":[],"class_list":["post-4699","post","type-post","status-publish","format-standard","has-post-thumbnail","hentry","category-codzienna-pielegnacja","et-has-post-format-content","et_post_format-et-post-format-standard"],"_links":{"self":[{"href":"https:\/\/neness.pl\/blog\/wp-json\/wp\/v2\/posts\/4699","targetHints":{"allow":["GET"]}}],"collection":[{"href":"https:\/\/neness.pl\/blog\/wp-json\/wp\/v2\/posts"}],"about":[{"href":"https:\/\/neness.pl\/blog\/wp-json\/wp\/v2\/types\/post"}],"author":[{"embeddable":true,"href":"https:\/\/neness.pl\/blog\/wp-json\/wp\/v2\/users\/2"}],"replies":[{"embeddable":true,"href":"https:\/\/neness.pl\/blog\/wp-json\/wp\/v2\/comments?post=4699"}],"version-history":[{"count":0,"href":"https:\/\/neness.pl\/blog\/wp-json\/wp\/v2\/posts\/4699\/revisions"}],"wp:featuredmedia":[{"embeddable":true,"href":"https:\/\/neness.pl\/blog\/wp-json\/wp\/v2\/media\/4700"}],"wp:attachment":[{"href":"https:\/\/neness.pl\/blog\/wp-json\/wp\/v2\/media?parent=4699"}],"wp:term":[{"taxonomy":"category","embeddable":true,"href":"https:\/\/neness.pl\/blog\/wp-json\/wp\/v2\/categories?post=4699"},{"taxonomy":"post_tag","embeddable":true,"href":"https:\/\/neness.pl\/blog\/wp-json\/wp\/v2\/tags?post=4699"}],"curies":[{"name":"wp","href":"https:\/\/api.w.org\/{rel}","templated":true}]}}