{"id":4673,"date":"2018-05-14T11:40:38","date_gmt":"2018-05-14T09:40:38","guid":{"rendered":"http:\/\/ranking-kosmetykow.pl\/?p=4673"},"modified":"2018-05-14T11:40:38","modified_gmt":"2018-05-14T09:40:38","slug":"najmodniejsze-odcienie-wlosow-na-lato-2018","status":"publish","type":"post","link":"https:\/\/neness.pl\/blog\/najmodniejsze-odcienie-wlosow-na-lato-2018\/","title":{"rendered":"Najmodniejsze odcienie w\u0142os\u00f3w na lato 2018"},"content":{"rendered":"<p style=\"text-align: justify;\">Zmiana pogody za oknem sprawia, \u017ce wiele z nas ma ochot\u0119 zmieni\u0107 co\u015b w swoim wizerunku. A przecie\u017c najprostszym sposobem na zmian\u0119 wygl\u0105du jest\u2026 nowa fryzura! Opr\u00f3cz skr\u00f3cenia w\u0142os\u00f3w, najcz\u0119\u015bciej decydujemy si\u0119 tak\u017ce na zmian\u0119 koloru. Jakie odcienie b\u0119d\u0105 kr\u00f3lowa\u0107 latem 2018? Je\u015bli szukacie inspiracji, zach\u0119camy do przeczytania naszego artyku\u0142u!<\/p>\n<p style=\"text-align: justify;\"><span style=\"color: #ffffff;\">.<\/span><\/p>\n<h3 style=\"text-align: justify;\">Modne blondy<\/h3>\n<p style=\"text-align: justify;\"><strong>Blond<\/strong> to odcie\u0144, kt\u00f3ry nigdy nie wychodzi z mody. R\u00f3wnie\u017c w tym sezonie b\u0119dzie on na czasie. Jednak chwilowo rezygnujemy z uwielbianej zim\u0105 ch\u0142odnej platyny na rzecz blondu w kolorze\u2026 margaryny! Tak, <strong>blond w cieplejszym<\/strong>, a nawet nieco \u017c\u00f3\u0142tawym odcieniu b\u0119dzie kr\u00f3lowa\u0142 tego lata. Nosimy go z <strong>ciemniejszymi odrostami<\/strong>.<\/p>\n<p style=\"text-align: justify;\">Opr\u00f3cz ciep\u0142ego, modny b\u0119dzie tak\u017ce <strong>naturalny<\/strong> odcie\u0144 ciemnego blondu, kt\u00f3ry sprawia, \u017ce twarz wygl\u0105da niezwykle \u015bwie\u017co. Oczywi\u015bcie opr\u00f3cz tego ch\u0119tnie b\u0119dziemy tak\u017ce si\u0119ga\u0107 po klasyczne ju\u017c ombre i sombre oraz <strong>z\u0142oty<\/strong> <strong>blond<\/strong>.<\/p>\n<p style=\"text-align: justify;\"><span style=\"color: #ffffff;\">.<\/span><\/p>\n<div id=\"attachment_4240\" style=\"width: 1010px\" class=\"wp-caption aligncenter\"><img loading=\"lazy\" decoding=\"async\" aria-describedby=\"caption-attachment-4240\" class=\"size-full wp-image-4240\" src=\"http:\/\/ranking-kosmetykow.pl\/wp-content\/uploads\/2018\/02\/Fotolia_143928969_Subscription_XXL.jpg\" alt=\"\" width=\"1000\" height=\"666\" srcset=\"https:\/\/neness.pl\/blog\/wp-content\/uploads\/2018\/02\/Fotolia_143928969_Subscription_XXL.jpg 1000w, https:\/\/neness.pl\/blog\/wp-content\/uploads\/2018\/02\/Fotolia_143928969_Subscription_XXL-300x200.jpg 300w, https:\/\/neness.pl\/blog\/wp-content\/uploads\/2018\/02\/Fotolia_143928969_Subscription_XXL-768x511.jpg 768w, https:\/\/neness.pl\/blog\/wp-content\/uploads\/2018\/02\/Fotolia_143928969_Subscription_XXL-610x406.jpg 610w\" sizes=\"auto, (max-width: 1000px) 100vw, 1000px\" \/><p id=\"caption-attachment-4240\" class=\"wp-caption-text\">fotolia.com, #143928969 | Autor: Drobot Dean<\/p><\/div>\n<p style=\"text-align: justify;\"><span style=\"color: #ffffff;\">.<\/span><\/p>\n<h3 style=\"text-align: justify;\">Stonowany br\u0105z<\/h3>\n<p style=\"text-align: justify;\">Siln\u0105 inspiracj\u0105 jest niezwykle twarzowy tak zwany <strong>francuski<\/strong> <strong>br\u0105z<\/strong>. W\u0142osy w naturalnych, neutralnym odcieniu <strong>orzecha<\/strong> nosimy w towarzystwie grzywki i d\u0142ugo\u015bci maxi lub do ramion. W\u0142osy o tej barwie \u015bwietnie komponuj\u0105 si\u0119 z wieloma typami urody, dlatego zdecydowanie warto rozwa\u017cy\u0107 wyb\u00f3r w\u0142a\u015bnie tego odcienia.<\/p>\n<p style=\"text-align: justify;\">Dla brunetek, kt\u00f3re wol\u0105 nieco ciemniejsze odcienie, w tym sezonie projektanci proponuj\u0105 <strong>ciemny, g\u0142\u0119boki br\u0105z<\/strong>, r\u00f3wnie\u017c w neutralnym odcieniu, kt\u00f3ry jest mniej intensywny ni\u017c czer\u0144, jednocze\u015bnie wydobywaj\u0105c z twarzy to, co najlepsze i podkre\u015blaj\u0105c rysy.<\/p>\n<p style=\"text-align: justify;\"><span style=\"color: #ffffff;\">.<\/span><\/p>\n<div id=\"attachment_3524\" style=\"width: 1034px\" class=\"wp-caption aligncenter\"><img loading=\"lazy\" decoding=\"async\" aria-describedby=\"caption-attachment-3524\" class=\"size-large wp-image-3524\" src=\"http:\/\/ranking-kosmetykow.pl\/wp-content\/uploads\/2017\/10\/Fotolia_136954851_Subscription_XXL-1024x683.jpg\" alt=\"\" width=\"1024\" height=\"683\" \/><p id=\"caption-attachment-3524\" class=\"wp-caption-text\"><span style=\"color: #ffffff;\">fotolia.com, #136954851 | Autor: Evgenia Tiplyashina<\/span><\/p><\/div>\n<p style=\"text-align: justify;\"><span style=\"color: #ffffff;\">.<\/span><\/p>\n<h3 style=\"text-align: justify;\">W\u0142osy w odcieniu miedzi<\/h3>\n<p style=\"text-align: justify;\"><strong>Rude w\u0142osy<\/strong> wracaj\u0105 do \u0142aski i w tym sezonie zdecydowanie najmodniejsze s\u0105 te w odcieniu <strong>miedzi<\/strong>. Kolor powinien by\u0107 niejednolity, z ja\u015bniejszymi i ciemniejszymi refleksami, jak najbardziej zbli\u017cony do naturalnie rudych w\u0142os\u00f3w. Ten kolor najlepiej komponuje si\u0119 z <strong>jasn\u0105<\/strong>, porcelanow\u0105 karnacj\u0105 i piegami.<\/p>\n<p style=\"text-align: justify;\"><span style=\"color: #ffffff;\">.<\/span><\/p>\n<div id=\"attachment_4354\" style=\"width: 1010px\" class=\"wp-caption aligncenter\"><img loading=\"lazy\" decoding=\"async\" aria-describedby=\"caption-attachment-4354\" class=\"size-full wp-image-4354\" src=\"http:\/\/ranking-kosmetykow.pl\/wp-content\/uploads\/2018\/03\/Fotolia_176629921_Subscription_XXL.jpg\" alt=\"\" width=\"1000\" height=\"632\" srcset=\"https:\/\/neness.pl\/blog\/wp-content\/uploads\/2018\/03\/Fotolia_176629921_Subscription_XXL.jpg 1000w, https:\/\/neness.pl\/blog\/wp-content\/uploads\/2018\/03\/Fotolia_176629921_Subscription_XXL-300x190.jpg 300w, https:\/\/neness.pl\/blog\/wp-content\/uploads\/2018\/03\/Fotolia_176629921_Subscription_XXL-768x485.jpg 768w, https:\/\/neness.pl\/blog\/wp-content\/uploads\/2018\/03\/Fotolia_176629921_Subscription_XXL-610x386.jpg 610w\" sizes=\"auto, (max-width: 1000px) 100vw, 1000px\" \/><p id=\"caption-attachment-4354\" class=\"wp-caption-text\">fotolia.com, #176629921 | Autor: edwardderule<\/p><\/div>\n<p style=\"text-align: justify;\"><span style=\"color: #ffffff;\">.<\/span><\/p>\n<h3 style=\"text-align: justify;\">Odrobina szale\u0144stwa<\/h3>\n<p style=\"text-align: justify;\">Oczywi\u015bcie projektanci zadbali tak\u017ce o to, by na wybiegach znalaz\u0142o si\u0119 te\u017c co\u015b dla tych z nas, kt\u00f3re lubi\u0105 poszale\u0107 ze swoim wizerunkiem. W tym wypadku kolorem sezonu b\u0119d\u0105 na pewno w\u0142osy w odcieniu <strong>czerwonego wina<\/strong> i g\u0142\u0119bokiego <strong>bordo<\/strong>, koniecznie z czarnym odrostem. To zdecydowanie opcja dla os\u00f3b, kt\u00f3re lubi\u0105 wyr\u00f3\u017cnia\u0107 si\u0119 z t\u0142umu, bo obok tego koloru nie da si\u0119 przej\u015b\u0107 oboj\u0119tnie.<\/p>\n<p style=\"text-align: justify;\">To jednak nie wszystko. Dla tych, kt\u00f3rzy nie przepadaj\u0105 za odcieniami czerwieni, mamy ciekaw\u0105 i chyba jeszcze bardziej odwa\u017cn\u0105 alternatyw\u0119. Mowa o w\u0142osach w odcieniu <strong>niebieskim<\/strong>! Jednak w tym, wypadku podobnie, jak w przypadku odcieni bordo,\u00a0niebieski nosimy w dw\u00f3ch wariantach. Pierwszym z nich jest <strong>ciemny<\/strong>, br\u0105zowy lub niemal czarny, widoczny <strong>odrost<\/strong>. Drug\u0105 opcj\u0105 jest ufarbowanie tylko cz\u0119\u015bci w\u0142os\u00f3w, na przyk\u0142ad samej <strong>grzywki<\/strong> lub tylko wierzchnich pasm. Musimy przyzna\u0107, \u017ce w\u0142osy w odcieniu kobaltowym to \u015bwietny wyb\u00f3r, je\u015bli mamy ochot\u0119 na odrobin\u0119 szale\u0144stwa latem.<\/p>\n<p style=\"text-align: justify;\"><span style=\"color: #ffffff;\">.<\/span><\/p>\n<div id=\"attachment_4678\" style=\"width: 1010px\" class=\"wp-caption aligncenter\"><img loading=\"lazy\" decoding=\"async\" aria-describedby=\"caption-attachment-4678\" class=\"size-full wp-image-4678\" src=\"http:\/\/ranking-kosmetykow.pl\/wp-content\/uploads\/2018\/05\/Fotolia_175373949_Subscription_XXL.jpg\" alt=\"\" width=\"1000\" height=\"666\" srcset=\"https:\/\/neness.pl\/blog\/wp-content\/uploads\/2018\/05\/Fotolia_175373949_Subscription_XXL.jpg 1000w, https:\/\/neness.pl\/blog\/wp-content\/uploads\/2018\/05\/Fotolia_175373949_Subscription_XXL-300x200.jpg 300w, https:\/\/neness.pl\/blog\/wp-content\/uploads\/2018\/05\/Fotolia_175373949_Subscription_XXL-768x511.jpg 768w, https:\/\/neness.pl\/blog\/wp-content\/uploads\/2018\/05\/Fotolia_175373949_Subscription_XXL-610x406.jpg 610w\" sizes=\"auto, (max-width: 1000px) 100vw, 1000px\" \/><p id=\"caption-attachment-4678\" class=\"wp-caption-text\">fotolia.com, #175373949 | Autor: djile<\/p><\/div>\n","protected":false},"excerpt":{"rendered":"<p>Zmiana pogody za oknem sprawia, \u017ce wiele z nas ma ochot\u0119 zmieni\u0107 co\u015b w swoim wizerunku. A przecie\u017c najprostszym sposobem na zmian\u0119 wygl\u0105du jest\u2026 nowa fryzura! Opr\u00f3cz skr\u00f3cenia w\u0142os\u00f3w, najcz\u0119\u015bciej decydujemy si\u0119 tak\u017ce na zmian\u0119 koloru. Jakie odcienie b\u0119d\u0105 kr\u00f3lowa\u0107 latem 2018? Je\u015bli szukacie inspiracji, zach\u0119camy do przeczytania naszego artyku\u0142u! . Modne blondy Blond to [&hellip;]<\/p>\n","protected":false},"author":2,"featured_media":4674,"comment_status":"open","ping_status":"open","sticky":false,"template":"","format":"standard","meta":{"_et_pb_use_builder":"","_et_pb_old_content":"","_et_gb_content_width":"","footnotes":""},"categories":[48],"tags":[],"class_list":["post-4673","post","type-post","status-publish","format-standard","has-post-thumbnail","hentry","category-wlosy-idealne","et-has-post-format-content","et_post_format-et-post-format-standard"],"_links":{"self":[{"href":"https:\/\/neness.pl\/blog\/wp-json\/wp\/v2\/posts\/4673","targetHints":{"allow":["GET"]}}],"collection":[{"href":"https:\/\/neness.pl\/blog\/wp-json\/wp\/v2\/posts"}],"about":[{"href":"https:\/\/neness.pl\/blog\/wp-json\/wp\/v2\/types\/post"}],"author":[{"embeddable":true,"href":"https:\/\/neness.pl\/blog\/wp-json\/wp\/v2\/users\/2"}],"replies":[{"embeddable":true,"href":"https:\/\/neness.pl\/blog\/wp-json\/wp\/v2\/comments?post=4673"}],"version-history":[{"count":0,"href":"https:\/\/neness.pl\/blog\/wp-json\/wp\/v2\/posts\/4673\/revisions"}],"wp:featuredmedia":[{"embeddable":true,"href":"https:\/\/neness.pl\/blog\/wp-json\/wp\/v2\/media\/4674"}],"wp:attachment":[{"href":"https:\/\/neness.pl\/blog\/wp-json\/wp\/v2\/media?parent=4673"}],"wp:term":[{"taxonomy":"category","embeddable":true,"href":"https:\/\/neness.pl\/blog\/wp-json\/wp\/v2\/categories?post=4673"},{"taxonomy":"post_tag","embeddable":true,"href":"https:\/\/neness.pl\/blog\/wp-json\/wp\/v2\/tags?post=4673"}],"curies":[{"name":"wp","href":"https:\/\/api.w.org\/{rel}","templated":true}]}}