{"id":4656,"date":"2018-05-11T12:06:41","date_gmt":"2018-05-11T10:06:41","guid":{"rendered":"http:\/\/ranking-kosmetykow.pl\/?p=4656"},"modified":"2018-05-11T12:06:41","modified_gmt":"2018-05-11T10:06:41","slug":"skad-sie-biora-bakterie-w-kosmetykach","status":"publish","type":"post","link":"https:\/\/neness.pl\/blog\/skad-sie-biora-bakterie-w-kosmetykach\/","title":{"rendered":"Sk\u0105d si\u0119 bior\u0105 bakterie w kosmetykach?"},"content":{"rendered":"<p style=\"text-align: justify;\">Jaki\u015b czas temu na naszym blogu mogli\u015bcie przeczyta\u0107 o tym, jak przed\u0142u\u017cy\u0107 trwa\u0142o\u015b\u0107 kosmetyk\u00f3w. Jednym z jej najwi\u0119kszych wrog\u00f3w s\u0105 rozwijaj\u0105ce si\u0119 w kosmetykach bakterie, kt\u00f3re powoduj\u0105 szybsze psucie si\u0119 produkt\u00f3w, a cz\u0119sto tak\u017ce s\u0105 przyczyn\u0105 problem\u00f3w z cer\u0105. Sk\u0105d bior\u0119 si\u0119 one w naszych kosmetykach? Dzi\u015b postaramy si\u0119 odpowiedzie\u0107 na to pytanie.<span style=\"color: #ffffff;\">.<\/span><\/p>\n<p style=\"text-align: justify;\">Nawet je\u015bli bardzo dbamy o cer\u0119 i kosmetyki, cz\u0119sto czy\u015bcimy p\u0119dzle do makija\u017cu i staramy si\u0119 w ci\u0105gu dnia nie dotyka\u0107 twarzy, to wci\u0105\u017c istnieje du\u017ca szansa, \u017ce zupe\u0142nie <strong>nie\u015bwiadomie<\/strong> i niepotrzebnie przyczyniamy si\u0119 do tego, \u017ce w produktach piel\u0119gnacyjnych i do makija\u017cu zaczynaj\u0105 <strong>namna\u017ca\u0107<\/strong> <strong>si\u0119<\/strong> <strong>bakterie<\/strong>. Cho\u0107 nie jeste\u015bmy w stanie ich ca\u0142kowicie wyeliminowa\u0107, to warto zwr\u00f3ci\u0107 uwag\u0119 na niekt\u00f3re nawyki, kt\u00f3re mog\u0105 si\u0119 do tego przyczynia\u0107.<\/p>\n<p style=\"text-align: justify;\"><span style=\"color: #ffffff;\">.<\/span><\/p>\n<h3 style=\"text-align: justify;\">Zamie\u0144 s\u0142oiczki na tubki<\/h3>\n<p style=\"text-align: justify;\">Nie da si\u0119 ukry\u0107, \u017ce kosmetyki w s\u0142oiczkach <strong>nie s\u0105<\/strong> najbardziej higienicznym rozwi\u0105zaniem. Codziennie, aplikuj\u0105c krem palcami, <strong>wprowadzamy<\/strong> do produktu mn\u00f3stwo bakterii, kt\u00f3re mog\u0105 powodowa\u0107 p\u00f3\u017aniejsze problemy z cer\u0105. Zdecydowanie bezpieczniejsz\u0105 opcj\u0105 dla naszej sk\u00f3ry s\u0105 kosmetyki <strong>w<\/strong> <strong>tubkach<\/strong>, <strong>z<\/strong> <strong>pompk\u0105<\/strong> lub opakowaniach typu <strong>air-less<\/strong>. Dzi\u0119ki temu produkty nie maj\u0105 styczno\u015bci z tlenem, kt\u00f3ry przyspiesza namna\u017canie bakterii. Je\u015bli nie chcesz rezygnowa\u0107 z kosmetyk\u00f3w w s\u0142oiczkach, u\u017cywaj do ich aplikacji specjalnych <strong>szpatu\u0142ek<\/strong>, kt\u00f3re nale\u017cy my\u0107 po ka\u017cdym u\u017cyciu.<\/p>\n<p style=\"text-align: justify;\"><span style=\"color: #ffffff;\">.<\/span><\/p>\n<div id=\"attachment_4662\" style=\"width: 487px\" class=\"wp-caption aligncenter\"><a href=\"https:\/\/neness.pl\/kosmetyki\/pielegnacja_twarzy\/kremy\/kallos_sense_krem_przeciwzmarszczkowy_pod_oczy_50ml.html\"><img loading=\"lazy\" decoding=\"async\" aria-describedby=\"caption-attachment-4662\" class=\" wp-image-4662\" src=\"http:\/\/ranking-kosmetykow.pl\/wp-content\/uploads\/2018\/05\/6d6117495fee580e265bd9dc93f35640.jpg\" alt=\"\" width=\"477\" height=\"636\" srcset=\"https:\/\/neness.pl\/blog\/wp-content\/uploads\/2018\/05\/6d6117495fee580e265bd9dc93f35640.jpg 750w, https:\/\/neness.pl\/blog\/wp-content\/uploads\/2018\/05\/6d6117495fee580e265bd9dc93f35640-225x300.jpg 225w, https:\/\/neness.pl\/blog\/wp-content\/uploads\/2018\/05\/6d6117495fee580e265bd9dc93f35640-610x813.jpg 610w\" sizes=\"auto, (max-width: 477px) 100vw, 477px\" \/><\/a><p id=\"caption-attachment-4662\" class=\"wp-caption-text\">Kallos SENSE Krem Przeciwzmarszczkowy pod Oczy 50ml \/<br \/>15,20 z\u0142<\/p><\/div>\n<p style=\"text-align: justify;\"><span style=\"color: #ffffff;\">.<\/span><\/p>\n<h3 style=\"text-align: justify;\">Bakterie w maskarze<\/h3>\n<p style=\"text-align: justify;\"><strong>Tusz do rz\u0119s<\/strong> to kosmetyk, w kt\u00f3rym bakterie pojawiaj\u0105 si\u0119 bardzo szybko, dlatego te\u017c powinny\u015bmy wymienia\u0107 go mniej wi\u0119cej co <strong>trzy<\/strong> <strong>miesi\u0105ce<\/strong>. A sk\u0105d w\u0142a\u015bnie w tym kosmetyku bior\u0105 si\u0119 drobnoustroje? Wszystko za spraw\u0105 <strong>wt\u0142aczania<\/strong> do \u015brodka powietrza poprzez kilkukrotne wk\u0142adanie i wyci\u0105ganie szczoteczki z buteleczki, by nabra\u0107 na ni\u0105 jak najwi\u0119cej kosmetyku. W\u0142a\u015bnie te bakterie mog\u0105 przyczynia\u0107 si\u0119 na przyk\u0142ad do powstawania <strong>zapalenia<\/strong> <strong>spoj\u00f3wek<\/strong>.<\/p>\n<p style=\"text-align: justify;\"><span style=\"color: #ffffff;\">.<\/span><\/p>\n<div id=\"attachment_4665\" style=\"width: 760px\" class=\"wp-caption aligncenter\"><a href=\"https:\/\/neness.pl\/kosmetyki\/akcesoria\/pedzle_i_gabki\/makeup_revolution_unicorn_brushes_zestaw_5_pedzli.html\"><img loading=\"lazy\" decoding=\"async\" aria-describedby=\"caption-attachment-4665\" class=\"size-full wp-image-4665\" src=\"http:\/\/ranking-kosmetykow.pl\/wp-content\/uploads\/2018\/05\/0d712fb465eb25077eb2bc6b1e9d1caa.jpg\" alt=\"\" width=\"750\" height=\"1000\" srcset=\"https:\/\/neness.pl\/blog\/wp-content\/uploads\/2018\/05\/0d712fb465eb25077eb2bc6b1e9d1caa.jpg 750w, https:\/\/neness.pl\/blog\/wp-content\/uploads\/2018\/05\/0d712fb465eb25077eb2bc6b1e9d1caa-225x300.jpg 225w, https:\/\/neness.pl\/blog\/wp-content\/uploads\/2018\/05\/0d712fb465eb25077eb2bc6b1e9d1caa-610x813.jpg 610w\" sizes=\"auto, (max-width: 750px) 100vw, 750px\" \/><\/a><p id=\"caption-attachment-4665\" class=\"wp-caption-text\">MakeUp Revolution Unicorn Brushes Zestaw 5 P\u0119dzli \/<br \/>72,00 z\u0142<\/p><\/div>\n<p style=\"text-align: justify;\"><span style=\"color: #ffffff;\">\u00a0<\/span><\/p>\n<h3 style=\"text-align: justify;\">Kichanie i kaszel<\/h3>\n<p style=\"text-align: justify;\">Czy zdarzy\u0142o Ci si\u0119 kiedy\u015b <strong>kichn\u0105\u0107<\/strong> nad sypkim pudrem, kt\u00f3rego drobinki dosta\u0142y Ci si\u0119 do nosa? A mo\u017ce wykonywa\u0142a\u015b makija\u017c w czasie przezi\u0119bienia i akurat z\u0142apa\u0142 Ci\u0119 atak <strong>kaszlu<\/strong>? To tak\u017ce cz\u0119sta przyczyna bakterii w kosmetykach.<\/p>\n<p style=\"text-align: justify;\">Pami\u0119taj tak\u017ce, by <strong>zrezygnowa\u0107<\/strong> z u\u017cywania szminki, gdy na ustach wyskoczy Ci opryszczka lub tak zwane zimno.<\/p>\n<p style=\"text-align: justify;\"><span style=\"color: #ffffff;\">.<\/span><\/p>\n<div id=\"attachment_4663\" style=\"width: 684px\" class=\"wp-caption aligncenter\"><a href=\"https:\/\/neness.pl\/kosmetyki\/akcesoria\/pedzle_i_gabki\/makeup_revolution_czyscik_do_pedzli_pro_hygiene_solid_brush_cleaner.html\"><img loading=\"lazy\" decoding=\"async\" aria-describedby=\"caption-attachment-4663\" class=\" wp-image-4663\" src=\"http:\/\/ranking-kosmetykow.pl\/wp-content\/uploads\/2018\/05\/d0c42f1ef0a3b564c9c38dd907543dbd-1.jpg\" alt=\"\" width=\"674\" height=\"899\" srcset=\"https:\/\/neness.pl\/blog\/wp-content\/uploads\/2018\/05\/d0c42f1ef0a3b564c9c38dd907543dbd-1.jpg 750w, https:\/\/neness.pl\/blog\/wp-content\/uploads\/2018\/05\/d0c42f1ef0a3b564c9c38dd907543dbd-1-225x300.jpg 225w, https:\/\/neness.pl\/blog\/wp-content\/uploads\/2018\/05\/d0c42f1ef0a3b564c9c38dd907543dbd-1-610x813.jpg 610w\" sizes=\"auto, (max-width: 674px) 100vw, 674px\" \/><\/a><p id=\"caption-attachment-4663\" class=\"wp-caption-text\">MakeUp Revolution Czy\u015bcik do P\u0119dzli Pro Hygiene Solid Brush Cleaner \/<br \/>28,90 z\u0142<\/p><\/div>\n<p style=\"text-align: justify;\"><span style=\"color: #ffffff;\">.<\/span><\/p>\n<h3 style=\"text-align: justify;\">Dobry zwyczaj \u2013 nie po\u017cyczaj<\/h3>\n<p style=\"text-align: justify;\">Je\u015bli zdarza Ci si\u0119, \u017ce <strong>dzielisz<\/strong> <strong>si\u0119<\/strong> z przyjaci\u00f3\u0142k\u0105 b\u0142yszczykiem, kredk\u0105 do oczu lub pudrem w kompakcie, to wielce prawdopodobne, \u017ce w\u0142a\u015bnie w ten spos\u00f3b przenosicie mi\u0119dzy sob\u0105 bakterie. Wszystkie kosmetyki, kt\u00f3re maj\u0105 <strong>kontakt<\/strong> <strong>ze<\/strong> <strong>sk\u00f3r\u0105<\/strong>, powinna\u015b traktowa\u0107 jak bielizn\u0119 i raczej zrezygnowa\u0107 z dzieleniem si\u0119 nimi z kole\u017cankami. Twoja cera b\u0119dzie Ci za to wdzi\u0119czna.<\/p>\n<p style=\"text-align: justify;\"><span style=\"color: #ffffff;\">.<\/span><\/p>\n<div id=\"attachment_4664\" style=\"width: 571px\" class=\"wp-caption aligncenter\"><a href=\"https:\/\/neness.pl\/kosmetyki\/akcesoria\/pedzle_i_gabki\/makeup_revolution_czyscik_do_pedzli.html\"><img loading=\"lazy\" decoding=\"async\" aria-describedby=\"caption-attachment-4664\" class=\" wp-image-4664\" src=\"http:\/\/ranking-kosmetykow.pl\/wp-content\/uploads\/2018\/05\/25e4d4dcee81efaae2366d73bde695c9.jpg\" alt=\"\" width=\"561\" height=\"748\" srcset=\"https:\/\/neness.pl\/blog\/wp-content\/uploads\/2018\/05\/25e4d4dcee81efaae2366d73bde695c9.jpg 750w, https:\/\/neness.pl\/blog\/wp-content\/uploads\/2018\/05\/25e4d4dcee81efaae2366d73bde695c9-225x300.jpg 225w, https:\/\/neness.pl\/blog\/wp-content\/uploads\/2018\/05\/25e4d4dcee81efaae2366d73bde695c9-610x813.jpg 610w\" sizes=\"auto, (max-width: 561px) 100vw, 561px\" \/><\/a><p id=\"caption-attachment-4664\" class=\"wp-caption-text\">MakeUp Revolution Czy\u015bcik do P\u0119dzli \/<br \/>28,90 z\u0142<\/p><\/div>\n<p style=\"text-align: justify;\"><span style=\"color: #ffffff;\">.<\/span><\/p>\n<h3 style=\"text-align: justify;\">Upierz kosmetyczk\u0119<\/h3>\n<p style=\"text-align: justify;\">Jak cz\u0119sto czy\u015bcisz wn\u0119trze swojej kosmetyczki i opakowania kosmetyk\u00f3w? Powinna\u015b robi\u0107 to, co najmniej <strong>raz w miesi\u0105cu<\/strong>, a po umyciu dodatkowo przetrze\u0107 jej\u00a0\u015brodek\u00a0i wszystkie opakowania kosmetyk\u00f3w <strong>chusteczkami<\/strong> <strong>antybakteryjnymi<\/strong> lub wacikami nas\u0105czonymi alkoholem.<\/p>\n<p style=\"text-align: justify;\">Pami\u0119taj te\u017c by regularnie i cz\u0119sto <strong>pra\u0107<\/strong> <strong>p\u0119dzle<\/strong> i g\u0105beczki. Warto te\u017c zainwestowa\u0107 w spray dezynfekuj\u0105cy, kt\u00f3ry pozwoli jeszcze lepiej zadba\u0107 o akcesoria do makija\u017cu. Postaraj si\u0119 tak\u017ce nie u\u017cywa\u0107 tego samego p\u0119dzla do r\u00f3\u017cnych kosmetyk\u00f3w, by ograniczy\u0107 transfer bakterii pomi\u0119dzy produktami.<\/p>\n","protected":false},"excerpt":{"rendered":"<p>Jaki\u015b czas temu na naszym blogu mogli\u015bcie przeczyta\u0107 o tym, jak przed\u0142u\u017cy\u0107 trwa\u0142o\u015b\u0107 kosmetyk\u00f3w. Jednym z jej najwi\u0119kszych wrog\u00f3w s\u0105 rozwijaj\u0105ce si\u0119 w kosmetykach bakterie, kt\u00f3re powoduj\u0105 szybsze psucie si\u0119 produkt\u00f3w, a cz\u0119sto tak\u017ce s\u0105 przyczyn\u0105 problem\u00f3w z cer\u0105. Sk\u0105d bior\u0119 si\u0119 one w naszych kosmetykach? Dzi\u015b postaramy si\u0119 odpowiedzie\u0107 na to pytanie.. Nawet je\u015bli [&hellip;]<\/p>\n","protected":false},"author":2,"featured_media":4657,"comment_status":"open","ping_status":"open","sticky":false,"template":"","format":"standard","meta":{"_et_pb_use_builder":"","_et_pb_old_content":"","_et_gb_content_width":"","footnotes":""},"categories":[41],"tags":[],"class_list":["post-4656","post","type-post","status-publish","format-standard","has-post-thumbnail","hentry","category-olsniewaj-makijazem","et-has-post-format-content","et_post_format-et-post-format-standard"],"_links":{"self":[{"href":"https:\/\/neness.pl\/blog\/wp-json\/wp\/v2\/posts\/4656","targetHints":{"allow":["GET"]}}],"collection":[{"href":"https:\/\/neness.pl\/blog\/wp-json\/wp\/v2\/posts"}],"about":[{"href":"https:\/\/neness.pl\/blog\/wp-json\/wp\/v2\/types\/post"}],"author":[{"embeddable":true,"href":"https:\/\/neness.pl\/blog\/wp-json\/wp\/v2\/users\/2"}],"replies":[{"embeddable":true,"href":"https:\/\/neness.pl\/blog\/wp-json\/wp\/v2\/comments?post=4656"}],"version-history":[{"count":0,"href":"https:\/\/neness.pl\/blog\/wp-json\/wp\/v2\/posts\/4656\/revisions"}],"wp:featuredmedia":[{"embeddable":true,"href":"https:\/\/neness.pl\/blog\/wp-json\/wp\/v2\/media\/4657"}],"wp:attachment":[{"href":"https:\/\/neness.pl\/blog\/wp-json\/wp\/v2\/media?parent=4656"}],"wp:term":[{"taxonomy":"category","embeddable":true,"href":"https:\/\/neness.pl\/blog\/wp-json\/wp\/v2\/categories?post=4656"},{"taxonomy":"post_tag","embeddable":true,"href":"https:\/\/neness.pl\/blog\/wp-json\/wp\/v2\/tags?post=4656"}],"curies":[{"name":"wp","href":"https:\/\/api.w.org\/{rel}","templated":true}]}}