{"id":4635,"date":"2018-05-09T11:18:13","date_gmt":"2018-05-09T09:18:13","guid":{"rendered":"http:\/\/ranking-kosmetykow.pl\/?p=4635"},"modified":"2018-05-09T11:18:13","modified_gmt":"2018-05-09T09:18:13","slug":"kolagen-co-warto-o-nim-wiedziec","status":"publish","type":"post","link":"https:\/\/neness.pl\/blog\/kolagen-co-warto-o-nim-wiedziec\/","title":{"rendered":"Kolagen \u2013 co warto o nim wiedzie\u0107?"},"content":{"rendered":"<p style=\"text-align: justify;\">Kolagen to jedna z substancji, o kt\u00f3rej bardzo cz\u0119sto s\u0142yszymy w kontek\u015bcie zmarszczek i krem\u00f3w maj\u0105cych dzia\u0142a\u0107 przeciwstarzeniowo. Jednak wyst\u0119puje on tak\u017ce naturalnie w naszym organizmie. Czym jest kolagen i czy warto si\u0119ga\u0107 po kosmetyki, kt\u00f3re go zawieraj\u0105? Zach\u0119camy do lektury.<\/p>\n<p style=\"text-align: justify;\"><span style=\"color: #ffffff;\">.<\/span><\/p>\n<h3 style=\"text-align: justify;\">Czym jest kolagen?<\/h3>\n<p style=\"text-align: justify;\">Sk\u00f3ra sk\u0142ada si\u0119 z <strong>trzech<\/strong> <strong>warstw<\/strong> \u2013 nask\u00f3rka, sk\u00f3ry w\u0142a\u015bciwej oraz tkanki podsk\u00f3rnej. Pierwsza z nich pe\u0142ni funkcj\u0119 <strong>bariery<\/strong> <strong>ochronnej<\/strong> i chroni przed utrat\u0105 wody.<\/p>\n<p style=\"text-align: justify;\">Kolejna warstwa, czyli sk\u00f3ra w\u0142a\u015bciwa to miejsce, w kt\u00f3rym znajduj\u0105 si\u0119 naczynia krwiono\u015bne, mieszki w\u0142osowe i zako\u0144czenia nerwowe. To w\u0142a\u015bnie ta warstwa sk\u0142ada si\u0119 przede wszystkim z bia\u0142ka nazywanego <strong>kolagenem<\/strong>. Zbudowany jest on z sieci w\u0142\u00f3kien, kt\u00f3re stanowi\u0105 wsparcie dla wzrostu kom\u00f3rek i naczy\u0144 krwiono\u015bnych.<\/p>\n<p style=\"text-align: justify;\">Tkanka podsk\u00f3rna natomiast sk\u0142ada si\u0119 przede wszystkim z tkanki t\u0142uszczowej oraz wi\u0119kszych naczy\u0144 krwiono\u015bnych i nerw\u00f3w. Tutaj znajduj\u0105 si\u0119 tak\u017ce gruczo\u0142y potowe, t\u0142uszczowe oraz <strong>kom\u00f3rki<\/strong> <strong>kolagenu<\/strong>.<\/p>\n<p style=\"text-align: justify;\"><span style=\"color: #ffffff;\">.<\/span><\/p>\n<div id=\"attachment_4638\" style=\"width: 662px\" class=\"wp-caption aligncenter\"><a href=\"https:\/\/neness.pl\/kosmetyki\/pielegnacja_twarzy\/maseczki\/holika_holika_maseczka_skin_rescue_collagen_mask_sheet.html\"><img loading=\"lazy\" decoding=\"async\" aria-describedby=\"caption-attachment-4638\" class=\" wp-image-4638\" src=\"http:\/\/ranking-kosmetykow.pl\/wp-content\/uploads\/2018\/05\/97f0e23f6379d6950214ea03c4ad7469.jpg\" alt=\"\" width=\"652\" height=\"869\" srcset=\"https:\/\/neness.pl\/blog\/wp-content\/uploads\/2018\/05\/97f0e23f6379d6950214ea03c4ad7469.jpg 750w, https:\/\/neness.pl\/blog\/wp-content\/uploads\/2018\/05\/97f0e23f6379d6950214ea03c4ad7469-225x300.jpg 225w, https:\/\/neness.pl\/blog\/wp-content\/uploads\/2018\/05\/97f0e23f6379d6950214ea03c4ad7469-610x813.jpg 610w\" sizes=\"auto, (max-width: 652px) 100vw, 652px\" \/><\/a><p id=\"caption-attachment-4638\" class=\"wp-caption-text\">Holika Holika Maseczka Skin Rescue Collagen Mask Sheet \/<br \/>13,50 z\u0142<\/p><\/div>\n<h3 style=\"text-align: justify;\"><span style=\"color: #ffffff;\">.<\/span><\/h3>\n<h3 style=\"text-align: justify;\">Kolagen \u2013 bia\u0142ko m\u0142odo\u015bci<\/h3>\n<p style=\"text-align: justify;\">Kolagen nazywany jest cz\u0119sto <strong>bia\u0142kiem<\/strong> <strong>m\u0142odo\u015bci<\/strong>. W m\u0142odej sk\u00f3rze produkcja kolagenu nast\u0119puje <strong>automatycznie<\/strong>, a jego w\u0142\u00f3kna podlegaj\u0105 ci\u0105g\u0142ej wymianie, jednak wraz z wiekiem zdolno\u015b\u0107 sk\u00f3ry do tworzenia w\u0142\u00f3kien kolagenowych <strong>os\u0142abia<\/strong> <strong>si\u0119<\/strong>, a na jej powierzchni zaczynaj\u0105 pojawia\u0107 si\u0119 zmarszczki, sk\u00f3ra traci j\u0119drno\u015b\u0107 i staje si\u0119 wiotka. Proces ten rozpoczyna si\u0119 ju\u017c oko\u0142o <strong>25 roku \u017cycia<\/strong>, a przyczyniaj\u0105 si\u0119 do niego tak\u017ce inne czynniki, takie jak stres, palenie tytoniu, choroby, a nawet warunki atmosferyczne. Co ciekawe, niedob\u00f3r bia\u0142ek kolagenowych wp\u0142ywa <strong>nie<\/strong> <strong>tylko<\/strong> <strong>na<\/strong> <strong>sk\u00f3r\u0119<\/strong>. Mo\u017ce powodowa\u0107 tak\u017ce os\u0142abienie i \u0142amliwo\u015b\u0107 w\u0142os\u00f3w, a nawet ich wypadanie.<\/p>\n<p style=\"text-align: justify;\"><span style=\"color: #ffffff;\">.<\/span><\/p>\n<div id=\"attachment_4639\" style=\"width: 760px\" class=\"wp-caption aligncenter\"><a href=\"https:\/\/neness.pl\/kosmetyki\/pielegnacja_twarzy\/maseczki\/holika_holika_calonocna_maseczka_acerola_honey_sleeping_pack.html\"><img loading=\"lazy\" decoding=\"async\" aria-describedby=\"caption-attachment-4639\" class=\"size-full wp-image-4639\" src=\"http:\/\/ranking-kosmetykow.pl\/wp-content\/uploads\/2018\/05\/813b1769ba5494552c30c5e88a3048ee.jpg\" alt=\"\" width=\"750\" height=\"1000\" srcset=\"https:\/\/neness.pl\/blog\/wp-content\/uploads\/2018\/05\/813b1769ba5494552c30c5e88a3048ee.jpg 750w, https:\/\/neness.pl\/blog\/wp-content\/uploads\/2018\/05\/813b1769ba5494552c30c5e88a3048ee-225x300.jpg 225w, https:\/\/neness.pl\/blog\/wp-content\/uploads\/2018\/05\/813b1769ba5494552c30c5e88a3048ee-610x813.jpg 610w\" sizes=\"auto, (max-width: 750px) 100vw, 750px\" \/><\/a><p id=\"caption-attachment-4639\" class=\"wp-caption-text\">Holika Holika Ca\u0142onocna Maseczka Acerola Honey Sleeping Pack \/<br \/>45,90 z\u0142<\/p><\/div>\n<h3 style=\"text-align: justify;\"><span style=\"color: #ffffff;\">.<\/span><\/h3>\n<h3 style=\"text-align: justify;\">Czy warto stosowa\u0107 kosmetyki z kolagenem?<\/h3>\n<p style=\"text-align: justify;\">Kosmetyki z kolagenem przeznaczone s\u0105 przede wszystkim do sk\u00f3ry wiotkiej i pozbawionej j\u0119drno\u015bci. <strong>Systematyczne<\/strong> stosowanie kosmetyk\u00f3w z kolagenem pomaga odbudowa\u0107 uszkodzone kom\u00f3rki sk\u00f3ry, a z czasem nawet przywr\u00f3ci\u0107 jej j\u0119drno\u015b\u0107 i elastyczno\u015b\u0107. Zmarszczki nieco si\u0119 <strong>wyg\u0142adzaj\u0105<\/strong>, sk\u00f3ra jest lepiej nawil\u017cona, napi\u0119ta, a tak\u017ce ma bardziej jednolity koloryt.<\/p>\n<p style=\"text-align: justify;\">Kolagen polecany jest jednak nie tylko do <strong>sk\u00f3ry<\/strong> <strong>dojrza\u0142ej<\/strong>. Sprawdza si\u0119 on tak\u017ce w piel\u0119gnacji sk\u00f3ry <strong>tr\u0105dzikowej<\/strong>. Wszystko to dzi\u0119ki temu, \u017ce wspiera on tak\u017ce <strong>regeneracj\u0119<\/strong> nask\u00f3rka, reguluje produkcj\u0119 sebum, sp\u0142yca blizny potr\u0105dzikowe i wyr\u00f3wnuje koloryt cery. Warto tak\u017ce wspomnie\u0107, \u017ce kolagen, jako substancja naturalnie wyst\u0119puj\u0105ca w organizmie sprawdza si\u0119 tak\u017ce w piel\u0119gnacji <strong>cery wra\u017cliwej<\/strong>, sk\u0142onnej do podra\u017cnie\u0144 i zaczerwienie\u0144, a nawet u os\u00f3b z atopowym zapaleniem sk\u00f3ry.<\/p>\n<p style=\"text-align: justify;\"><span style=\"color: #ffffff;\">.<\/span><\/p>\n<div id=\"attachment_4640\" style=\"width: 760px\" class=\"wp-caption aligncenter\"><a href=\"https:\/\/neness.pl\/kosmetyki\/pielegnacja_twarzy\/demakijaz_i_oczyszczanie\/holika_holika_emulsja_nawilzajaca_ze_sluzu_slimaka_black_snail_repair_emulsion_prime_youth_160ml.html\"><img loading=\"lazy\" decoding=\"async\" aria-describedby=\"caption-attachment-4640\" class=\"size-full wp-image-4640\" src=\"http:\/\/ranking-kosmetykow.pl\/wp-content\/uploads\/2018\/05\/d57992aed97c4ff3e4bc02146c1cee37.jpg\" alt=\"\" width=\"750\" height=\"1000\" srcset=\"https:\/\/neness.pl\/blog\/wp-content\/uploads\/2018\/05\/d57992aed97c4ff3e4bc02146c1cee37.jpg 750w, https:\/\/neness.pl\/blog\/wp-content\/uploads\/2018\/05\/d57992aed97c4ff3e4bc02146c1cee37-225x300.jpg 225w, https:\/\/neness.pl\/blog\/wp-content\/uploads\/2018\/05\/d57992aed97c4ff3e4bc02146c1cee37-610x813.jpg 610w\" sizes=\"auto, (max-width: 750px) 100vw, 750px\" \/><\/a><p id=\"caption-attachment-4640\" class=\"wp-caption-text\">Holika Holika Emulsja Nawil\u017caj\u0105ca ze \u015aluzu \u015alimaka Black Snail Repair Emulsion PRIME YOUTH 160ml \/<br \/>150,90 z\u0142<\/p><\/div>\n<h3 style=\"text-align: justify;\"><span style=\"color: #ffffff;\">.<\/span><\/h3>\n<h3 style=\"text-align: justify;\">W jakich kosmetykach znajdziemy kolagen?<\/h3>\n<p style=\"text-align: justify;\">Kolagen to popularny sk\u0142adnik <strong>wielu<\/strong> kosmetyk\u00f3w. Najcz\u0119\u015bciej spotka\u0107 go mo\u017cemy jednak w <strong>kremach<\/strong> do twarzy, <strong>balsamach<\/strong> do cia\u0142a \u2013 szczeg\u00f3lnie tych przeznaczonych do walki z cellulitem. Bywa tak\u017ce sk\u0142adnikiem <strong>tonik\u00f3w<\/strong> i p\u0142yn\u00f3w do k\u0105pieli. Kolagen sprawdza si\u0119 tak\u017ce w kosmetykach do piel\u0119gnacji w\u0142os\u00f3w, szczeg\u00f3lnie w <strong>od\u017cywkach<\/strong> i maskach, a nawet w od\u017cywkach do <strong>paznokci<\/strong>.<\/p>\n<p style=\"text-align: justify;\">Jednak substancj\u0119 t\u0119 mo\u017cemy dostarcza\u0107 organizmowi tak\u017ce od wewn\u0105trz, si\u0119gaj\u0105c po <strong>suplementy<\/strong> <strong>diety<\/strong> z kolagenem. Wyst\u0119puje on tak\u017ce w produktach spo\u017cywczych, na przyk\u0142ad galaretkach i podrobach. Produkcj\u0119 w\u0142\u00f3kien kolagenowych przy\u015bpiesza tak\u017ce witamina C, dlatego warto zadba\u0107 o dostarczanie odpowiednich jej ilo\u015bci w codziennej diecie.<\/p>\n","protected":false},"excerpt":{"rendered":"<p>Kolagen to jedna z substancji, o kt\u00f3rej bardzo cz\u0119sto s\u0142yszymy w kontek\u015bcie zmarszczek i krem\u00f3w maj\u0105cych dzia\u0142a\u0107 przeciwstarzeniowo. Jednak wyst\u0119puje on tak\u017ce naturalnie w naszym organizmie. Czym jest kolagen i czy warto si\u0119ga\u0107 po kosmetyki, kt\u00f3re go zawieraj\u0105? Zach\u0119camy do lektury. . Czym jest kolagen? Sk\u00f3ra sk\u0142ada si\u0119 z trzech warstw \u2013 nask\u00f3rka, sk\u00f3ry w\u0142a\u015bciwej [&hellip;]<\/p>\n","protected":false},"author":2,"featured_media":4636,"comment_status":"open","ping_status":"open","sticky":false,"template":"","format":"standard","meta":{"_et_pb_use_builder":"","_et_pb_old_content":"","_et_gb_content_width":"","footnotes":""},"categories":[185],"tags":[],"class_list":["post-4635","post","type-post","status-publish","format-standard","has-post-thumbnail","hentry","category-codzienna-pielegnacja","et-has-post-format-content","et_post_format-et-post-format-standard"],"_links":{"self":[{"href":"https:\/\/neness.pl\/blog\/wp-json\/wp\/v2\/posts\/4635","targetHints":{"allow":["GET"]}}],"collection":[{"href":"https:\/\/neness.pl\/blog\/wp-json\/wp\/v2\/posts"}],"about":[{"href":"https:\/\/neness.pl\/blog\/wp-json\/wp\/v2\/types\/post"}],"author":[{"embeddable":true,"href":"https:\/\/neness.pl\/blog\/wp-json\/wp\/v2\/users\/2"}],"replies":[{"embeddable":true,"href":"https:\/\/neness.pl\/blog\/wp-json\/wp\/v2\/comments?post=4635"}],"version-history":[{"count":0,"href":"https:\/\/neness.pl\/blog\/wp-json\/wp\/v2\/posts\/4635\/revisions"}],"wp:featuredmedia":[{"embeddable":true,"href":"https:\/\/neness.pl\/blog\/wp-json\/wp\/v2\/media\/4636"}],"wp:attachment":[{"href":"https:\/\/neness.pl\/blog\/wp-json\/wp\/v2\/media?parent=4635"}],"wp:term":[{"taxonomy":"category","embeddable":true,"href":"https:\/\/neness.pl\/blog\/wp-json\/wp\/v2\/categories?post=4635"},{"taxonomy":"post_tag","embeddable":true,"href":"https:\/\/neness.pl\/blog\/wp-json\/wp\/v2\/tags?post=4635"}],"curies":[{"name":"wp","href":"https:\/\/api.w.org\/{rel}","templated":true}]}}