{"id":4622,"date":"2018-04-27T13:44:20","date_gmt":"2018-04-27T11:44:20","guid":{"rendered":"http:\/\/ranking-kosmetykow.pl\/?p=4622"},"modified":"2018-04-27T13:44:20","modified_gmt":"2018-04-27T11:44:20","slug":"sposoby-na-puszace-sie-wlosy","status":"publish","type":"post","link":"https:\/\/neness.pl\/blog\/sposoby-na-puszace-sie-wlosy\/","title":{"rendered":"Sposoby na pusz\u0105ce si\u0119 w\u0142osy"},"content":{"rendered":"<p style=\"text-align: justify;\">Problem pusz\u0105cych si\u0119 w\u0142os\u00f3w dotyka wielu kobiet, jednak najcz\u0119\u015bciej tych, kt\u00f3re posiadaj\u0105 naturalnie kr\u0119cone w\u0142osy. Nie\u0142atwo nad nimi zapanowa\u0107, jednak istnieje kilka sposob\u00f3w, kt\u00f3re pomog\u0105 wyg\u0142adzi\u0107 niesforne kosmyki, a przy okazji nie b\u0119d\u0105 wymaga\u0107 od nas tak\u017ce inwestowania w skomplikowane zabiegi w salonie fryzjerskim. Jak poradzi\u0107 sobie z pusz\u0105cymi si\u0119 w\u0142osami?<\/p>\n<p style=\"text-align: justify;\"><span style=\"color: #ffffff;\">.<\/span><\/p>\n<h3 style=\"text-align: justify;\">Dlaczego w\u0142osy si\u0119 pusz\u0105?<\/h3>\n<p style=\"text-align: justify;\">Wp\u0142yw na <strong>puszenie<\/strong> <strong>si\u0119<\/strong> w\u0142os\u00f3w ma kilka czynnik\u00f3w. Mo\u017ce by\u0107 ono spowodowane na przyk\u0142ad <strong>wysok\u0105 porowato\u015bci\u0105<\/strong>, kt\u00f3ra sprawia, \u017ce woda i substancje od\u017cywcze bardzo szybko z nich odparowuj\u0105. Wi\u0119cej na temat <a href=\"http:\/\/ranking-kosmetykow.pl\/2018\/02\/07\/porowatosc-wlosow-co-to-takiego\/\">porowato\u015bci<\/a> mo\u017cecie przeczyta\u0107 w jednym z naszych poprzednich wpis\u00f3w.<\/p>\n<p style=\"text-align: justify;\">Inn\u0105 przyczyn\u0105 puszenia si\u0119 w\u0142os\u00f3w mo\u017ce by\u0107 tak\u017ce ich <strong>z\u0142y stan<\/strong>. Bardzo cz\u0119sto w\u0142a\u015bnie tak zachowuj\u0105 si\u0119 w\u0142osy po <strong>inwazyjnych<\/strong> <strong>zabiegach<\/strong> fryzjerskich, takich jak rozja\u015bnianie, trwa\u0142a, czy <strong>stylizacja<\/strong> prostownic\u0105 lub lok\u00f3wk\u0105. Wszystko to sprawia, \u017ce w\u0142osy s\u0105 <strong>przesuszone<\/strong>, krusz\u0105 si\u0119 i \u0142ami\u0105, a co za tym idzie, tak\u017ce zaczynaj\u0105 si\u0119 puszy\u0107.<\/p>\n<p style=\"text-align: justify;\">Co ciekawe, na puszenie si\u0119 w\u0142os\u00f3w wp\u0142yw mo\u017ce mie\u0107 tak\u017ce nieodpowiednia, zbyt intensywna lub niedostateczna <strong>piel\u0119gnacja<\/strong>. Mo\u017ce si\u0119 okaza\u0107, \u017ce w\u0142osy pusz\u0105 si\u0119 z powodu \u017ale dobranych kosmetyk\u00f3w piel\u0119gnacyjnych.<\/p>\n<p style=\"text-align: justify;\"><span style=\"color: #ffffff;\">.<\/span><\/p>\n<div id=\"attachment_4626\" style=\"width: 599px\" class=\"wp-caption aligncenter\"><a href=\"https:\/\/neness.pl\/kosmetyki\/wlosy\/szampony\/kallos_go_go_szampon_regenerujacy_wlosy_200ml.html\"><img loading=\"lazy\" decoding=\"async\" aria-describedby=\"caption-attachment-4626\" class=\" wp-image-4626\" src=\"http:\/\/ranking-kosmetykow.pl\/wp-content\/uploads\/2018\/04\/9c533dd87ec413577d848c6a1c49aa1c.jpg\" alt=\"\" width=\"589\" height=\"785\" srcset=\"https:\/\/neness.pl\/blog\/wp-content\/uploads\/2018\/04\/9c533dd87ec413577d848c6a1c49aa1c.jpg 750w, https:\/\/neness.pl\/blog\/wp-content\/uploads\/2018\/04\/9c533dd87ec413577d848c6a1c49aa1c-225x300.jpg 225w, https:\/\/neness.pl\/blog\/wp-content\/uploads\/2018\/04\/9c533dd87ec413577d848c6a1c49aa1c-610x813.jpg 610w\" sizes=\"auto, (max-width: 589px) 100vw, 589px\" \/><\/a><p id=\"caption-attachment-4626\" class=\"wp-caption-text\">Kallos Go Go Szampon Regeneruj\u0105cy W\u0142osy 200ml \/<br \/>6,50 z\u0142<\/p><\/div>\n<p style=\"text-align: justify;\"><span style=\"color: #ffffff;\">.<\/span><\/p>\n<h3 style=\"text-align: justify;\">Jak zapobiega\u0107 puszeniu si\u0119 w\u0142os\u00f3w?<\/h3>\n<p style=\"text-align: justify;\">Piel\u0119gnacj\u0119 pusz\u0105cych si\u0119 w\u0142os\u00f3w nale\u017cy zacz\u0105\u0107 ju\u017c <strong>na etapie<\/strong> ich <strong>mycia<\/strong>. W\u0142osy tego typu zazwyczaj nie potrzebuj\u0105 codziennego od\u015bwie\u017cania, dlatego warto my\u0107 je raz na kilka dni, i dostosowa\u0107 cz\u0119stotliwo\u015b\u0107 do ich indywidualnych potrzeb.<\/p>\n<p style=\"text-align: justify;\">Ju\u017c na tym etapie warto si\u0119gn\u0105\u0107 po odpowiednie produkty. Wybierajmy wi\u0119c <strong>produkty bez SLS<\/strong>, dobrze w przypadku takich w\u0142os\u00f3w sprawdza si\u0119 te\u017c metoda <strong>mycia<\/strong> <strong>OMO<\/strong> \u2013 czyli od\u017cywka-mycie-od\u017cywka. Wi\u0119cej na ten temat mo\u017cecie przeczyta\u0107, klikaj\u0105c <a href=\"http:\/\/ranking-kosmetykow.pl\/2018\/02\/26\/metoda-omo-czyli-pare-slow-o-myciu-wlosow-odzywka\/\">tutaj<\/a>.<\/p>\n<p style=\"text-align: justify;\"><span style=\"color: #ffffff;\">.<\/span><\/p>\n<div id=\"attachment_4627\" style=\"width: 577px\" class=\"wp-caption aligncenter\"><a href=\"https:\/\/neness.pl\/kosmetyki\/wlosy\/odzywki_i_maski\/kallos_spray_termoochronny_flat_iron_spray.html\"><img loading=\"lazy\" decoding=\"async\" aria-describedby=\"caption-attachment-4627\" class=\" wp-image-4627\" src=\"http:\/\/ranking-kosmetykow.pl\/wp-content\/uploads\/2018\/04\/89e63671c658c1388883de4a43a76beb.jpg\" alt=\"\" width=\"567\" height=\"756\" srcset=\"https:\/\/neness.pl\/blog\/wp-content\/uploads\/2018\/04\/89e63671c658c1388883de4a43a76beb.jpg 750w, https:\/\/neness.pl\/blog\/wp-content\/uploads\/2018\/04\/89e63671c658c1388883de4a43a76beb-225x300.jpg 225w, https:\/\/neness.pl\/blog\/wp-content\/uploads\/2018\/04\/89e63671c658c1388883de4a43a76beb-610x813.jpg 610w\" sizes=\"auto, (max-width: 567px) 100vw, 567px\" \/><\/a><p id=\"caption-attachment-4627\" class=\"wp-caption-text\">Kallos Spray Termoochronny Flat Iron Spray \/<br \/>9,99 z\u0142<\/p><\/div>\n<p style=\"text-align: justify;\"><span style=\"color: #ffffff;\">.<\/span><\/p>\n<p style=\"text-align: justify;\">W przypadku w\u0142os\u00f3w pusz\u0105cych si\u0119 doskonale sprawdza si\u0119 te\u017c metoda piel\u0119gnacji, jak\u0105 jest <strong>olejowanie<\/strong> w\u0142os\u00f3w. Warto jednak zwr\u00f3ci\u0107 uwag\u0119, by wybiera\u0107 oleje odpowiednie do porowato\u015bci naszych w\u0142os\u00f3w, o czym wi\u0119cej pisali\u015bmy w <a href=\"http:\/\/ranking-kosmetykow.pl\/2018\/01\/08\/olejowanie-wlosow-krotki-poradnik\/\">tym artykule<\/a>.<\/p>\n<p style=\"text-align: justify;\">Pusz\u0105ce si\u0119 w\u0142osy lubi\u0105 te\u017c wszelkie\u00a0<strong>od\u017cywki<\/strong> i <strong>maski nawil\u017caj\u0105ce<\/strong>, a tak\u017ce r\u00f3\u017cne zio\u0142owe p\u0142ukanki, kt\u00f3re pomog\u0105\u00a0doda\u0107 im blasku, zadbaj\u0105 o\u00a0<strong>zdrowy<\/strong> <strong>wygl\u0105d<\/strong>, a tak\u017ce przywr\u00f3c\u0105 im <strong>odpowiednie<\/strong> <strong>pH<\/strong>.<\/p>\n<p style=\"text-align: justify;\"><span style=\"color: #ffffff;\">.<\/span><\/p>\n<div id=\"attachment_4628\" style=\"width: 760px\" class=\"wp-caption aligncenter\"><a href=\"https:\/\/neness.pl\/kosmetyki\/wlosy\/olejki\/kallos_krystal_milk_mleczko_nawilzajace_100ml.html\"><img loading=\"lazy\" decoding=\"async\" aria-describedby=\"caption-attachment-4628\" class=\"size-full wp-image-4628\" src=\"http:\/\/ranking-kosmetykow.pl\/wp-content\/uploads\/2018\/04\/352488641566064365c514120b8c411d.jpg\" alt=\"\" width=\"750\" height=\"1000\" srcset=\"https:\/\/neness.pl\/blog\/wp-content\/uploads\/2018\/04\/352488641566064365c514120b8c411d.jpg 750w, https:\/\/neness.pl\/blog\/wp-content\/uploads\/2018\/04\/352488641566064365c514120b8c411d-225x300.jpg 225w, https:\/\/neness.pl\/blog\/wp-content\/uploads\/2018\/04\/352488641566064365c514120b8c411d-610x813.jpg 610w\" sizes=\"auto, (max-width: 750px) 100vw, 750px\" \/><\/a><p id=\"caption-attachment-4628\" class=\"wp-caption-text\">Kallos Krystal Milk Mleczko Nawil\u017caj\u0105ce 100ml \/<br \/>21,50 z\u0142<\/p><\/div>\n<p style=\"text-align: justify;\"><span style=\"color: #ffffff;\">.<\/span><\/p>\n<h3 style=\"text-align: justify;\">Stylizacja w\u0142os\u00f3w pusz\u0105cych si\u0119<\/h3>\n<p style=\"text-align: justify;\">W przypadku w\u0142os\u00f3w pusz\u0105cych si\u0119 najlepiej sprawdza si\u0119 odpowiednia piel\u0119gnacja i <strong>unikanie<\/strong> zabieg\u00f3w, kt\u00f3re mog\u0105 jeszcze bardziej przyczyni\u0107 si\u0119 do zniszczenia naszej fryzury. W tym wypadku warto wi\u0119c <strong>zrezygnowa\u0107<\/strong> ze stylizacji na gor\u0105co. Unikajmy tak\u017ce pocierania ich po umyciu r\u0119cznikiem, bo w ten spos\u00f3b bardzo \u0142atwo uszkodzi\u0107 ich struktur\u0119.<\/p>\n<p style=\"text-align: justify;\">Je\u015bli nie mo\u017cemy zrezygnowa\u0107 z suszenia suszark\u0105, postawmy raczej na <strong>ch\u0142odny<\/strong> strumie\u0144 powietrza i wybierzmy urz\u0105dzenie z jonizacj\u0105.<\/p>\n<p style=\"text-align: justify;\"><span style=\"color: #ffffff;\">.<\/span><\/p>\n<div id=\"attachment_4629\" style=\"width: 447px\" class=\"wp-caption aligncenter\"><a href=\"https:\/\/neness.pl\/kosmetyki\/wlosy\/olejki\/kallos_restorative_milk_wzmacniajace_mleczko_300_ml.html\"><img loading=\"lazy\" decoding=\"async\" aria-describedby=\"caption-attachment-4629\" class=\" wp-image-4629\" src=\"http:\/\/ranking-kosmetykow.pl\/wp-content\/uploads\/2018\/04\/5867cf979851a7ac7fbc61e202e88529.jpg\" alt=\"\" width=\"437\" height=\"583\" srcset=\"https:\/\/neness.pl\/blog\/wp-content\/uploads\/2018\/04\/5867cf979851a7ac7fbc61e202e88529.jpg 510w, https:\/\/neness.pl\/blog\/wp-content\/uploads\/2018\/04\/5867cf979851a7ac7fbc61e202e88529-225x300.jpg 225w\" sizes=\"auto, (max-width: 437px) 100vw, 437px\" \/><\/a><p id=\"caption-attachment-4629\" class=\"wp-caption-text\">Kallos Restorative Milk Wzmacniaj\u0105ce Mleczko 300 ml \/<br \/>12,90 z\u0142<\/p><\/div>\n<p style=\"text-align: justify;\"><span style=\"color: #ffffff;\">.<\/span><\/p>\n<p style=\"text-align: justify;\">Zrezygnujmy tak\u017ce z czesania w\u0142os\u00f3w szczotk\u0105. W przypadku w\u0142os\u00f3w pusz\u0105cych si\u0119 zdecydowanie lepiej sprawdza si\u0119 <strong>grzebie\u0144<\/strong> z szeroko rozstawionymi z\u0119bami. Zadbaj tak\u017ce o to, by regularnie <strong>podcina\u0107<\/strong> zniszczone, rozdwojone ko\u0144c\u00f3wki, dzi\u0119ki czemu w\u0142osy b\u0119d\u0105 zdecydowanie lepiej wygl\u0105da\u0107.<\/p>\n","protected":false},"excerpt":{"rendered":"<p>Problem pusz\u0105cych si\u0119 w\u0142os\u00f3w dotyka wielu kobiet, jednak najcz\u0119\u015bciej tych, kt\u00f3re posiadaj\u0105 naturalnie kr\u0119cone w\u0142osy. Nie\u0142atwo nad nimi zapanowa\u0107, jednak istnieje kilka sposob\u00f3w, kt\u00f3re pomog\u0105 wyg\u0142adzi\u0107 niesforne kosmyki, a przy okazji nie b\u0119d\u0105 wymaga\u0107 od nas tak\u017ce inwestowania w skomplikowane zabiegi w salonie fryzjerskim. Jak poradzi\u0107 sobie z pusz\u0105cymi si\u0119 w\u0142osami? . Dlaczego w\u0142osy si\u0119 [&hellip;]<\/p>\n","protected":false},"author":2,"featured_media":4623,"comment_status":"open","ping_status":"open","sticky":false,"template":"","format":"standard","meta":{"_et_pb_use_builder":"","_et_pb_old_content":"","_et_gb_content_width":"","footnotes":""},"categories":[48],"tags":[],"class_list":["post-4622","post","type-post","status-publish","format-standard","has-post-thumbnail","hentry","category-wlosy-idealne","et-has-post-format-content","et_post_format-et-post-format-standard"],"_links":{"self":[{"href":"https:\/\/neness.pl\/blog\/wp-json\/wp\/v2\/posts\/4622","targetHints":{"allow":["GET"]}}],"collection":[{"href":"https:\/\/neness.pl\/blog\/wp-json\/wp\/v2\/posts"}],"about":[{"href":"https:\/\/neness.pl\/blog\/wp-json\/wp\/v2\/types\/post"}],"author":[{"embeddable":true,"href":"https:\/\/neness.pl\/blog\/wp-json\/wp\/v2\/users\/2"}],"replies":[{"embeddable":true,"href":"https:\/\/neness.pl\/blog\/wp-json\/wp\/v2\/comments?post=4622"}],"version-history":[{"count":0,"href":"https:\/\/neness.pl\/blog\/wp-json\/wp\/v2\/posts\/4622\/revisions"}],"wp:featuredmedia":[{"embeddable":true,"href":"https:\/\/neness.pl\/blog\/wp-json\/wp\/v2\/media\/4623"}],"wp:attachment":[{"href":"https:\/\/neness.pl\/blog\/wp-json\/wp\/v2\/media?parent=4622"}],"wp:term":[{"taxonomy":"category","embeddable":true,"href":"https:\/\/neness.pl\/blog\/wp-json\/wp\/v2\/categories?post=4622"},{"taxonomy":"post_tag","embeddable":true,"href":"https:\/\/neness.pl\/blog\/wp-json\/wp\/v2\/tags?post=4622"}],"curies":[{"name":"wp","href":"https:\/\/api.w.org\/{rel}","templated":true}]}}