{"id":4596,"date":"2018-04-25T11:38:48","date_gmt":"2018-04-25T09:38:48","guid":{"rendered":"http:\/\/ranking-kosmetykow.pl\/?p=4596"},"modified":"2018-04-25T11:38:48","modified_gmt":"2018-04-25T09:38:48","slug":"jak-pielegnowac-brwi","status":"publish","type":"post","link":"https:\/\/neness.pl\/blog\/jak-pielegnowac-brwi\/","title":{"rendered":"Jak piel\u0119gnowa\u0107 brwi?"},"content":{"rendered":"<p style=\"text-align: justify;\">Po wielu latach, gdy modne by\u0142y cieniutkie mocno wyregulowane brwi, moda na te grubsze i naturalne zaskoczy\u0142a wiele z nas. Niestety po d\u0142ugim czasie intensywnego wyskubywania mo\u017ce nie by\u0107 \u0142atwo doprowadzi\u0107 je do po\u017c\u0105danego stanu. Na szcz\u0119\u015bcie istnieje kilka sposob\u00f3w, dzi\u0119ki kt\u00f3rym mo\u017cemy wzmocni\u0107 w\u0142oski, nieco przyspieszy\u0107 ich wzrost, a nawet odrobin\u0119 je zag\u0119\u015bci\u0107. Jak piel\u0119gnowa\u0107 brwi, by by\u0142y g\u0119ste, zdrowe i naturalne? Zapraszamy do lektury!<\/p>\n<p style=\"text-align: justify;\">\n<h3 style=\"text-align: justify;\">Brwi idealne \u2013 jak powinny wygl\u0105da\u0107?<\/h3>\n<p style=\"text-align: justify;\">Ka\u017cda z nas chcia\u0142by mie\u0107 <strong>idealne<\/strong> <strong>brwi<\/strong> z natury. Stanowi\u0105 przecie\u017c one ram\u0119 dla oczu i twarzy, dodaj\u0105 charakteru i podkre\u015blaj\u0105 urod\u0119. Cho\u0107 w mediach spo\u0142eczno\u015bciowych od kilku sezon\u00f3w lansowana jest moda na grube, mocno wyrysowane brwi, to tak naprawd\u0119 idealne brwi to te, kt\u00f3re\u00a0doskonale\u00a0<strong>pasuj\u0105<\/strong> do rys\u00f3w naszej twarzy. By nada\u0107 im w\u0142a\u015bciwy kszta\u0142t, najlepiej uda\u0107 si\u0119 do sprawdzonego <strong>gabinetu kosmetycznego<\/strong>, w kt\u00f3rym profesjonalistka dobierze nam ich idealny kszta\u0142t i grubo\u015b\u0107.<\/p>\n<p style=\"text-align: justify;\">\n<div id=\"attachment_4598\" style=\"width: 605px\" class=\"wp-caption aligncenter\"><a href=\"https:\/\/neness.pl\/kosmetyki\/oczy\/korektory_do_brwi\/loreal_maskara_do_brwi_brow_artist_plumer_light_medium.html\"><img loading=\"lazy\" decoding=\"async\" aria-describedby=\"caption-attachment-4598\" class=\" wp-image-4598\" src=\"http:\/\/ranking-kosmetykow.pl\/wp-content\/uploads\/2018\/04\/718143a87064d7dcb58660d84ca16040.jpg\" alt=\"\" width=\"595\" height=\"793\" srcset=\"https:\/\/neness.pl\/blog\/wp-content\/uploads\/2018\/04\/718143a87064d7dcb58660d84ca16040.jpg 750w, https:\/\/neness.pl\/blog\/wp-content\/uploads\/2018\/04\/718143a87064d7dcb58660d84ca16040-225x300.jpg 225w, https:\/\/neness.pl\/blog\/wp-content\/uploads\/2018\/04\/718143a87064d7dcb58660d84ca16040-610x813.jpg 610w\" sizes=\"auto, (max-width: 595px) 100vw, 595px\" \/><\/a><p id=\"caption-attachment-4598\" class=\"wp-caption-text\">Loreal Maskara do Brwi Brow Artist Plumer Light Medium \/<br \/>17,80 z\u0142<\/p><\/div>\n<p style=\"text-align: justify;\">\n<h3 style=\"text-align: justify;\">Zapomnij o p\u0119secie<\/h3>\n<p style=\"text-align: justify;\">Niestety <strong>zapuszczanie<\/strong> brwi to d\u0142ugotrwa\u0142y i do\u015b\u0107 \u017cmudny proces, jednak w tym czasie musimy po\u017cegna\u0107 si\u0119 z jak\u0105kolwiek ich regulacj\u0105, przynajmniej do momentu, gdy osi\u0105gn\u0105 one <strong>po\u017c\u0105dan\u0105<\/strong> grubo\u015b\u0107. Dopiero wtedy b\u0119dziemy mie\u0107 idealne warunki do tego, by nada\u0107 im odpowiedni do naszej twarzy kszta\u0142t. Ca\u0142kowite odrastanie brwi mo\u017ce potrwa\u0107 nawet <strong>trzy<\/strong> <strong>miesi\u0105ce<\/strong>, ale zdecydowanie warto podj\u0105\u0107 to wyzwanie.<\/p>\n<p style=\"text-align: justify;\">\n<div id=\"attachment_4599\" style=\"width: 571px\" class=\"wp-caption aligncenter\"><a href=\"https:\/\/neness.pl\/kosmetyki\/oczy\/kredki_i_eyelinery\/dermacol_kredka_do_brwi_z_witamina_e.html\"><img loading=\"lazy\" decoding=\"async\" aria-describedby=\"caption-attachment-4599\" class=\" wp-image-4599\" src=\"http:\/\/ranking-kosmetykow.pl\/wp-content\/uploads\/2018\/04\/f0ef2c03e2752c603a5a0079c28a8eac.jpg\" alt=\"\" width=\"561\" height=\"748\" srcset=\"https:\/\/neness.pl\/blog\/wp-content\/uploads\/2018\/04\/f0ef2c03e2752c603a5a0079c28a8eac.jpg 750w, https:\/\/neness.pl\/blog\/wp-content\/uploads\/2018\/04\/f0ef2c03e2752c603a5a0079c28a8eac-225x300.jpg 225w, https:\/\/neness.pl\/blog\/wp-content\/uploads\/2018\/04\/f0ef2c03e2752c603a5a0079c28a8eac-610x813.jpg 610w\" sizes=\"auto, (max-width: 561px) 100vw, 561px\" \/><\/a><p id=\"caption-attachment-4599\" class=\"wp-caption-text\">Dermacol Kredka do Brwi z Witamin\u0105 E \/<br \/>13,50 z\u0142<\/p><\/div>\n<p style=\"text-align: justify;\">\n<h3 style=\"text-align: justify;\">Si\u0119gnij po od\u017cywk\u0119<\/h3>\n<p style=\"text-align: justify;\">Proces odrastania brwi mo\u017cemy <strong>przyspieszy\u0107<\/strong>, si\u0119gaj\u0105c po specjalnie od\u017cywki. Nie m\u00f3wimy tu oczywi\u015bcie o tych przeznaczonych do w\u0142os\u00f3w, a\u00a0o specjalistycznych <strong>preparatach<\/strong> do brwi i rz\u0119s. Zawieraj\u0105 one odpowiednio dobrane sk\u0142adniki <strong>przyspieszaj\u0105ce<\/strong> wzrost i <strong>wzmacniaj\u0105ce<\/strong> w\u0142oski. Niestety niekt\u00f3re z nich mog\u0105 wywo\u0142ywa\u0107 reakcj\u0119 alergiczn\u0105, dlatego lepiej wykona\u0107 wcze\u015bniej <strong>pr\u00f3b\u0119<\/strong> <strong>uczuleniow\u0105<\/strong>. Je\u015bli wolisz domowe i naturalne sposoby, si\u0119gnij po stary dobry <strong>olejek<\/strong> <strong>rycynowy<\/strong>, kt\u00f3ry wzmocni w\u0142oski, a przy okazji nieco je przyciemni.<\/p>\n<p style=\"text-align: justify;\">\n<div id=\"attachment_4600\" style=\"width: 600px\" class=\"wp-caption aligncenter\"><a href=\"https:\/\/neness.pl\/kosmetyki\/oczy\/palety_do_brwi\/dermacol_01_pudrowy_cien_do_brwi_powder_eyebrow_shadow.html\"><img loading=\"lazy\" decoding=\"async\" aria-describedby=\"caption-attachment-4600\" class=\" wp-image-4600\" src=\"http:\/\/ranking-kosmetykow.pl\/wp-content\/uploads\/2018\/04\/549224cd0ca249bfc721120572edd287.png\" alt=\"\" width=\"590\" height=\"787\" srcset=\"https:\/\/neness.pl\/blog\/wp-content\/uploads\/2018\/04\/549224cd0ca249bfc721120572edd287.png 750w, https:\/\/neness.pl\/blog\/wp-content\/uploads\/2018\/04\/549224cd0ca249bfc721120572edd287-225x300.png 225w, https:\/\/neness.pl\/blog\/wp-content\/uploads\/2018\/04\/549224cd0ca249bfc721120572edd287-610x813.png 610w\" sizes=\"auto, (max-width: 590px) 100vw, 590px\" \/><\/a><p id=\"caption-attachment-4600\" class=\"wp-caption-text\">Dermacol 01 Pudrowy Cie\u0144 do Brwi Powder Eyebrow Shadow \/<br \/>31,50 z\u0142<\/p><\/div>\n<p style=\"text-align: justify;\">\n<h3 style=\"text-align: justify;\">A mo\u017ce masa\u017c?<\/h3>\n<p style=\"text-align: justify;\">Tak jak odpowiedni <strong>masa\u017c<\/strong> poprawia ukrwienie sk\u00f3ry g\u0142owy i przyspiesza wzrost w\u0142os\u00f3w, tak analogicznie mo\u017ce sprawdzi\u0107 si\u0119 w przypadku brwi. Delikatny masa\u017c <strong>\u0142uk\u00f3w<\/strong> <strong>brwiowych<\/strong> poprawi kr\u0105\u017cenie krwi w tych miejscach i <strong>pobudzi<\/strong> cebulki w\u0142os\u00f3w do wzrostu. Jak to zrobi\u0107? Si\u0119gnij po star\u0105 <strong>szczoteczk\u0119<\/strong> do z\u0119b\u00f3w lub star\u0105 (i umyt\u0105!) spiralk\u0119 z tuszu do rz\u0119s i zamocz j\u0105 w ulubionym <strong>oleju<\/strong> do piel\u0119gnacji w\u0142os\u00f3w, na przyk\u0142ad kokosowym lub zwyk\u0142ej oliwie z oliwek. <strong>Przeczesuj<\/strong> brwi codziennie kilka razy. Taki zabieg wzmocni i od\u017cywi w\u0142oski.<\/p>\n<p style=\"text-align: justify;\">\n<div id=\"attachment_3102\" style=\"width: 627px\" class=\"wp-caption aligncenter\"><a href=\"https:\/\/neness.pl\/kosmetyki\/wlosy\/olejki\/ecocera_olej_kokosowy_314ml.html\"><img loading=\"lazy\" decoding=\"async\" aria-describedby=\"caption-attachment-3102\" class=\" wp-image-3102\" src=\"http:\/\/ranking-kosmetykow.pl\/wp-content\/uploads\/2017\/08\/bfacaa97a98966c5cd92e33975ba3d7c.jpg\" alt=\"\" width=\"617\" height=\"823\" srcset=\"https:\/\/neness.pl\/blog\/wp-content\/uploads\/2017\/08\/bfacaa97a98966c5cd92e33975ba3d7c.jpg 750w, https:\/\/neness.pl\/blog\/wp-content\/uploads\/2017\/08\/bfacaa97a98966c5cd92e33975ba3d7c-225x300.jpg 225w, https:\/\/neness.pl\/blog\/wp-content\/uploads\/2017\/08\/bfacaa97a98966c5cd92e33975ba3d7c-610x813.jpg 610w\" sizes=\"auto, (max-width: 617px) 100vw, 617px\" \/><\/a><p id=\"caption-attachment-3102\" class=\"wp-caption-text\">EcoCera Olej Kokosowy 314ml \/<br \/>14,90 z\u0142<\/p><\/div>\n<p style=\"text-align: justify;\">\n<h3 style=\"text-align: justify;\">Zadbaj o diet\u0119<\/h3>\n<p style=\"text-align: justify;\">Opr\u00f3cz samego dbania o brwi warto tak\u017ce pomy\u015ble\u0107 o tym, jak wzmocni\u0107 w\u0142oski <strong>od \u015brodka<\/strong>. Niezast\u0105piona w tym wypadku b\u0119dzie oczywi\u015bcie zdrowa i bogata w witaminy i minera\u0142y <strong>dieta<\/strong>. Jedz warzywa i owoce, mo\u017cesz tak\u017ce si\u0119gn\u0105\u0107 po <strong>suplementy<\/strong>, kt\u00f3re wp\u0142yn\u0105 nie tylko na wygl\u0105d brwi, ale tak\u017ce wzmocni\u0105 w\u0142osy i paznokcie. Si\u0119gnij po specyfiki, w kt\u00f3rych sk\u0142adzie znajdziesz witamin\u0119 A, witamin\u0119 B6, witamin\u0119 C, a tak\u017ce witamin\u0119 E.<\/p>\n<p style=\"text-align: justify;\">Na stan w\u0142os\u00f3w, sk\u00f3ry i paznokci dobrze wp\u0142ywa tak\u017ce biotyna, cynk i krzem. Mo\u017cesz tak\u017ce si\u0119gn\u0105\u0107 po <strong>napary<\/strong> <strong>zio\u0142owe<\/strong>, na przyk\u0142ad ze skrzypu lub pokrzywy, kt\u00f3re pite regularnie tak\u017ce poprawi\u0105 wzmocni\u0105 w\u0142osy i paznokcie.<\/p>\n<p style=\"text-align: justify;\">A jakie s\u0105 Wasze domowe sposoby na pi\u0119kne brwi?<\/p>\n","protected":false},"excerpt":{"rendered":"<p>Po wielu latach, gdy modne by\u0142y cieniutkie mocno wyregulowane brwi, moda na te grubsze i naturalne zaskoczy\u0142a wiele z nas. Niestety po d\u0142ugim czasie intensywnego wyskubywania mo\u017ce nie by\u0107 \u0142atwo doprowadzi\u0107 je do po\u017c\u0105danego stanu. Na szcz\u0119\u015bcie istnieje kilka sposob\u00f3w, dzi\u0119ki kt\u00f3rym mo\u017cemy wzmocni\u0107 w\u0142oski, nieco przyspieszy\u0107 ich wzrost, a nawet odrobin\u0119 je zag\u0119\u015bci\u0107. Jak [&hellip;]<\/p>\n","protected":false},"author":2,"featured_media":4597,"comment_status":"open","ping_status":"open","sticky":false,"template":"","format":"standard","meta":{"_et_pb_use_builder":"","_et_pb_old_content":"","_et_gb_content_width":"","footnotes":""},"categories":[185],"tags":[],"class_list":["post-4596","post","type-post","status-publish","format-standard","has-post-thumbnail","hentry","category-codzienna-pielegnacja","et-has-post-format-content","et_post_format-et-post-format-standard"],"_links":{"self":[{"href":"https:\/\/neness.pl\/blog\/wp-json\/wp\/v2\/posts\/4596","targetHints":{"allow":["GET"]}}],"collection":[{"href":"https:\/\/neness.pl\/blog\/wp-json\/wp\/v2\/posts"}],"about":[{"href":"https:\/\/neness.pl\/blog\/wp-json\/wp\/v2\/types\/post"}],"author":[{"embeddable":true,"href":"https:\/\/neness.pl\/blog\/wp-json\/wp\/v2\/users\/2"}],"replies":[{"embeddable":true,"href":"https:\/\/neness.pl\/blog\/wp-json\/wp\/v2\/comments?post=4596"}],"version-history":[{"count":0,"href":"https:\/\/neness.pl\/blog\/wp-json\/wp\/v2\/posts\/4596\/revisions"}],"wp:featuredmedia":[{"embeddable":true,"href":"https:\/\/neness.pl\/blog\/wp-json\/wp\/v2\/media\/4597"}],"wp:attachment":[{"href":"https:\/\/neness.pl\/blog\/wp-json\/wp\/v2\/media?parent=4596"}],"wp:term":[{"taxonomy":"category","embeddable":true,"href":"https:\/\/neness.pl\/blog\/wp-json\/wp\/v2\/categories?post=4596"},{"taxonomy":"post_tag","embeddable":true,"href":"https:\/\/neness.pl\/blog\/wp-json\/wp\/v2\/tags?post=4596"}],"curies":[{"name":"wp","href":"https:\/\/api.w.org\/{rel}","templated":true}]}}