{"id":4554,"date":"2018-04-23T11:22:49","date_gmt":"2018-04-23T09:22:49","guid":{"rendered":"http:\/\/ranking-kosmetykow.pl\/?p=4554"},"modified":"2018-04-23T11:22:49","modified_gmt":"2018-04-23T09:22:49","slug":"szara-cera-jak-poprawic-jej-koloryt","status":"publish","type":"post","link":"https:\/\/neness.pl\/blog\/szara-cera-jak-poprawic-jej-koloryt\/","title":{"rendered":"Szara cera \u2013 jak poprawi\u0107 jej koloryt?"},"content":{"rendered":"<p align=\"justify\">Po zimie cz\u0119sto koloryt naszej cery pozostawia wiele do \u017cyczenia. Z drugiej jednak strony wystawianie twarzy na s\u0142o\u0144ce i cz\u0119ste opalanie tak\u017ce nie przyczynia si\u0119 do tego, \u017ce d\u0142ugo zachowamy m\u0142ody i pi\u0119kny wygl\u0105d. Czy mo\u017cna w inny spos\u00f3b poprawi\u0107 wygl\u0105d cery po zimie i sprawi, \u017ce z szarej i zm\u0119czonej, zyska ona pi\u0119kny i zdrowy kolory? Jak to zrobi\u0107?<\/p>\n<p align=\"justify\"><span style=\"color: #ffffff;\">.<\/span><\/p>\n<h3 align=\"justify\">Co to znaczy, \u017ce cera jest ziemista?<\/h3>\n<p align=\"justify\"><strong>Promienna i g\u0142adka cera<\/strong> o wyr\u00f3wnanym kolorycie to marzenie wielu z nas. Jednak po zimie, przywr\u00f3cenie jej pi\u0119knego wygl\u0105du mo\u017ce wcale nie by\u0107 takie proste. A czym charakteryzuje si\u0119 szara i ziemista cera?<\/p>\n<p align=\"justify\"><span style=\"color: #ffffff;\">.<\/span><\/p>\n<div id=\"attachment_4557\" style=\"width: 515px\" class=\"wp-caption aligncenter\"><a href=\"https:\/\/neness.pl\/kosmetyki\/pielegnacja_twarzy\/maseczki\/holika_holika_calonocna_maseczka_canola_honey_sleeping_pack.html\"><img loading=\"lazy\" decoding=\"async\" aria-describedby=\"caption-attachment-4557\" class=\" wp-image-4557\" src=\"http:\/\/ranking-kosmetykow.pl\/wp-content\/uploads\/2018\/04\/7454328c04882b908f80734bc34a0ff9.jpg\" alt=\"\" width=\"505\" height=\"673\" srcset=\"https:\/\/neness.pl\/blog\/wp-content\/uploads\/2018\/04\/7454328c04882b908f80734bc34a0ff9.jpg 750w, https:\/\/neness.pl\/blog\/wp-content\/uploads\/2018\/04\/7454328c04882b908f80734bc34a0ff9-225x300.jpg 225w, https:\/\/neness.pl\/blog\/wp-content\/uploads\/2018\/04\/7454328c04882b908f80734bc34a0ff9-610x813.jpg 610w\" sizes=\"auto, (max-width: 505px) 100vw, 505px\" \/><\/a><p id=\"caption-attachment-4557\" class=\"wp-caption-text\">Holika Holika Ca\u0142onocna Maseczka Canola Honey Sleeping Pack \/<br \/>45,90 z\u0142<\/p><\/div>\n<p align=\"justify\"><span style=\"color: #ffffff;\">.<\/span><\/p>\n<p align=\"justify\">Ziemista cera to ta, kt\u00f3ra jest <strong>blada<\/strong>, a wr\u0119cz szarawa, <strong>pozbawiona<\/strong> <strong>blasku<\/strong> i wygl\u0105daj\u0105ca na zm\u0119czon\u0105. Mo\u017ce by\u0107 ona wynikiem mrozu wiatru i braku s\u0142o\u0144ca w czasie zimy, jednak cz\u0119sto jest tak\u017ce <strong>odzwierciedleniem<\/strong> naszego trybu \u017cycia i pozostawiaj\u0105cej wiele do \u017cyczenia diety, a tak\u017ce stresu i z\u0142ych nawyk\u00f3w: palenia papieros\u00f3w, nieodpowiedniej piel\u0119gnacji i zarywania nocy.<\/p>\n<p align=\"justify\"><span style=\"color: #ffffff;\">.<\/span><\/p>\n<div id=\"attachment_4558\" style=\"width: 585px\" class=\"wp-caption aligncenter\"><a href=\"https:\/\/neness.pl\/kosmetyki\/pielegnacja_twarzy\/maseczki\/holika_holika_pure_essence_maska_cytryna_mask_sheet_lemon.html\"><img loading=\"lazy\" decoding=\"async\" aria-describedby=\"caption-attachment-4558\" class=\" wp-image-4558\" src=\"http:\/\/ranking-kosmetykow.pl\/wp-content\/uploads\/2018\/04\/005126d7a561ce90ea570e20e94e9f23.jpg\" alt=\"\" width=\"575\" height=\"767\" srcset=\"https:\/\/neness.pl\/blog\/wp-content\/uploads\/2018\/04\/005126d7a561ce90ea570e20e94e9f23.jpg 750w, https:\/\/neness.pl\/blog\/wp-content\/uploads\/2018\/04\/005126d7a561ce90ea570e20e94e9f23-225x300.jpg 225w, https:\/\/neness.pl\/blog\/wp-content\/uploads\/2018\/04\/005126d7a561ce90ea570e20e94e9f23-610x813.jpg 610w\" sizes=\"auto, (max-width: 575px) 100vw, 575px\" \/><\/a><p id=\"caption-attachment-4558\" class=\"wp-caption-text\">Holika Holika Pure Essence Maska Cytryna Mask Sheet Lemon \/<br \/>10,90 z\u0142<\/p><\/div>\n<p align=\"justify\"><span style=\"color: #ffffff;\">.<\/span><\/p>\n<h3 align=\"justify\"><span style=\"color: #ffffff;\">.<\/span><\/h3>\n<h3 align=\"justify\">Piel\u0119gnacja ziemistej cery<\/h3>\n<p align=\"justify\">Ka\u017cda cera, nawet ta, kt\u00f3ra z natury jest blada, mo\u017ce wygl\u0105da\u0107 <strong>pi\u0119knie<\/strong>. Wystarczy, \u017ce dopasujemy do niej <strong>odpowiedni\u0105<\/strong> <strong>piel\u0119gnacj\u0119<\/strong> i zaspokoimy wszystkie jej potrzeby, a szybko odwdzi\u0119czy si\u0119 ona pi\u0119knym wygl\u0105dem.<\/p>\n<p align=\"justify\"><span style=\"color: #ffffff;\">.<\/span><\/p>\n<div id=\"attachment_4559\" style=\"width: 574px\" class=\"wp-caption aligncenter\"><a href=\"https:\/\/neness.pl\/kosmetyki\/pielegnacja_twarzy\/demakijaz_i_oczyszczanie\/holika_holika_daily_pianka_do_mycia_twarzy_rice_cleasing_foam_150ml.html\"><img loading=\"lazy\" decoding=\"async\" aria-describedby=\"caption-attachment-4559\" class=\" wp-image-4559\" src=\"http:\/\/ranking-kosmetykow.pl\/wp-content\/uploads\/2018\/04\/fda30d242b6047de42105b61409fceee.jpg\" alt=\"\" width=\"564\" height=\"752\" srcset=\"https:\/\/neness.pl\/blog\/wp-content\/uploads\/2018\/04\/fda30d242b6047de42105b61409fceee.jpg 750w, https:\/\/neness.pl\/blog\/wp-content\/uploads\/2018\/04\/fda30d242b6047de42105b61409fceee-225x300.jpg 225w, https:\/\/neness.pl\/blog\/wp-content\/uploads\/2018\/04\/fda30d242b6047de42105b61409fceee-610x813.jpg 610w\" sizes=\"auto, (max-width: 564px) 100vw, 564px\" \/><\/a><p id=\"caption-attachment-4559\" class=\"wp-caption-text\">Holika Holika Daily Pianka do Mycia Twarzy Rice Cleasing Foam 150ml \/<br \/>29,90 z\u0142<\/p><\/div>\n<p align=\"justify\"><span style=\"color: #ffffff;\">.<\/span><\/p>\n<p align=\"justify\">W piel\u0119gnacji cery szarej i zm\u0119czone bardzo wa\u017cne jest jej dok\u0142adne, codzienne <strong>oczyszczanie<\/strong> i regularne <strong>z\u0142uszczanie<\/strong>. Peeling powinien na sta\u0142e zago\u015bci\u0107 w naszej \u0142azience. W zale\u017cno\u015bci od tego, czego potrzebuje sk\u00f3ra, wybierzmy ten <strong>enzymatyczny<\/strong> lub<strong> z<\/strong> <strong>drobinkami<\/strong>. Gwarantujemy, \u017ce ju\u017c po pierwszym u\u017cycia sk\u00f3ra stanie si\u0119 g\u0142adsza, a <strong>regularne usuwanie<\/strong> <strong>martwego<\/strong> <strong>nask\u00f3rka<\/strong> pomo\u017ce przywr\u00f3ci\u0107 jej blask i promienno\u015b\u0107.<\/p>\n<p align=\"justify\"><span style=\"color: #ffffff;\">.<\/span><\/p>\n<div id=\"attachment_4560\" style=\"width: 584px\" class=\"wp-caption aligncenter\"><a href=\"https:\/\/neness.pl\/kosmetyki\/twarz\/roze_bronzery_i_rozswietlacze\/revolution_plynny_rozswietlacz_liquid_highlighter_starlight.html\"><img loading=\"lazy\" decoding=\"async\" aria-describedby=\"caption-attachment-4560\" class=\" wp-image-4560\" src=\"http:\/\/ranking-kosmetykow.pl\/wp-content\/uploads\/2018\/04\/b38f7f18afa7b03ff691a4d6d52c5d58.jpg\" alt=\"\" width=\"574\" height=\"765\" srcset=\"https:\/\/neness.pl\/blog\/wp-content\/uploads\/2018\/04\/b38f7f18afa7b03ff691a4d6d52c5d58.jpg 750w, https:\/\/neness.pl\/blog\/wp-content\/uploads\/2018\/04\/b38f7f18afa7b03ff691a4d6d52c5d58-225x300.jpg 225w, https:\/\/neness.pl\/blog\/wp-content\/uploads\/2018\/04\/b38f7f18afa7b03ff691a4d6d52c5d58-610x813.jpg 610w\" sizes=\"auto, (max-width: 574px) 100vw, 574px\" \/><\/a><p id=\"caption-attachment-4560\" class=\"wp-caption-text\">Revolution P\u0142ynny Roz\u015bwietlacz Liquid Highlighter Starlight \/<br \/>22,90 z\u0142<\/p><\/div>\n<p align=\"justify\"><span style=\"color: #ffffff;\">.<\/span><\/p>\n<p align=\"justify\">Opr\u00f3cz peeling\u00f3w mo\u017cesz wprowadzi\u0107 do codziennej piel\u0119gnacji tak\u017ce kosmetyki zawieraj\u0105ce <strong>kwasy<\/strong>, na przyk\u0142ad owocowe, kt\u00f3re r\u00f3wnie\u017c sprawi\u0105, \u017ce cera stanie si\u0119 bardziej <strong>promienna<\/strong>, a dodatkowo pomog\u0105 rozja\u015bni\u0107 przebarwienia. Pami\u0119taj jednak, \u017ce decyduj\u0105c si\u0119 na kwasy wiosn\u0105 i latem konieczne b\u0119dzie unikanie s\u0142o\u0144ca i stosowanie <strong>krem\u00f3w z wysokim filtrem<\/strong> przed ka\u017cdym wyj\u015bciem z domu.<\/p>\n<p align=\"justify\"><span style=\"color: #ffffff;\">.<\/span><\/p>\n<h3 align=\"justify\">Zadbaj o diet\u0119 i tryb \u017cycia<\/h3>\n<p align=\"justify\">Niestety same kosmetyki na d\u0142u\u017csz\u0105 met\u0119 nie pomog\u0105, je\u015bli nie wprowadzimy <strong>zmian<\/strong> w trybie \u017cycia i diecie. Postaraj si\u0119 wi\u0119c <strong>wysypia\u0107<\/strong> i zrezygnowa\u0107 ze szkodliwych <strong>u\u017cywek<\/strong>. Twoja cera szybko Ci za to podzi\u0119kuje, a dodatkowo na pewno poprawisz tak\u017ce swoje samopoczucie i zdrowie.<\/p>\n<p align=\"justify\"><span style=\"color: #ffffff;\">.<\/span><\/p>\n<div id=\"attachment_4561\" style=\"width: 555px\" class=\"wp-caption aligncenter\"><a href=\"https:\/\/neness.pl\/kosmetyki\/twarz\/podklady_i_pudry\/dermacol_nawilzajacy_podklad_rozswietlajacy_sheer_face_illuminator_day_light.html\"><img loading=\"lazy\" decoding=\"async\" aria-describedby=\"caption-attachment-4561\" class=\" wp-image-4561\" src=\"http:\/\/ranking-kosmetykow.pl\/wp-content\/uploads\/2018\/04\/738ede9444a7a33031730b1220c9bb8e.jpg\" alt=\"\" width=\"545\" height=\"727\" srcset=\"https:\/\/neness.pl\/blog\/wp-content\/uploads\/2018\/04\/738ede9444a7a33031730b1220c9bb8e.jpg 750w, https:\/\/neness.pl\/blog\/wp-content\/uploads\/2018\/04\/738ede9444a7a33031730b1220c9bb8e-225x300.jpg 225w, https:\/\/neness.pl\/blog\/wp-content\/uploads\/2018\/04\/738ede9444a7a33031730b1220c9bb8e-610x813.jpg 610w\" sizes=\"auto, (max-width: 545px) 100vw, 545px\" \/><\/a><p id=\"caption-attachment-4561\" class=\"wp-caption-text\">Dermacol Nawil\u017caj\u0105cy Podk\u0142ad Roz\u015bwietlaj\u0105cy Sheer Face Illuminator Day Light \/<br \/>34,20 z\u0142<\/p><\/div>\n<p align=\"justify\"><span style=\"color: #ffffff;\">.<\/span><\/p>\n<p align=\"justify\">Warto tak\u017ce zadba\u0107 o <strong>diet\u0119<\/strong>. Pij wi\u0119c du\u017co wody i regularnie si\u0119gaj po\u2026 marchewk\u0119. Zawiera ona mn\u00f3stwo <strong>beta-karotenu<\/strong>, kt\u00f3ry pomo\u017ce doda\u0107 cerze zdrowego kolorytu. Opr\u00f3cz tego staraj si\u0119, by w Twoim jad\u0142ospisie nie brakowa\u0142o bogatych w witaminy warzyw i owoc\u00f3w.<\/p>\n<p align=\"justify\"><span style=\"color: #ffffff;\">.<\/span><\/p>\n<div id=\"attachment_4562\" style=\"width: 613px\" class=\"wp-caption aligncenter\"><a href=\"https:\/\/neness.pl\/kosmetyki\/twarz\/korektory\/w7_korektor_light_diffusing_concealer.html\"><img loading=\"lazy\" decoding=\"async\" aria-describedby=\"caption-attachment-4562\" class=\" wp-image-4562\" src=\"http:\/\/ranking-kosmetykow.pl\/wp-content\/uploads\/2018\/04\/2d51aeca9abbca8c68ca58417ee315b3.jpg\" alt=\"\" width=\"603\" height=\"804\" srcset=\"https:\/\/neness.pl\/blog\/wp-content\/uploads\/2018\/04\/2d51aeca9abbca8c68ca58417ee315b3.jpg 750w, https:\/\/neness.pl\/blog\/wp-content\/uploads\/2018\/04\/2d51aeca9abbca8c68ca58417ee315b3-225x300.jpg 225w, https:\/\/neness.pl\/blog\/wp-content\/uploads\/2018\/04\/2d51aeca9abbca8c68ca58417ee315b3-610x813.jpg 610w\" sizes=\"auto, (max-width: 603px) 100vw, 603px\" \/><\/a><p id=\"caption-attachment-4562\" class=\"wp-caption-text\">W7 Korektor Light Diffusing Concealer \/<br \/>14,90 z\u0142<\/p><\/div>\n<p align=\"justify\"><span style=\"color: #ffffff;\">.<\/span><\/p>\n<h3 align=\"justify\"><span style=\"color: #ffffff;\">.<\/span><\/h3>\n<h3 align=\"justify\">A co z makija\u017cem?<\/h3>\n<p align=\"justify\">Koloryt cery pomo\u017ce poprawi\u0107 tak\u017ce umiej\u0119tnie wykonany <strong>makija\u017c<\/strong>. Si\u0119gnij wi\u0119c po kosmetyki <strong>roz\u015bwietlaj\u0105ce<\/strong>, kt\u00f3re dodadz\u0105 cerze blasku. Przyda si\u0119 wi\u0119c odpowiednia <strong>baza<\/strong> pod makija\u017c i wyr\u00f3wnuj\u0105cy koloryt <strong>krem BB<\/strong> lub lekki podk\u0142ad. Cienie pod oczami i \u015brodek twarzy mo\u017cesz tak\u017ce roz\u015bwietli\u0107 odpowiednim <strong>korektorem<\/strong>.\u00a0Warto tak\u017ce musn\u0105\u0107 sk\u00f3r\u0119 <strong>bronzerem<\/strong>, kt\u00f3ry doda jej zdrowych kolor\u00f3w.<\/p>\n<p align=\"justify\"><span style=\"color: #ffffff;\">.<\/span><\/p>\n<div id=\"attachment_4564\" style=\"width: 561px\" class=\"wp-caption aligncenter\"><a href=\"https:\/\/neness.pl\/kosmetyki\/twarz\/roze_bronzery_i_rozswietlacze\/dermacol_bronzing_palette_paleta_bronzujaca.html\"><img loading=\"lazy\" decoding=\"async\" aria-describedby=\"caption-attachment-4564\" class=\" wp-image-4564\" src=\"http:\/\/ranking-kosmetykow.pl\/wp-content\/uploads\/2018\/04\/3b012333e88f713dc7611a870d92ccce.jpg\" alt=\"\" width=\"551\" height=\"735\" srcset=\"https:\/\/neness.pl\/blog\/wp-content\/uploads\/2018\/04\/3b012333e88f713dc7611a870d92ccce.jpg 750w, https:\/\/neness.pl\/blog\/wp-content\/uploads\/2018\/04\/3b012333e88f713dc7611a870d92ccce-225x300.jpg 225w, https:\/\/neness.pl\/blog\/wp-content\/uploads\/2018\/04\/3b012333e88f713dc7611a870d92ccce-610x813.jpg 610w\" sizes=\"auto, (max-width: 551px) 100vw, 551px\" \/><\/a><p id=\"caption-attachment-4564\" class=\"wp-caption-text\">Dermacol Bronzing Palette Paleta Bronzuj\u0105ca \/<br \/>31,90 z\u0142<\/p><\/div>\n","protected":false},"excerpt":{"rendered":"<p>Po zimie cz\u0119sto koloryt naszej cery pozostawia wiele do \u017cyczenia. Z drugiej jednak strony wystawianie twarzy na s\u0142o\u0144ce i cz\u0119ste opalanie tak\u017ce nie przyczynia si\u0119 do tego, \u017ce d\u0142ugo zachowamy m\u0142ody i pi\u0119kny wygl\u0105d. Czy mo\u017cna w inny spos\u00f3b poprawi\u0107 wygl\u0105d cery po zimie i sprawi, \u017ce z szarej i zm\u0119czonej, zyska ona pi\u0119kny i [&hellip;]<\/p>\n","protected":false},"author":2,"featured_media":3511,"comment_status":"open","ping_status":"open","sticky":false,"template":"","format":"standard","meta":{"_et_pb_use_builder":"","_et_pb_old_content":"","_et_gb_content_width":"","footnotes":""},"categories":[185],"tags":[],"class_list":["post-4554","post","type-post","status-publish","format-standard","has-post-thumbnail","hentry","category-codzienna-pielegnacja","et-has-post-format-content","et_post_format-et-post-format-standard"],"_links":{"self":[{"href":"https:\/\/neness.pl\/blog\/wp-json\/wp\/v2\/posts\/4554","targetHints":{"allow":["GET"]}}],"collection":[{"href":"https:\/\/neness.pl\/blog\/wp-json\/wp\/v2\/posts"}],"about":[{"href":"https:\/\/neness.pl\/blog\/wp-json\/wp\/v2\/types\/post"}],"author":[{"embeddable":true,"href":"https:\/\/neness.pl\/blog\/wp-json\/wp\/v2\/users\/2"}],"replies":[{"embeddable":true,"href":"https:\/\/neness.pl\/blog\/wp-json\/wp\/v2\/comments?post=4554"}],"version-history":[{"count":0,"href":"https:\/\/neness.pl\/blog\/wp-json\/wp\/v2\/posts\/4554\/revisions"}],"wp:featuredmedia":[{"embeddable":true,"href":"https:\/\/neness.pl\/blog\/wp-json\/wp\/v2\/media\/3511"}],"wp:attachment":[{"href":"https:\/\/neness.pl\/blog\/wp-json\/wp\/v2\/media?parent=4554"}],"wp:term":[{"taxonomy":"category","embeddable":true,"href":"https:\/\/neness.pl\/blog\/wp-json\/wp\/v2\/categories?post=4554"},{"taxonomy":"post_tag","embeddable":true,"href":"https:\/\/neness.pl\/blog\/wp-json\/wp\/v2\/tags?post=4554"}],"curies":[{"name":"wp","href":"https:\/\/api.w.org\/{rel}","templated":true}]}}