{"id":4540,"date":"2018-04-20T14:20:21","date_gmt":"2018-04-20T12:20:21","guid":{"rendered":"http:\/\/ranking-kosmetykow.pl\/?p=4540"},"modified":"2018-04-20T14:20:21","modified_gmt":"2018-04-20T12:20:21","slug":"sposoby-na-rozszerzone-pory","status":"publish","type":"post","link":"https:\/\/neness.pl\/blog\/sposoby-na-rozszerzone-pory\/","title":{"rendered":"Sposoby na rozszerzone pory"},"content":{"rendered":"<p align=\"justify\">Rozszerzone pory to zmora nie tylko wielu kobiet, ale tak\u017ce m\u0119\u017cczyzn. Niezale\u017cnie od typu cery, mog\u0105 one dotyczy\u0107 ka\u017cdego z nas. Najcz\u0119\u015bciej widzimy je w tak zwanej strefie T, czyli miejscach, w kt\u00f3rych nasza sk\u00f3ra wydziela najwi\u0119cej sebum. Czym s\u0105 rozszerzone pory i czy mo\u017cna z nimi walczy\u0107? Zapraszamy do lektury.<\/p>\n<p align=\"justify\"><span style=\"color: #ffffff;\">.<\/span><\/p>\n<h3 align=\"justify\">Czym s\u0105 rozszerzone pory?<\/h3>\n<p align=\"justify\"><strong>Rozszerzone pory<\/strong> to przede wszystkim efekt <strong>nieprawid\u0142owej<\/strong> pracy gruczo\u0142\u00f3w \u0142ojowych, a tak\u017ce naszych zaniedba\u0144 piel\u0119gnacyjnych. Bardzo cz\u0119sto nazywamy je tak\u017ce <strong>w\u0105grami<\/strong>. S\u0105 to te ma\u0142e ciemne kropeczki, przez kt\u00f3re nasza cera wygl\u0105da jak ponak\u0142uwana ig\u0142\u0105. Cho\u0107 samych por\u00f3w pozby\u0107 si\u0119 nie mo\u017cemy \u2013 to w\u0142a\u015bnie dzi\u0119ki nim nasza sk\u00f3ra mo\u017ce oddycha\u0107 i regulowa\u0107 temperatur\u0119, to istnieje kilka sposob\u00f3w, by sta\u0142y si\u0119 one nieco <strong>mniej<\/strong> <strong>widoczne<\/strong> i przede wszystkim dobrze oczyszczone.<\/p>\n<p align=\"justify\"><span style=\"color: #ffffff;\">.<\/span><\/p>\n<div id=\"attachment_4543\" style=\"width: 579px\" class=\"wp-caption aligncenter\"><a href=\"https:\/\/neness.pl\/kosmetyki\/pielegnacja_twarzy\/demakijaz_i_oczyszczanie\/holika_holika_daily_pianka_do_mycia_twarzy_green_tea_cleasing_foam_150ml.html\"><img loading=\"lazy\" decoding=\"async\" aria-describedby=\"caption-attachment-4543\" class=\" wp-image-4543\" src=\"http:\/\/ranking-kosmetykow.pl\/wp-content\/uploads\/2018\/04\/a4c4f87548618d9ad9f327b05d417ec3.jpg\" alt=\"\" width=\"569\" height=\"759\" srcset=\"https:\/\/neness.pl\/blog\/wp-content\/uploads\/2018\/04\/a4c4f87548618d9ad9f327b05d417ec3.jpg 750w, https:\/\/neness.pl\/blog\/wp-content\/uploads\/2018\/04\/a4c4f87548618d9ad9f327b05d417ec3-225x300.jpg 225w, https:\/\/neness.pl\/blog\/wp-content\/uploads\/2018\/04\/a4c4f87548618d9ad9f327b05d417ec3-610x813.jpg 610w\" sizes=\"auto, (max-width: 569px) 100vw, 569px\" \/><\/a><p id=\"caption-attachment-4543\" class=\"wp-caption-text\">Holika Holika Daily Pianka do Mycia Twarzy Green Tea Cleasing Foam 150ml \/<br \/>29,90 z\u0142<\/p><\/div>\n<p align=\"justify\"><span style=\"color: #ffffff;\">.<\/span><\/p>\n<p align=\"justify\">W rozszerzonych porach odk\u0142adaj\u0105 si\u0119 tak\u017ce <strong>resztki<\/strong> niezbyt dobrze zmytego makija\u017cu, kosmetyk\u00f3w, sebum i innych zanieczyszcze\u0144, kt\u00f3re utleniaj\u0105c si\u0119, powoduj\u0105 widoczne czarne punkciki, kt\u00f3re nazywamy w\u0142a\u015bnie w\u0105grami.<\/p>\n<p align=\"justify\"><span style=\"color: #ffffff;\">.<\/span><\/p>\n<div id=\"attachment_4544\" style=\"width: 577px\" class=\"wp-caption aligncenter\"><a href=\"https:\/\/neness.pl\/kosmetyki\/pielegnacja_twarzy\/demakijaz_i_oczyszczanie\/holika_holika_soda_pianka_z_peelingiem_tok_tok_deep_cleansing_foam.html\"><img loading=\"lazy\" decoding=\"async\" aria-describedby=\"caption-attachment-4544\" class=\" wp-image-4544\" src=\"http:\/\/ranking-kosmetykow.pl\/wp-content\/uploads\/2018\/04\/bfff6598ba18791ece793506d1604378.jpg\" alt=\"\" width=\"567\" height=\"756\" srcset=\"https:\/\/neness.pl\/blog\/wp-content\/uploads\/2018\/04\/bfff6598ba18791ece793506d1604378.jpg 750w, https:\/\/neness.pl\/blog\/wp-content\/uploads\/2018\/04\/bfff6598ba18791ece793506d1604378-225x300.jpg 225w, https:\/\/neness.pl\/blog\/wp-content\/uploads\/2018\/04\/bfff6598ba18791ece793506d1604378-610x813.jpg 610w\" sizes=\"auto, (max-width: 567px) 100vw, 567px\" \/><\/a><p id=\"caption-attachment-4544\" class=\"wp-caption-text\">Holika Holika Soda Pianka z Peelingiem Tok Tok Deep Cleansing Foam \/<br \/>39,99 z\u0142<\/p><\/div>\n<p align=\"justify\"><span style=\"color: #ffffff;\">.<\/span><\/p>\n<h3 align=\"justify\"><span style=\"color: #ffffff;\">.<\/span><\/h3>\n<h3 align=\"justify\">Odpowiednie oczyszczanie<\/h3>\n<p align=\"justify\">Bardzo cz\u0119sto powtarzamy, \u017ce jednym z najwa\u017cniejszych element\u00f3w prawid\u0142owej piel\u0119gnacji sk\u00f3ry jest jej dok\u0142adny demakija\u017c i odpowiednie <strong>oczyszczanie<\/strong>. Ma ono tak\u017ce kluczowe znaczenie dla wygl\u0105du i widoczno\u015bci por\u00f3w.<\/p>\n<p align=\"justify\">Codzienne oczyszczanie cery powinno opiera\u0107 si\u0119 na dok\u0142adnym <strong>zmyciu<\/strong> ca\u0142ego makija\u017cu, a nast\u0119pnie oczyszczeniu w\u0142a\u015bciwym sk\u00f3ry, czyli <strong>umyciu<\/strong> jej jeszcze raz za pomoc\u0105 \u017celu, pianki lub innego \u015brodka myj\u0105cego.<\/p>\n<p align=\"justify\"><span style=\"color: #ffffff;\">.<\/span><\/p>\n<div id=\"attachment_4545\" style=\"width: 672px\" class=\"wp-caption aligncenter\"><a href=\"https:\/\/neness.pl\/kosmetyki\/pielegnacja_twarzy\/demakijaz_i_oczyszczanie\/holika_holika_soda_pianka_myjaca_ze_szczoteczka_tok_tok_cleansing_bubble_foam_150ml.html\"><img loading=\"lazy\" decoding=\"async\" aria-describedby=\"caption-attachment-4545\" class=\" wp-image-4545\" src=\"http:\/\/ranking-kosmetykow.pl\/wp-content\/uploads\/2018\/04\/3e57a87c65f41d03e2920a0e9ece551d.jpeg\" alt=\"\" width=\"662\" height=\"883\" srcset=\"https:\/\/neness.pl\/blog\/wp-content\/uploads\/2018\/04\/3e57a87c65f41d03e2920a0e9ece551d.jpeg 750w, https:\/\/neness.pl\/blog\/wp-content\/uploads\/2018\/04\/3e57a87c65f41d03e2920a0e9ece551d-225x300.jpeg 225w, https:\/\/neness.pl\/blog\/wp-content\/uploads\/2018\/04\/3e57a87c65f41d03e2920a0e9ece551d-610x813.jpeg 610w\" sizes=\"auto, (max-width: 662px) 100vw, 662px\" \/><\/a><p id=\"caption-attachment-4545\" class=\"wp-caption-text\">Holika Holika Soda Pianka Myj\u0105ca ze Szczoteczk\u0105 Tok Tok Cleansing Bubble Foam 150ml \/<br \/>63,90 z\u0142<\/p><\/div>\n<p align=\"justify\"><span style=\"color: #ffffff;\">.<\/span><\/p>\n<p align=\"justify\">Opr\u00f3cz codziennego dok\u0142adnego oczyszczania cery mo\u017cemy tak\u017ce si\u0119gn\u0105\u0107 po <strong>szczoteczk\u0119<\/strong> do mycia twarzy, kt\u00f3ra pomo\u017ce odblokowa\u0107 i oczy\u015bci\u0107 zatkane pory, a raz na kilka dni zastosowa\u0107 oczyszczaj\u0105c\u0105 <strong>maseczk\u0119<\/strong> oraz <strong>peeling<\/strong>.<\/p>\n<p align=\"justify\"><span style=\"color: #ffffff;\">.<\/span><\/p>\n<h3 align=\"justify\">U\u017cywaj odpowiednich kosmetyk\u00f3w<\/h3>\n<p align=\"justify\">Niestety ka\u017cda cera inaczej reaguje na poszczeg\u00f3lne sk\u0142adniki, dlatego w walce z rozszerzonymi porami produkt\u00f3w szuka\u0107 musimy <strong>metod\u0105 pr\u00f3b i<\/strong> <strong>b\u0142\u0119d\u00f3w<\/strong>. Unikajmy sk\u0142adnik\u00f3w, kt\u00f3re zapychaj\u0105 pory, takich jak mas\u0142o kakaowe i olej kokosowy. Cz\u0119sto do zapychania por\u00f3w mo\u017ce przyczynia\u0107 si\u0119 tak\u017ce parafina.<\/p>\n<p align=\"justify\">W przypadku rozszerzonych por\u00f3w dobrze sprawdzaj\u0105 si\u0119 tak\u017ce kremy o w\u0142a\u015bciwo\u015bciach <strong>matuj\u0105cych<\/strong>, kt\u00f3re pomagaj\u0105 regulowa\u0107 wydzielanie sebum.<\/p>\n<p align=\"justify\"><span style=\"color: #ffffff;\">.<\/span><\/p>\n<div id=\"attachment_4546\" style=\"width: 520px\" class=\"wp-caption aligncenter\"><a href=\"https:\/\/neness.pl\/kosmetyki\/pielegnacja_twarzy\/maseczki\/holika_holika_calonocna_maseczka_oczyszczajaca_w_kapsulce_peppermint_superfood_capsule.html\"><img loading=\"lazy\" decoding=\"async\" aria-describedby=\"caption-attachment-4546\" class=\" wp-image-4546\" src=\"http:\/\/ranking-kosmetykow.pl\/wp-content\/uploads\/2018\/04\/f620f81804001e893479cb9d3c26a599.jpg\" alt=\"\" width=\"510\" height=\"680\" srcset=\"https:\/\/neness.pl\/blog\/wp-content\/uploads\/2018\/04\/f620f81804001e893479cb9d3c26a599.jpg 750w, https:\/\/neness.pl\/blog\/wp-content\/uploads\/2018\/04\/f620f81804001e893479cb9d3c26a599-225x300.jpg 225w, https:\/\/neness.pl\/blog\/wp-content\/uploads\/2018\/04\/f620f81804001e893479cb9d3c26a599-610x813.jpg 610w\" sizes=\"auto, (max-width: 510px) 100vw, 510px\" \/><\/a><p id=\"caption-attachment-4546\" class=\"wp-caption-text\">Holika Holika Ca\u0142onocna Maseczka Oczyszczaj\u0105ca w Kapsu\u0142ce Peppermint Superfood Capsule \/<br \/>12,90 z\u0142<\/p><\/div>\n<p align=\"justify\"><span style=\"color: #ffffff;\">.<\/span><\/p>\n<p align=\"justify\">Dobrym pomys\u0142em mo\u017ce by\u0107 tak\u017ce si\u0119gni\u0119cie po kosmetyki, kt\u00f3re maj\u0105 w\u0142a\u015bciwo\u015bci <strong>\u015bci\u0105gaj\u0105ce<\/strong>. W tym wypadku dobrze sprawdzaj\u0105 si\u0119 <strong>kwasy<\/strong> AHA i BHA, a tak\u017ce wyci\u0105g z sza\u0142wii.<\/p>\n<p align=\"justify\">By ukry\u0107 widoczne pory, pod makija\u017c stosuj <strong>baz\u0119 wyg\u0142adzaj\u0105c\u0105<\/strong> lub matuj\u0105c\u0105, kt\u00f3ra wyr\u00f3wna struktur\u0119 sk\u00f3ry i zadba o to, by podk\u0142ad pi\u0119knie na niej wygl\u0105da\u0142.<\/p>\n<p align=\"justify\"><span style=\"color: #ffffff;\">.<\/span><\/p>\n<h3 align=\"justify\">Z czego zrezygnowa\u0107?<\/h3>\n<p align=\"justify\">W walce z rozszerzonymi porami najwa\u017cniejsze jest dobre <strong>poznanie<\/strong> sk\u00f3ry, dzi\u0119ki czemu z biegiem czasu nauczymy si\u0119 jakich substancji powinni\u015bmy <strong>unika\u0107<\/strong>, by cera zawsze wygl\u0105da\u0142a pi\u0119knie. W przypadku rozszerzonych por\u00f3w zdecydowanie unikajmy tak zwanych par\u00f3wek gor\u0105c\u0105 wod\u0105, bo pod wp\u0142ywem ciep\u0142a pory <strong>rozszerzaj\u0105<\/strong> <strong>si\u0119<\/strong> jeszcze bardziej. Warto tak\u017ce zrezygnowa\u0107 z ci\u0119\u017ckich i t\u0142ustych krem\u00f3w na rzecz l\u017cejszych \u017celowych konsystencji.<\/p>\n<p align=\"justify\"><span style=\"color: #ffffff;\">.<\/span><\/p>\n<div id=\"attachment_4547\" style=\"width: 556px\" class=\"wp-caption aligncenter\"><a href=\"https:\/\/neness.pl\/kosmetyki\/twarz\/bazy_pod_makijaz\/dermacol_matt_control_base_matujaca_baza_pod_makijaz.html\"><img loading=\"lazy\" decoding=\"async\" aria-describedby=\"caption-attachment-4547\" class=\" wp-image-4547\" src=\"http:\/\/ranking-kosmetykow.pl\/wp-content\/uploads\/2018\/04\/651f4aac2bec6f029fe17143942751a0.png\" alt=\"\" width=\"546\" height=\"728\" srcset=\"https:\/\/neness.pl\/blog\/wp-content\/uploads\/2018\/04\/651f4aac2bec6f029fe17143942751a0.png 750w, https:\/\/neness.pl\/blog\/wp-content\/uploads\/2018\/04\/651f4aac2bec6f029fe17143942751a0-225x300.png 225w, https:\/\/neness.pl\/blog\/wp-content\/uploads\/2018\/04\/651f4aac2bec6f029fe17143942751a0-610x813.png 610w\" sizes=\"auto, (max-width: 546px) 100vw, 546px\" \/><\/a><p id=\"caption-attachment-4547\" class=\"wp-caption-text\">Dermacol Matt Control Base Matuj\u0105ca Baza Pod Makija\u017c \/<br \/>25,50 z\u0142<\/p><\/div>\n<p align=\"justify\"><span style=\"color: #ffffff;\">.<\/span><\/p>\n<p align=\"justify\">A jakie s\u0105 Wasze sposoby na rozszerzone pory?<\/p>\n","protected":false},"excerpt":{"rendered":"<p>Rozszerzone pory to zmora nie tylko wielu kobiet, ale tak\u017ce m\u0119\u017cczyzn. Niezale\u017cnie od typu cery, mog\u0105 one dotyczy\u0107 ka\u017cdego z nas. Najcz\u0119\u015bciej widzimy je w tak zwanej strefie T, czyli miejscach, w kt\u00f3rych nasza sk\u00f3ra wydziela najwi\u0119cej sebum. Czym s\u0105 rozszerzone pory i czy mo\u017cna z nimi walczy\u0107? Zapraszamy do lektury. . Czym s\u0105 rozszerzone [&hellip;]<\/p>\n","protected":false},"author":2,"featured_media":4542,"comment_status":"open","ping_status":"open","sticky":false,"template":"","format":"standard","meta":{"_et_pb_use_builder":"","_et_pb_old_content":"","_et_gb_content_width":"","footnotes":""},"categories":[185],"tags":[],"class_list":["post-4540","post","type-post","status-publish","format-standard","has-post-thumbnail","hentry","category-codzienna-pielegnacja","et-has-post-format-content","et_post_format-et-post-format-standard"],"_links":{"self":[{"href":"https:\/\/neness.pl\/blog\/wp-json\/wp\/v2\/posts\/4540","targetHints":{"allow":["GET"]}}],"collection":[{"href":"https:\/\/neness.pl\/blog\/wp-json\/wp\/v2\/posts"}],"about":[{"href":"https:\/\/neness.pl\/blog\/wp-json\/wp\/v2\/types\/post"}],"author":[{"embeddable":true,"href":"https:\/\/neness.pl\/blog\/wp-json\/wp\/v2\/users\/2"}],"replies":[{"embeddable":true,"href":"https:\/\/neness.pl\/blog\/wp-json\/wp\/v2\/comments?post=4540"}],"version-history":[{"count":0,"href":"https:\/\/neness.pl\/blog\/wp-json\/wp\/v2\/posts\/4540\/revisions"}],"wp:featuredmedia":[{"embeddable":true,"href":"https:\/\/neness.pl\/blog\/wp-json\/wp\/v2\/media\/4542"}],"wp:attachment":[{"href":"https:\/\/neness.pl\/blog\/wp-json\/wp\/v2\/media?parent=4540"}],"wp:term":[{"taxonomy":"category","embeddable":true,"href":"https:\/\/neness.pl\/blog\/wp-json\/wp\/v2\/categories?post=4540"},{"taxonomy":"post_tag","embeddable":true,"href":"https:\/\/neness.pl\/blog\/wp-json\/wp\/v2\/tags?post=4540"}],"curies":[{"name":"wp","href":"https:\/\/api.w.org\/{rel}","templated":true}]}}