{"id":4531,"date":"2018-04-20T12:04:41","date_gmt":"2018-04-20T10:04:41","guid":{"rendered":"http:\/\/ranking-kosmetykow.pl\/?p=4531"},"modified":"2018-04-20T12:04:41","modified_gmt":"2018-04-20T10:04:41","slug":"nie-tylko-samochody-perfumy-mercedes-benz","status":"publish","type":"post","link":"https:\/\/neness.pl\/blog\/nie-tylko-samochody-perfumy-mercedes-benz\/","title":{"rendered":"Nie tylko samochody \u2013 perfumy Mercedes-Benz"},"content":{"rendered":"<p align=\"justify\">Marka Mercedes-Benz chyba wszystkim kojarzy si\u0119 przede wszystkim z szybkimi, luksusowymi samochodami. Jednak powinna ona by\u0107 tak\u017ce znana mi\u0142o\u015bnikom m\u0119skich i damskich zapach\u00f3w, bo ju\u017c od kilku lat w ofercie marki mo\u017cemy przecie\u017c znale\u017a\u0107 kompozycje zaprojektowane z my\u015bl\u0105 o fanach tej marki. Co warto wiedzie\u0107 na temat tej firmy i jak pachn\u0105 m\u0119skie perfumy Mercedes-Benz?<\/p>\n<p align=\"justify\"><span style=\"color: #ffffff;\">.<\/span><\/p>\n<h3 align=\"justify\"><strong>Mercedes-Benz \u2013 kilka s\u0142\u00f3w o marce<\/strong><\/h3>\n<p align=\"justify\">Mercedes-Benz to s\u0142ynna <strong>niemiecka<\/strong> marka, produkuj\u0105ca luksusowe <strong>samochody<\/strong>. Jej pocz\u0105tki si\u0119gaj\u0105 lat 80. XIX wieku, kiedy to Karl Benz i Gottlieb Daimler postanowili przyczyni\u0107 si\u0119 do rozwoju motoryzacji i transportu indywidualnego, zak\u0142adaj\u0105c pocz\u0105tkowo dwie oddzielne marki. Drogi obu marek <strong>zbieg\u0142y<\/strong> <strong>si\u0119<\/strong> w czasie trwania I wojny \u015bwiatowej, a od 1926 ta niezwykle owocna wsp\u00f3\u0142praca przyj\u0119\u0142a oficjaln\u0105 nazw\u0119 Daimler Benz, pod kt\u00f3r\u0105 produkowa\u0142a samochody do roku 1998. Dzisiejsza kolekcja marki obejmuje a\u017c <strong>550 modeli<\/strong> samochod\u00f3w, w tym aut osobowych, wy\u015bcigowych oraz pojazd\u00f3w u\u017cytkowych.<\/p>\n<p align=\"justify\">Od 2012 roku marka ta produkuje tak\u017ce <strong>perfumy<\/strong>, kt\u00f3re ch\u0119tnie kupowane s\u0105 na ca\u0142ym \u015bwiecie przez fan\u00f3w samochod\u00f3w marki Mercedes-Benz.<\/p>\n<p align=\"justify\"><span style=\"color: #ffffff;\">.<\/span><\/p>\n<div id=\"attachment_2577\" style=\"width: 1034px\" class=\"wp-caption aligncenter\"><img loading=\"lazy\" decoding=\"async\" aria-describedby=\"caption-attachment-2577\" class=\"size-large wp-image-2577\" src=\"http:\/\/ranking-kosmetykow.pl\/wp-content\/uploads\/2017\/06\/Fotolia_117638838_L-1024x680.jpg\" alt=\"\" width=\"1024\" height=\"680\" \/><p id=\"caption-attachment-2577\" class=\"wp-caption-text\">fotolia.com, #117638838 | Autor: mstaniewski<\/p><\/div>\n<p align=\"justify\"><span style=\"color: #ffffff;\">.<\/span><\/p>\n<h3 align=\"justify\"><strong>Jak pachn\u0105 perfumy Mercedes-Benz?<\/strong><\/h3>\n<p align=\"justify\">Sportowa elegancja, ponadczasowo\u015b\u0107 i luksus \u2013 to charakterystyczne <strong>cechy<\/strong> <a href=\"https:\/\/neness.pl\/perfumy_damskie\/mercedes-benz.html\">perfum Mercedes<\/a>\u00a0&#8211; Benz. Podobnie jak samochody tej marki, tak\u017ce jej zapachowe kompozycje wyr\u00f3\u017cnia wyj\u0105tkowy design, styl, klasa, a tak\u017ce sportowy duch, kt\u00f3ry mo\u017cemy zauwa\u017cy\u0107 ju\u017c od pierwszego spotkania z zapachami Mercedes-Benz.<\/p>\n<p align=\"justify\">Pierwszy, wypuszczony jeszcze w 2012 roku zapach nosi\u0142 nazw\u0119 Mercedes-Benz by Mercedes-Benz i zosta\u0142 zaprojektowany przez <strong>Olivera Crespa<\/strong>, kt\u00f3ry w wyj\u0105tkowy spos\u00f3b w jednym flakonie uj\u0105\u0142 tak charakterystyczne dla ca\u0142ej marki cechy. Perfumy te wyr\u00f3\u017cnia przede wszystkim najwy\u017csza jako\u015b\u0107, wspomniana ju\u017c sportowa elegancja, doskona\u0142o\u015b\u0107 i dojrza\u0142o\u015b\u0107.<\/p>\n<p align=\"justify\">Wszystkie zapachy Mercedes-Benz skierowane s\u0105 do <strong>pewnych<\/strong> <strong>siebie<\/strong>, znaj\u0105cych swoj\u0105 warto\u015b\u0107 m\u0119\u017cczyzn, przywi\u0105zuj\u0105cych du\u017c\u0105 wag\u0119 do jako\u015bci, luksusu, a tak\u017ce najwy\u017cszej klasy designu.<\/p>\n<p align=\"justify\">Dzi\u015b marka ta opr\u00f3cz perfum ma w swojej ofercie tak\u017ce kosmetyki, takie jak \u017cele pod prysznic, produkty do golenia oraz dezodoranty. Co ciekawe, w asortymencie Mercedes-Benz od 2013 roku znale\u017a\u0107 mo\u017cemy tak\u017ce kompozycje zapachowe skierowane do <strong>kobiet<\/strong>, charakteryzuj\u0105ce si\u0119 ciekawym po\u0142\u0105czeniem aromat\u00f3w kwiatowo-owocowych. Perfumy damskie powsta\u0142y we wsp\u00f3\u0142pracy z Michelem Almairacem.<\/p>\n<p align=\"justify\"><span style=\"color: #ffffff;\">.<\/span><\/p>\n<div id=\"attachment_1519\" style=\"width: 1034px\" class=\"wp-caption aligncenter\"><img loading=\"lazy\" decoding=\"async\" aria-describedby=\"caption-attachment-1519\" class=\"size-large wp-image-1519\" src=\"http:\/\/ranking-kosmetykow.pl\/wp-content\/uploads\/2017\/01\/pierwszy-wpis2-1024x585.jpg\" alt=\"\" width=\"1024\" height=\"585\" srcset=\"https:\/\/neness.pl\/blog\/wp-content\/uploads\/2017\/01\/pierwszy-wpis2-1024x585.jpg 1024w, https:\/\/neness.pl\/blog\/wp-content\/uploads\/2017\/01\/pierwszy-wpis2-300x172.jpg 300w, https:\/\/neness.pl\/blog\/wp-content\/uploads\/2017\/01\/pierwszy-wpis2-768x439.jpg 768w, https:\/\/neness.pl\/blog\/wp-content\/uploads\/2017\/01\/pierwszy-wpis2-1080x617.jpg 1080w, https:\/\/neness.pl\/blog\/wp-content\/uploads\/2017\/01\/pierwszy-wpis2-610x349.jpg 610w, https:\/\/neness.pl\/blog\/wp-content\/uploads\/2017\/01\/pierwszy-wpis2.jpg 1200w\" sizes=\"auto, (max-width: 1024px) 100vw, 1024px\" \/><p id=\"caption-attachment-1519\" class=\"wp-caption-text\">Syda Productions, fotolia.com, #124748802<\/p><\/div>\n<p align=\"justify\"><span style=\"color: #ffffff;\">.<\/span><\/p>\n<h3 align=\"justify\"><strong>Mercedes-Benz Man<\/strong><\/h3>\n<p align=\"justify\">Jeden z flagowych zapach\u00f3w m\u0119skich marki Mercedes-Benz to <strong>oryginalna<\/strong>\u00a0i <strong>nowoczesna\u00a0<\/strong>kompozycja, wyr\u00f3\u017cniaj\u0105ca si\u0119 w\u015br\u00f3d tradycyjnych perfum dla pan\u00f3w. Doskona\u0142y wyb\u00f3r dla <strong>m\u0142odych<\/strong> m\u0119\u017cczyzn \u017cyj\u0105cych szybko i intensywnie. Po\u0142\u0105czenie charakterystycznej ambry i soczystej gruszki w nutach g\u0142owy uzupe\u0142niono drzewnym cedrem i aromatycznym geranium w nutach serca, a podstaw\u0119 zapachu tworz\u0105 le\u015bny mech d\u0119bowy oraz egzotyczny palisander.<\/p>\n<p align=\"justify\"><span style=\"color: #ffffff;\">.<\/span><\/p>\n<h3 align=\"justify\"><strong>Mercedes-Benz Woman<\/strong><\/h3>\n<p align=\"justify\">Mercedes-Benz Woman to skierowany do kobiet zapach o <strong>orientalno-kwiatowej<\/strong> kompozycji. Wyj\u0105tkowo <strong>kobiecy<\/strong> i <strong>elegancki,<\/strong> zachwyca swoj\u0105 subtelno\u015bci\u0105 i finezj\u0105. W zapachu tym znajdziemy <strong>niezwyk\u0142e<\/strong> po\u0142\u0105czenie s\u0142odkiej gruszki, aromatycznej bergamotki i pi\u0119knej gardenii, kt\u00f3re zosta\u0142y uzupe\u0142nione charakterystycznym aromatem porzeczkowych li\u015bci, ja\u015bminem oraz kwiatem pomara\u0144czy. Baz\u0119 perfum stanowi egzotyczne drewno kaszmirowe, s\u0142odka wanilia oraz dodaj\u0105ce g\u0142\u0119bi pi\u017cmo i drzewo sanda\u0142owe.<\/p>\n","protected":false},"excerpt":{"rendered":"<p>Marka Mercedes-Benz chyba wszystkim kojarzy si\u0119 przede wszystkim z szybkimi, luksusowymi samochodami. Jednak powinna ona by\u0107 tak\u017ce znana mi\u0142o\u015bnikom m\u0119skich i damskich zapach\u00f3w, bo ju\u017c od kilku lat w ofercie marki mo\u017cemy przecie\u017c znale\u017a\u0107 kompozycje zaprojektowane z my\u015bl\u0105 o fanach tej marki. Co warto wiedzie\u0107 na temat tej firmy i jak pachn\u0105 m\u0119skie perfumy Mercedes-Benz? [&hellip;]<\/p>\n","protected":false},"author":2,"featured_media":4532,"comment_status":"open","ping_status":"open","sticky":false,"template":"","format":"standard","meta":{"_et_pb_use_builder":"","_et_pb_old_content":"","_et_gb_content_width":"","footnotes":""},"categories":[19],"tags":[],"class_list":["post-4531","post","type-post","status-publish","format-standard","has-post-thumbnail","hentry","category-zachwycaj-zapachem","et-has-post-format-content","et_post_format-et-post-format-standard"],"_links":{"self":[{"href":"https:\/\/neness.pl\/blog\/wp-json\/wp\/v2\/posts\/4531","targetHints":{"allow":["GET"]}}],"collection":[{"href":"https:\/\/neness.pl\/blog\/wp-json\/wp\/v2\/posts"}],"about":[{"href":"https:\/\/neness.pl\/blog\/wp-json\/wp\/v2\/types\/post"}],"author":[{"embeddable":true,"href":"https:\/\/neness.pl\/blog\/wp-json\/wp\/v2\/users\/2"}],"replies":[{"embeddable":true,"href":"https:\/\/neness.pl\/blog\/wp-json\/wp\/v2\/comments?post=4531"}],"version-history":[{"count":0,"href":"https:\/\/neness.pl\/blog\/wp-json\/wp\/v2\/posts\/4531\/revisions"}],"wp:featuredmedia":[{"embeddable":true,"href":"https:\/\/neness.pl\/blog\/wp-json\/wp\/v2\/media\/4532"}],"wp:attachment":[{"href":"https:\/\/neness.pl\/blog\/wp-json\/wp\/v2\/media?parent=4531"}],"wp:term":[{"taxonomy":"category","embeddable":true,"href":"https:\/\/neness.pl\/blog\/wp-json\/wp\/v2\/categories?post=4531"},{"taxonomy":"post_tag","embeddable":true,"href":"https:\/\/neness.pl\/blog\/wp-json\/wp\/v2\/tags?post=4531"}],"curies":[{"name":"wp","href":"https:\/\/api.w.org\/{rel}","templated":true}]}}