{"id":4511,"date":"2018-04-19T10:55:11","date_gmt":"2018-04-19T08:55:11","guid":{"rendered":"http:\/\/ranking-kosmetykow.pl\/?p=4511"},"modified":"2018-04-19T10:55:11","modified_gmt":"2018-04-19T08:55:11","slug":"jak-wybrac-perfumy-na-slub","status":"publish","type":"post","link":"https:\/\/neness.pl\/blog\/jak-wybrac-perfumy-na-slub\/","title":{"rendered":"Jak wybra\u0107 perfumy na \u015blub?"},"content":{"rendered":"<p align=\"justify\">Przed nami sezon \u015blubny i na pewno ka\u017cda panna m\u0142oda marzy, by ten wielki dzie\u0144 by\u0142 w idealny w ka\u017cdym aspekcie. Opr\u00f3cz pi\u0119knej sukni i odpowiednio dobranych dodatk\u00f3w, ol\u015bniewaj\u0105cego makija\u017cu i dopracowanej w ka\u017cdym detalu fryzury, r\u00f3wnie wa\u017cny jest zapach, kt\u00f3rego tego dnia u\u017cyje przysz\u0142a \u017cona. Okazuje si\u0119 jednak, \u017ce wyb\u00f3r tych idealnych perfum mo\u017ce by\u0107 nieco trudniejszy, ni\u017c na pierwszy rzut oka mog\u0142oby si\u0119 wydawa\u0107. Jak wybra\u0107 perfumy idealne na \u015blub?<\/p>\n<p align=\"justify\"><span style=\"color: #ffffff;\">.<\/span><\/p>\n<h3 align=\"justify\">Od czego zacz\u0105\u0107 poszukiwanie perfum idealnych?<\/h3>\n<p align=\"justify\">Najwa\u017cniejsz\u0105 i najbardziej oczywist\u0105 rzecz\u0105 przy wyborze perfum jest to, \u017ce zapach musi si\u0119 <strong>podoba\u0107<\/strong> przysz\u0142ej pannie m\u0142odej. Przecie\u017c przez wiele kolejnych lat b\u0119dzie kojarzy\u0142 si\u0119 on w\u0142a\u015bnie z tym dniem. Dlatego w pierwszej kolejno\u015bci warto by\u015b okre\u015bli\u0142a swoje <strong>preferencje<\/strong> zapachowe. Jakie nuty w perfumach najbardziej Ci si\u0119 podobaj\u0105? A mo\u017ce masz ulubione sk\u0142adniki, kt\u00f3rych zawsze szukasz w kompozycjach? Wolisz lekkie i zwiewne kompozycje, \u015bwie\u017ce i orze\u017awiaj\u0105ce akordy cytrusowe, a mo\u017ce ci\u0119\u017csze i orientalne nuty? Zastanowienie si\u0119 nad tym, co lubisz, b\u0119dzie <strong>pierwszym<\/strong> <strong>krokiem<\/strong> do sukcesu.<\/p>\n<p align=\"justify\"><span style=\"color: #ffffff;\">.<\/span><\/p>\n<div id=\"attachment_2932\" style=\"width: 1034px\" class=\"wp-caption aligncenter\"><img loading=\"lazy\" decoding=\"async\" aria-describedby=\"caption-attachment-2932\" class=\"size-large wp-image-2932\" src=\"http:\/\/ranking-kosmetykow.pl\/wp-content\/uploads\/2017\/07\/Fotolia_86986931_Subscription_XXL-1024x683.jpg\" alt=\"\" width=\"1024\" height=\"683\" \/><p id=\"caption-attachment-2932\" class=\"wp-caption-text\">fotolia.com, #86986931 | Autor: olly<\/p><\/div>\n<p align=\"justify\"><span style=\"color: #ffffff;\">.<\/span><\/p>\n<h3 align=\"justify\">Wybierz si\u0119 do ulubionej perfumerii<\/h3>\n<p align=\"justify\">Po wst\u0119pnej selekcji wybierz <strong>kilka<\/strong> najlepszych zapach\u00f3w, kt\u00f3re mog\u0105 by\u0107 odpowiednie i wybierz si\u0119 do swojej ulubionej perfumerii. Pow\u0105chaj wybrane perfumy, jednak jeszcze nie podejmuj decyzji o kupnie jednego zapachu. Popro\u015b ekspedientk\u0119, by da\u0142a Ci <strong>pr\u00f3bki<\/strong> wybranych zapach\u00f3w i przez kilka dni na spokojnie zapoznaj si\u0119 z nimi w domu. Sprawd\u017a, jak perfumy pachn\u0105 na Twojej sk\u00f3rze i jak zmienia si\u0119 zapach na przestrzeni czasu. Poszukiwania idealnego zapachu zacznij z odpowiednim <strong>wyprzedzeniem<\/strong>, by mie\u0107 czas dok\u0142adnie pozna\u0107 wybrane kompozycje.<\/p>\n<p align=\"justify\"><span style=\"color: #ffffff;\">.<\/span><\/p>\n<h3 align=\"justify\">Dopasuj zapach do charakteru wesela<\/h3>\n<p align=\"justify\">To, w jakim <strong>stylu<\/strong> planujesz urz\u0105dzi\u0107 swoje wesele, tak\u017ce powinno mie\u0107 wp\u0142yw na wyb\u00f3r perfum. Nie mog\u0105 si\u0119 one przecie\u017c <strong>\u201egry\u017a\u0107\u201d<\/strong> z charakterem ca\u0142ej imprezy, Je\u015bli planujesz \u015blub w stylu boho, <strong>zrezygnuj<\/strong> raczej z ci\u0119\u017ckich, orientalnych nut. Do romantycznego klimatu i eleganckich przyj\u0119\u0107 lepiej za\u015b sprawdz\u0105 si\u0119 subtelne kwiatowe nuty ni\u017c energetyzuj\u0105ce cytrusy.<\/p>\n<p align=\"justify\"><span style=\"color: #ffffff;\">.<\/span><\/p>\n<h3 align=\"justify\">Zapach a pora roku<\/h3>\n<p align=\"justify\">Podczas wyboru perfum warto tak\u017ce wzi\u0105\u0107 pod uwag\u0119 <strong>por\u0119<\/strong> <strong>roku<\/strong>, w czasie kt\u00f3rej b\u0119dzie odbywa\u0142 si\u0119 \u015blub. W upalne dni wszystkie zapachy staj\u0105 si\u0119 przecie\u017c <strong>bardziej<\/strong> <strong>intensywne<\/strong>, dlatego te\u017c w miesi\u0105cach wiosennych i letnich stawiajmy raczej na <strong>l\u017cejsze<\/strong> wody toaletowe. Kompozycja nie powinna bowiem <strong>przyt\u0142oczy\u0107<\/strong> panny m\u0142odej w tak wa\u017cnym dniu.<\/p>\n<p align=\"justify\"><span style=\"color: #ffffff;\">.<\/span><\/p>\n<div id=\"attachment_4514\" style=\"width: 1010px\" class=\"wp-caption aligncenter\"><img loading=\"lazy\" decoding=\"async\" aria-describedby=\"caption-attachment-4514\" class=\"size-full wp-image-4514\" src=\"http:\/\/ranking-kosmetykow.pl\/wp-content\/uploads\/2018\/04\/Fotolia_72259217_Subscription_L.jpg\" alt=\"\" width=\"1000\" height=\"666\" srcset=\"https:\/\/neness.pl\/blog\/wp-content\/uploads\/2018\/04\/Fotolia_72259217_Subscription_L.jpg 1000w, https:\/\/neness.pl\/blog\/wp-content\/uploads\/2018\/04\/Fotolia_72259217_Subscription_L-300x200.jpg 300w, https:\/\/neness.pl\/blog\/wp-content\/uploads\/2018\/04\/Fotolia_72259217_Subscription_L-768x511.jpg 768w, https:\/\/neness.pl\/blog\/wp-content\/uploads\/2018\/04\/Fotolia_72259217_Subscription_L-610x406.jpg 610w\" sizes=\"auto, (max-width: 1000px) 100vw, 1000px\" \/><p id=\"caption-attachment-4514\" class=\"wp-caption-text\">fotolia.com, #72259217 | Autor: Dmytro Titov<\/p><\/div>\n<p align=\"justify\"><span style=\"color: #ffffff;\">.<\/span><\/p>\n<h3 align=\"justify\">Nie zapomnij o bukiecie<\/h3>\n<p align=\"justify\">Pami\u0119tajmy, \u017ce perfumy to nie jedyny pachn\u0105cy element, jaki b\u0119dzie mia\u0142a na sobie tego dnia panna m\u0142oda. Nie mo\u017cemy przecie\u017c zapomnie\u0107 o <strong>bukiecie<\/strong>, kt\u00f3ry tak\u017ce b\u0119dzie przecie\u017c intensywnie pachnie\u0107. Dlatego tez staraj si\u0119 wybra\u0107 takie perfumy (lub kwiaty do bukietu), kt\u00f3re b\u0119d\u0105 tworzy\u0142y razem z kwiatowymi ozdobami <strong>sp\u00f3jn\u0105<\/strong> ca\u0142o\u015b\u0107.<\/p>\n<p align=\"justify\"><span style=\"color: #ffffff;\">.<\/span><\/p>\n<h3 align=\"justify\">Otoczenie te\u017c jest wa\u017cne<\/h3>\n<p align=\"justify\">Dobrym pomys\u0142em podczas wyboru perfum idealnych na \u015blub jest tak\u017ce\u2026 zapytanie o <strong>zdanie przysz\u0142ego<\/strong> <strong>m\u0119\u017ca<\/strong>. Przecie\u017c to te\u017c jego wielki dzie\u0144 i warto, by wybrany zapach kojarzy\u0142 si\u0119 dobrze nie tylko nam, ale tak\u017ce panu m\u0142odemu. By\u0107 mo\u017ce oka\u017ce si\u0119, \u017ce nie przepada on za niekt\u00f3rymi nutami zapachowymi i w ten spos\u00f3b <strong>u\u0142atwi<\/strong> nam wyb\u00f3r zapachu.<\/p>\n","protected":false},"excerpt":{"rendered":"<p>Przed nami sezon \u015blubny i na pewno ka\u017cda panna m\u0142oda marzy, by ten wielki dzie\u0144 by\u0142 w idealny w ka\u017cdym aspekcie. Opr\u00f3cz pi\u0119knej sukni i odpowiednio dobranych dodatk\u00f3w, ol\u015bniewaj\u0105cego makija\u017cu i dopracowanej w ka\u017cdym detalu fryzury, r\u00f3wnie wa\u017cny jest zapach, kt\u00f3rego tego dnia u\u017cyje przysz\u0142a \u017cona. Okazuje si\u0119 jednak, \u017ce wyb\u00f3r tych idealnych perfum mo\u017ce [&hellip;]<\/p>\n","protected":false},"author":2,"featured_media":4513,"comment_status":"open","ping_status":"open","sticky":false,"template":"","format":"standard","meta":{"_et_pb_use_builder":"","_et_pb_old_content":"","_et_gb_content_width":"","footnotes":""},"categories":[19],"tags":[],"class_list":["post-4511","post","type-post","status-publish","format-standard","has-post-thumbnail","hentry","category-zachwycaj-zapachem","et-has-post-format-content","et_post_format-et-post-format-standard"],"_links":{"self":[{"href":"https:\/\/neness.pl\/blog\/wp-json\/wp\/v2\/posts\/4511","targetHints":{"allow":["GET"]}}],"collection":[{"href":"https:\/\/neness.pl\/blog\/wp-json\/wp\/v2\/posts"}],"about":[{"href":"https:\/\/neness.pl\/blog\/wp-json\/wp\/v2\/types\/post"}],"author":[{"embeddable":true,"href":"https:\/\/neness.pl\/blog\/wp-json\/wp\/v2\/users\/2"}],"replies":[{"embeddable":true,"href":"https:\/\/neness.pl\/blog\/wp-json\/wp\/v2\/comments?post=4511"}],"version-history":[{"count":0,"href":"https:\/\/neness.pl\/blog\/wp-json\/wp\/v2\/posts\/4511\/revisions"}],"wp:featuredmedia":[{"embeddable":true,"href":"https:\/\/neness.pl\/blog\/wp-json\/wp\/v2\/media\/4513"}],"wp:attachment":[{"href":"https:\/\/neness.pl\/blog\/wp-json\/wp\/v2\/media?parent=4511"}],"wp:term":[{"taxonomy":"category","embeddable":true,"href":"https:\/\/neness.pl\/blog\/wp-json\/wp\/v2\/categories?post=4511"},{"taxonomy":"post_tag","embeddable":true,"href":"https:\/\/neness.pl\/blog\/wp-json\/wp\/v2\/tags?post=4511"}],"curies":[{"name":"wp","href":"https:\/\/api.w.org\/{rel}","templated":true}]}}