{"id":4494,"date":"2018-04-18T13:23:29","date_gmt":"2018-04-18T11:23:29","guid":{"rendered":"http:\/\/ranking-kosmetykow.pl\/?p=4494"},"modified":"2018-04-18T13:23:29","modified_gmt":"2018-04-18T11:23:29","slug":"makijaz-cery-tradzikowej-o-czym-warto-pamietac","status":"publish","type":"post","link":"https:\/\/neness.pl\/blog\/makijaz-cery-tradzikowej-o-czym-warto-pamietac\/","title":{"rendered":"Makija\u017c cery tr\u0105dzikowej \u2013 o czym warto pami\u0119ta\u0107?"},"content":{"rendered":"<p align=\"justify\">Wbrew obiegowej opinii, makija\u017c w przypadku cery tr\u0105dzikowej nie jest ca\u0142kowicie zakazany. Z powodzeniem mo\u017cemy bowiem si\u0119ga\u0107 po kosmetyki kolorowe, warto jednak pami\u0119ta\u0107, by wybiera\u0107 odpowiednie dla tego typu sk\u00f3ry produkty i nak\u0142ada\u0107 je umiej\u0119tnie \u2013 tak by unikn\u0105\u0107 efektu maski. O czym warto pami\u0119ta\u0107 w przypadku makija\u017cu dla cery tr\u0105dzikowej?<\/p>\n<p align=\"justify\"><span style=\"color: #ffffff;\">.<\/span><\/p>\n<h3 align=\"justify\">Od czego zacz\u0105\u0107?<\/h3>\n<p align=\"justify\">Nikogo nie zaskoczymy, pisz\u0105c, \u017ce w przypadku <strong>cery tr\u0105dzikowej<\/strong> powinni\u015bmy zacz\u0105\u0107 od odpowiedniej <strong>piel\u0119gnacji<\/strong> sk\u00f3ry. Dok\u0142adne oczyszczanie, nawil\u017canie i regularne z\u0142uszczanie nask\u00f3rka to podstawowe elementy piel\u0119gnacji tego typu cery. Je\u015bli ju\u017c te elementy mamy wypracowane i wiemy, co s\u0142u\u017cy naszej sk\u00f3rze, mo\u017cemy przej\u015b\u0107 do kolejnego kroku, jakim jest makija\u017c i ukrycie niedoskona\u0142o\u015bci.<\/p>\n<p align=\"justify\">W przypadku cery tr\u0105dzikowej niezwykle wa\u017cne jest <strong>odpowiednie<\/strong> <strong>dobranie<\/strong> kosmetyk\u00f3w kolorowych. Musimy bowiem znale\u017a\u0107 produkty, kt\u00f3re nie b\u0119d\u0105 zbyt wysuszaj\u0105ce, nie b\u0119d\u0105 zapycha\u0107 por\u00f3w i powodowa\u0107 powstawania nowych niedoskona\u0142o\u015bci, a jednocze\u015bnie pomog\u0105 zakry\u0107 mankamenty cery.<\/p>\n<p align=\"justify\"><span style=\"color: #ffffff;\">.<\/span><\/p>\n<div id=\"attachment_4498\" style=\"width: 558px\" class=\"wp-caption aligncenter\"><a href=\"https:\/\/neness.pl\/kosmetyki\/twarz\/podklady_i_pudry\/dermacol_2w1_acnecover_make-up_corrector_03_podklad_z_korektorem_do_cery_problematycznej.html\"><img loading=\"lazy\" decoding=\"async\" aria-describedby=\"caption-attachment-4498\" class=\" wp-image-4498\" src=\"http:\/\/ranking-kosmetykow.pl\/wp-content\/uploads\/2018\/04\/e7f86db093a2bfcf4390dd825abe0491.png\" alt=\"\" width=\"548\" height=\"731\" srcset=\"https:\/\/neness.pl\/blog\/wp-content\/uploads\/2018\/04\/e7f86db093a2bfcf4390dd825abe0491.png 750w, https:\/\/neness.pl\/blog\/wp-content\/uploads\/2018\/04\/e7f86db093a2bfcf4390dd825abe0491-225x300.png 225w, https:\/\/neness.pl\/blog\/wp-content\/uploads\/2018\/04\/e7f86db093a2bfcf4390dd825abe0491-610x813.png 610w\" sizes=\"auto, (max-width: 548px) 100vw, 548px\" \/><\/a><p id=\"caption-attachment-4498\" class=\"wp-caption-text\">Dermacol 2w1 Acnecover Make-up &amp; Corrector 03 Podk\u0142ad z Korektorem do Cery Problematycznej \/<br \/>19,90 z\u0142<\/p><\/div>\n<p align=\"justify\"><span style=\"color: #ffffff;\">.<\/span><\/p>\n<p align=\"justify\">Podstaw\u0105 makija\u017cu b\u0119dzie wi\u0119c oczywi\u015bcie opr\u00f3cz dobrego kremu nawil\u017caj\u0105cego, <strong>podk\u0142ad<\/strong> oraz <strong>kryj\u0105cy<\/strong> <strong>korektor<\/strong>. W przypadku tego pierwszego warto wybra\u0107 produkt o\u00a0niezbyt ci\u0119\u017ckiej konsystencji, dzi\u0119ki kt\u00f3remu wyr\u00f3wnamy koloryt cery. Warto wybra\u0107 produkt <strong>matuj\u0105cy<\/strong>, kt\u00f3ry pomo\u017ce regulowa\u0107 wydzielanie sebum i zapobiegnie \u015bwieceniu sk\u00f3ry w ci\u0105gu dnia. Wi\u0119ksze niedoskona\u0142o\u015bci zakryjmy <strong>korektorem<\/strong>. Dobrze sprawdz\u0105 si\u0119 produkty w typie <strong>kamufla\u017cu<\/strong> lub takie o w\u0142a\u015bciwo\u015bciach antybakteryjnych w kolorze idealnie dobranym do koloru cery.<\/p>\n<p align=\"justify\"><span style=\"color: #ffffff;\">.<\/span><\/p>\n<div id=\"attachment_4500\" style=\"width: 607px\" class=\"wp-caption aligncenter\"><a href=\"https:\/\/neness.pl\/kosmetyki\/twarz\/korektory\/technic_korektor_z_olejem_z_drzewa_herbacianego.html\"><img loading=\"lazy\" decoding=\"async\" aria-describedby=\"caption-attachment-4500\" class=\" wp-image-4500\" src=\"http:\/\/ranking-kosmetykow.pl\/wp-content\/uploads\/2018\/04\/9b04c4cbbe04e607b0f8c59c9189d5a4.jpg\" alt=\"\" width=\"597\" height=\"796\" srcset=\"https:\/\/neness.pl\/blog\/wp-content\/uploads\/2018\/04\/9b04c4cbbe04e607b0f8c59c9189d5a4.jpg 750w, https:\/\/neness.pl\/blog\/wp-content\/uploads\/2018\/04\/9b04c4cbbe04e607b0f8c59c9189d5a4-225x300.jpg 225w, https:\/\/neness.pl\/blog\/wp-content\/uploads\/2018\/04\/9b04c4cbbe04e607b0f8c59c9189d5a4-610x813.jpg 610w\" sizes=\"auto, (max-width: 597px) 100vw, 597px\" \/><\/a><p id=\"caption-attachment-4500\" class=\"wp-caption-text\">Technic Korektor z Olejem z Drzewa Herbacianego \/<br \/>7,90 z\u0142<\/p><\/div>\n<p align=\"justify\"><span style=\"color: #ffffff;\">.<\/span><\/p>\n<p align=\"justify\">Je\u015bli podk\u0142ad i korektor nak\u0142adamy p\u0119dzlem lub g\u0105beczk\u0105 do makija\u017cu, by po ka\u017cdym u\u017cyciu <strong>dok\u0142adnie<\/strong> <strong>umy\u0107<\/strong> akcesoria, a najlepiej tak\u017ce <strong>zdezynfekowa\u0107<\/strong> przed kolejnym u\u017cyciem, poniewa\u017c mog\u0105 one sta\u0107 si\u0119 siedliskiem bakterii, kt\u00f3re niekorzystnie wp\u0142ywaj\u0105 na stan cery, szczeg\u00f3lnie tr\u0105dzikowej.<\/p>\n<p align=\"justify\">Podk\u0142ad i korektor <strong>przypudrujmy<\/strong> na koniec matuj\u0105cym pudrem, kt\u00f3ry utrwali ca\u0142o\u015b\u0107 i zapobiegnie b\u0142yszczeniu w ci\u0105gu dnia.<\/p>\n<p align=\"justify\"><span style=\"color: #ffffff;\">.<\/span><\/p>\n<div id=\"attachment_4499\" style=\"width: 545px\" class=\"wp-caption aligncenter\"><a href=\"https:\/\/neness.pl\/kosmetyki\/twarz\/podklady_i_pudry\/dermacol_mattifying_powder_shell_matujacy_puder_do_cery_problematycznej.html\"><img loading=\"lazy\" decoding=\"async\" aria-describedby=\"caption-attachment-4499\" class=\" wp-image-4499\" src=\"http:\/\/ranking-kosmetykow.pl\/wp-content\/uploads\/2018\/04\/09276de222b69842243cf14597f49f9c.png\" alt=\"\" width=\"535\" height=\"713\" srcset=\"https:\/\/neness.pl\/blog\/wp-content\/uploads\/2018\/04\/09276de222b69842243cf14597f49f9c.png 750w, https:\/\/neness.pl\/blog\/wp-content\/uploads\/2018\/04\/09276de222b69842243cf14597f49f9c-225x300.png 225w, https:\/\/neness.pl\/blog\/wp-content\/uploads\/2018\/04\/09276de222b69842243cf14597f49f9c-610x813.png 610w\" sizes=\"auto, (max-width: 535px) 100vw, 535px\" \/><\/a><p id=\"caption-attachment-4499\" class=\"wp-caption-text\">Dermacol Mattifying Powder Shell Matuj\u0105cy Puder do Cery Problematycznej \/<br \/>18,50 z\u0142<\/p><\/div>\n<p align=\"justify\"><span style=\"color: #ffffff;\">.<\/span><\/p>\n<h3 align=\"justify\">R\u00f3\u017c, bronzer, a mo\u017ce roz\u015bwietlacz?<\/h3>\n<p align=\"justify\">W przypadku cery tr\u0105dzikowej i sk\u0142onnej do niedoskona\u0142o\u015bci <strong>niewskazane<\/strong> jest u\u017cywanie <strong>roz\u015bwietlacza<\/strong>. Dlaczego? Ten po\u0142yskuj\u0105cy kosmetyk mo\u017ce niepotrzebnie podkre\u015bla\u0107 niedoskona\u0142o\u015bci i nier\u00f3wno\u015bci sk\u00f3ry. Zamiast niego si\u0119gnijmy po <strong>matowy<\/strong> <strong>bronzer<\/strong>, kt\u00f3rym mo\u017cemy lekko wykonturowa\u0107 twarz.<\/p>\n<p align=\"justify\"><span style=\"color: #ffffff;\">.<\/span><\/p>\n<div id=\"attachment_4501\" style=\"width: 589px\" class=\"wp-caption aligncenter\"><a href=\"https:\/\/neness.pl\/kosmetyki\/twarz\/roze_bronzery_i_rozswietlacze\/dermacol_01_mineralny_roz_prasowany_duo_blusher.html\"><img loading=\"lazy\" decoding=\"async\" aria-describedby=\"caption-attachment-4501\" class=\" wp-image-4501\" src=\"http:\/\/ranking-kosmetykow.pl\/wp-content\/uploads\/2018\/04\/81c2a7222f3f2286be92b3480a8b56ae.png\" alt=\"\" width=\"579\" height=\"772\" srcset=\"https:\/\/neness.pl\/blog\/wp-content\/uploads\/2018\/04\/81c2a7222f3f2286be92b3480a8b56ae.png 750w, https:\/\/neness.pl\/blog\/wp-content\/uploads\/2018\/04\/81c2a7222f3f2286be92b3480a8b56ae-225x300.png 225w, https:\/\/neness.pl\/blog\/wp-content\/uploads\/2018\/04\/81c2a7222f3f2286be92b3480a8b56ae-610x813.png 610w\" sizes=\"auto, (max-width: 579px) 100vw, 579px\" \/><\/a><p id=\"caption-attachment-4501\" class=\"wp-caption-text\">Dermacol 01 Mineralny R\u00f3\u017c Prasowany DUO BLUSHER \/<br \/>17,50 z\u0142<\/p><\/div>\n<p align=\"justify\"><span style=\"color: #ffffff;\">.<\/span><\/p>\n<p align=\"justify\">Dodatkowo mo\u017cemy si\u0119gn\u0105\u0107 tak\u017ce po odrobin\u0119 <strong>r\u00f3\u017cu<\/strong>. W tym wypadku tak\u017ce doskonale sprawdzi si\u0119 kosmetyk o matowym wyko\u0144czeniu. Doda on cerze <strong>\u015bwie\u017co\u015bci<\/strong> i nieco o\u017cywi cer\u0119. Je\u015bli przy okazji tr\u0105dziku zmagamy si\u0119 tak\u017ce z du\u017cym zaczerwienieniem cery, zach\u0119camy do zapoznania si\u0119 z artyku\u0142em o tym, <a href=\"http:\/\/ranking-kosmetykow.pl\/2018\/04\/17\/dobieramy-roz-do-cery-naczynkowej\/\">jak dobra\u0107 r\u00f3\u017c do cery naczynkowej<\/a>.<\/p>\n<p align=\"justify\"><span style=\"color: #ffffff;\">.<\/span><\/p>\n<div id=\"attachment_4502\" style=\"width: 627px\" class=\"wp-caption aligncenter\"><a href=\"https:\/\/neness.pl\/kosmetyki\/twarz\/podklady_i_pudry\/ecocera_matte_powder_transparentny_puder_ryzowy_prasowany.html\"><img loading=\"lazy\" decoding=\"async\" aria-describedby=\"caption-attachment-4502\" class=\" wp-image-4502\" src=\"http:\/\/ranking-kosmetykow.pl\/wp-content\/uploads\/2018\/04\/79011dca037585ab48c2cbd1dbdaafed.jpg\" alt=\"\" width=\"617\" height=\"823\" srcset=\"https:\/\/neness.pl\/blog\/wp-content\/uploads\/2018\/04\/79011dca037585ab48c2cbd1dbdaafed.jpg 750w, https:\/\/neness.pl\/blog\/wp-content\/uploads\/2018\/04\/79011dca037585ab48c2cbd1dbdaafed-225x300.jpg 225w, https:\/\/neness.pl\/blog\/wp-content\/uploads\/2018\/04\/79011dca037585ab48c2cbd1dbdaafed-610x813.jpg 610w\" sizes=\"auto, (max-width: 617px) 100vw, 617px\" \/><\/a><p id=\"caption-attachment-4502\" class=\"wp-caption-text\">EcoCera Matte Powder Transparentny Puder Ry\u017cowy Prasowany \/<br \/>14,90 z\u0142<\/p><\/div>\n<p align=\"justify\"><span style=\"color: #ffffff;\">.<\/span><\/p>\n<h3 align=\"justify\">Podkre\u015bl oczy lub usta<\/h3>\n<p align=\"justify\">W makija\u017cu dla cery tr\u0105dzikowej na pewno zale\u017cy nam na <strong>odwr\u00f3ceniu<\/strong> <strong>uwagi<\/strong> od niedoskona\u0142o\u015bci cery. W tym wypadku dobrze jest wi\u0119c <strong>podkre\u015bli\u0107<\/strong> najwi\u0119ksze <strong>atuty<\/strong> twarzy, czyli mocniej podkre\u015bli\u0107 makija\u017cem oczy lub si\u0119gn\u0105\u0107 po szmink\u0119 w wyrazistym kolorze. Pami\u0119tajmy jednak, \u017ce ciemne matowe lub czerwone pomadki wymagaj\u0105 nieskazitelnej cery, dlatego zamiast nich si\u0119gnijmy po <strong>b\u0142yszczyk<\/strong> lub kremow\u0105 szmink\u0119, kt\u00f3ra przyci\u0105gnie uwag\u0119, lecz nie podkre\u015bli mankament\u00f3w cery.<\/p>\n","protected":false},"excerpt":{"rendered":"<p>Wbrew obiegowej opinii, makija\u017c w przypadku cery tr\u0105dzikowej nie jest ca\u0142kowicie zakazany. Z powodzeniem mo\u017cemy bowiem si\u0119ga\u0107 po kosmetyki kolorowe, warto jednak pami\u0119ta\u0107, by wybiera\u0107 odpowiednie dla tego typu sk\u00f3ry produkty i nak\u0142ada\u0107 je umiej\u0119tnie \u2013 tak by unikn\u0105\u0107 efektu maski. O czym warto pami\u0119ta\u0107 w przypadku makija\u017cu dla cery tr\u0105dzikowej? . Od czego zacz\u0105\u0107? [&hellip;]<\/p>\n","protected":false},"author":2,"featured_media":4496,"comment_status":"open","ping_status":"open","sticky":false,"template":"","format":"standard","meta":{"_et_pb_use_builder":"","_et_pb_old_content":"","_et_gb_content_width":"","footnotes":""},"categories":[41],"tags":[],"class_list":["post-4494","post","type-post","status-publish","format-standard","has-post-thumbnail","hentry","category-olsniewaj-makijazem","et-has-post-format-content","et_post_format-et-post-format-standard"],"_links":{"self":[{"href":"https:\/\/neness.pl\/blog\/wp-json\/wp\/v2\/posts\/4494","targetHints":{"allow":["GET"]}}],"collection":[{"href":"https:\/\/neness.pl\/blog\/wp-json\/wp\/v2\/posts"}],"about":[{"href":"https:\/\/neness.pl\/blog\/wp-json\/wp\/v2\/types\/post"}],"author":[{"embeddable":true,"href":"https:\/\/neness.pl\/blog\/wp-json\/wp\/v2\/users\/2"}],"replies":[{"embeddable":true,"href":"https:\/\/neness.pl\/blog\/wp-json\/wp\/v2\/comments?post=4494"}],"version-history":[{"count":0,"href":"https:\/\/neness.pl\/blog\/wp-json\/wp\/v2\/posts\/4494\/revisions"}],"wp:featuredmedia":[{"embeddable":true,"href":"https:\/\/neness.pl\/blog\/wp-json\/wp\/v2\/media\/4496"}],"wp:attachment":[{"href":"https:\/\/neness.pl\/blog\/wp-json\/wp\/v2\/media?parent=4494"}],"wp:term":[{"taxonomy":"category","embeddable":true,"href":"https:\/\/neness.pl\/blog\/wp-json\/wp\/v2\/categories?post=4494"},{"taxonomy":"post_tag","embeddable":true,"href":"https:\/\/neness.pl\/blog\/wp-json\/wp\/v2\/tags?post=4494"}],"curies":[{"name":"wp","href":"https:\/\/api.w.org\/{rel}","templated":true}]}}