{"id":4467,"date":"2018-04-17T15:26:10","date_gmt":"2018-04-17T13:26:10","guid":{"rendered":"http:\/\/ranking-kosmetykow.pl\/?p=4467"},"modified":"2018-04-17T15:26:10","modified_gmt":"2018-04-17T13:26:10","slug":"dobieramy-roz-do-cery-naczynkowej","status":"publish","type":"post","link":"https:\/\/neness.pl\/blog\/dobieramy-roz-do-cery-naczynkowej\/","title":{"rendered":"Dobieramy r\u00f3\u017c do cery naczynkowej"},"content":{"rendered":"<p align=\"justify\">Na pewno ka\u017cda posiadaczka cery naczynkowej lub sk\u0142onnej do zaczerwienie\u0144 wielokrotnie s\u0142ysza\u0142a, \u017ce zdecydowanie powinna unika\u0107 w makija\u017cu stosowania r\u00f3\u017cu do policzk\u00f3w, by nie podkre\u015bla\u0107 rozszerzonych \u017cy\u0142ek i naturalnych rumie\u0144c\u00f3w na policzkach. My jednak postanowili\u015bmy obali\u0107 ten mit. Jak dobra\u0107 r\u00f3\u017c do cery naczynkowej? Zapraszamy do lektury!<\/p>\n<p align=\"justify\"><span style=\"color: #ffffff;\">.<\/span><\/p>\n<h3 align=\"justify\">Czy przy cerze naczynkowej mo\u017cna u\u017cywa\u0107 r\u00f3\u017cu do policzk\u00f3w?<\/h3>\n<p align=\"justify\">Osoby posiadaj\u0105ce <strong>cer\u0119 naczynkow\u0105<\/strong> i sk\u0142onn\u0105 do zaczerwienie\u0144 najcz\u0119\u015bciej <strong>rezygnuj\u0105<\/strong> ze stosowania r\u00f3\u017cu do policzk\u00f3w, by nie podkre\u015bla\u0107 dodatkowo ju\u017c obecnych rumie\u0144c\u00f3w. Wystarczy jednak odpowiednio dobra\u0107 kosmetyki, by r\u00f3\u017c nie tylko nie podkre\u015bli\u0142 rozszerzonych naczynek, ale <strong>o\u017cywi\u0142<\/strong> cer\u0119 i doda\u0142 jej \u015bwie\u017co\u015bci. Przestrzegaj\u0105c kilku zasad, bez problemu wybierzemy odpowiedni r\u00f3\u017c.<\/p>\n<p align=\"justify\"><span style=\"color: #ffffff;\">.<\/span><\/p>\n<div id=\"attachment_4470\" style=\"width: 581px\" class=\"wp-caption aligncenter\"><a href=\"https:\/\/neness.pl\/kosmetyki\/twarz\/roze_bronzery_i_rozswietlacze\/revolution_rozswietlacz_z_rozem_rose_quartz_lights_gradient_highlighter.html\"><img loading=\"lazy\" decoding=\"async\" aria-describedby=\"caption-attachment-4470\" class=\" wp-image-4470\" src=\"http:\/\/ranking-kosmetykow.pl\/wp-content\/uploads\/2018\/04\/82dd266fb9b196964612033b425fc6c1.jpg\" alt=\"\" width=\"571\" height=\"761\" srcset=\"https:\/\/neness.pl\/blog\/wp-content\/uploads\/2018\/04\/82dd266fb9b196964612033b425fc6c1.jpg 750w, https:\/\/neness.pl\/blog\/wp-content\/uploads\/2018\/04\/82dd266fb9b196964612033b425fc6c1-225x300.jpg 225w, https:\/\/neness.pl\/blog\/wp-content\/uploads\/2018\/04\/82dd266fb9b196964612033b425fc6c1-610x813.jpg 610w\" sizes=\"auto, (max-width: 571px) 100vw, 571px\" \/><\/a><p id=\"caption-attachment-4470\" class=\"wp-caption-text\">Revolution Roz\u015bwietlacz z R\u00f3\u017cem Rose Quartz Lights Gradient Highlighter \/<br \/>17,90 z\u0142<\/p><\/div>\n<h3 align=\"justify\"><span style=\"color: #ffffff;\">.<\/span><\/h3>\n<h3 align=\"justify\">Okre\u015bl odcie\u0144 cery<\/h3>\n<p align=\"justify\">Podobnie jak w przypadku wi\u0119kszo\u015bci kosmetyk\u00f3w kolorowych, dob\u00f3r odpowiedniego odcienia r\u00f3\u017cu powinny\u015bmy zacz\u0105\u0107 od <strong>okre\u015blenia<\/strong> odcienia cery. Jednak, by naturalny rumieniec nie zak\u0142\u00f3ci\u0142 wyniku naszych obserwacji, warto przyjrze\u0107 si\u0119 kolorytowi sk\u00f3ry na <strong>szyi<\/strong> lub \u017cuchwie.<\/p>\n<p align=\"justify\"><span style=\"color: #ffffff;\">.<\/span><\/p>\n<div id=\"attachment_4471\" style=\"width: 570px\" class=\"wp-caption aligncenter\"><a href=\"https:\/\/neness.pl\/kosmetyki\/twarz\/roze_bronzery_i_rozswietlacze\/makeup_revolution_blush_roz_love.html\"><img loading=\"lazy\" decoding=\"async\" aria-describedby=\"caption-attachment-4471\" class=\" wp-image-4471\" src=\"http:\/\/ranking-kosmetykow.pl\/wp-content\/uploads\/2018\/04\/734ec5155a24bfa1e9dad7ed3842511d.jpg\" alt=\"\" width=\"560\" height=\"747\" srcset=\"https:\/\/neness.pl\/blog\/wp-content\/uploads\/2018\/04\/734ec5155a24bfa1e9dad7ed3842511d.jpg 750w, https:\/\/neness.pl\/blog\/wp-content\/uploads\/2018\/04\/734ec5155a24bfa1e9dad7ed3842511d-225x300.jpg 225w, https:\/\/neness.pl\/blog\/wp-content\/uploads\/2018\/04\/734ec5155a24bfa1e9dad7ed3842511d-610x813.jpg 610w\" sizes=\"auto, (max-width: 560px) 100vw, 560px\" \/><\/a><p id=\"caption-attachment-4471\" class=\"wp-caption-text\">Makeup Revolution Blush R\u00f3\u017c #Love \/<br \/>5,90 z\u0142<\/p><\/div>\n<p align=\"justify\"><span style=\"color: #ffffff;\">.<\/span><\/p>\n<p align=\"justify\">Odcienie <strong>ciep\u0142e<\/strong> zdecydowanie powinny si\u0119ga\u0107 po r\u00f3\u017ce w odcieniach nieco <strong>ch\u0142odniejszych<\/strong>. W tym wypadku \u015bwietnie sprawdz\u0105 si\u0119 odcienie r\u00f3\u017cowego, najlepiej pastelowe i niezbyt intensywne.<\/p>\n<p align=\"justify\">W przypadku <strong>cer o odcieniu ch\u0142odnym<\/strong> warto si\u0119gn\u0105\u0107 po kosmetyki w <strong>cieplejszym<\/strong> odcieniu brzoskwini, \u0142ososia lub delikatnego be\u017cu.<\/p>\n<p align=\"justify\"><span style=\"color: #ffffff;\">.<\/span><\/p>\n<div id=\"attachment_4472\" style=\"width: 516px\" class=\"wp-caption aligncenter\"><img loading=\"lazy\" decoding=\"async\" aria-describedby=\"caption-attachment-4472\" class=\" wp-image-4472\" src=\"http:\/\/ranking-kosmetykow.pl\/wp-content\/uploads\/2018\/04\/9375a0c18e2fce432e5fb29efbe9c047.jpg\" alt=\"\" width=\"506\" height=\"675\" srcset=\"https:\/\/neness.pl\/blog\/wp-content\/uploads\/2018\/04\/9375a0c18e2fce432e5fb29efbe9c047.jpg 750w, https:\/\/neness.pl\/blog\/wp-content\/uploads\/2018\/04\/9375a0c18e2fce432e5fb29efbe9c047-225x300.jpg 225w, https:\/\/neness.pl\/blog\/wp-content\/uploads\/2018\/04\/9375a0c18e2fce432e5fb29efbe9c047-610x813.jpg 610w\" sizes=\"auto, (max-width: 506px) 100vw, 506px\" \/><p id=\"caption-attachment-4472\" class=\"wp-caption-text\"><span style=\"color: #ffffff;\">NYX Powder Blush R\u00f3\u017c PB01 Mocha \/<\/span><br \/><span style=\"color: #ffffff;\">14,90 z\u0142<\/span><\/p><\/div>\n<h3 align=\"justify\"><span style=\"color: #ffffff;\">\u00a0.<\/span><\/h3>\n<h3 align=\"justify\">Jak aplikowa\u0107 r\u00f3\u017c?<\/h3>\n<p align=\"justify\">Pami\u0119tajmy, \u017ce w przypadku cery naczynkowej przed aplikacj\u0105 r\u00f3\u017cu nale\u017cy najpierw odpowiednio <strong>przygotowa\u0107<\/strong> cer\u0119. W tym przypadku przydadz\u0105 si\u0119 <strong>kryj\u0105cy<\/strong> podk\u0142ad, korektor w <strong>zielonym<\/strong> kolorze oraz puder, kt\u00f3re nieco zniweluj\u0105 rumie\u0144 i b\u0119d\u0105 stanowi\u0142y doskona\u0142\u0105 baz\u0119 do dalszych krok\u00f3w makija\u017cu. Korektor w pistacjowym odcieniu na\u0142\u00f3\u017cmy miejscowo na bardziej zar\u00f3\u017cowione miejsca. Opr\u00f3cz wspomnianych wy\u017cej kosmetyk\u00f3w si\u0119gn\u0105\u0107 mo\u017cemy tak\u017ce po odpowiednio dobran\u0105 <strong>baz\u0119<\/strong>, kt\u00f3ra tak\u017ce pomo\u017ce nieco ukry\u0107 rumie\u0144ce.<\/p>\n<p align=\"justify\"><span style=\"color: #ffffff;\">.<\/span><\/p>\n<div id=\"attachment_4473\" style=\"width: 562px\" class=\"wp-caption aligncenter\"><a href=\"https:\/\/neness.pl\/kosmetyki\/twarz\/roze_bronzery_i_rozswietlacze\/w7_roz_i_rozswietlacz_candy_floss_brightening.html\"><img loading=\"lazy\" decoding=\"async\" aria-describedby=\"caption-attachment-4473\" class=\" wp-image-4473\" src=\"http:\/\/ranking-kosmetykow.pl\/wp-content\/uploads\/2018\/04\/a9e06c6e7e77ecf953471b4392b69db1.jpg\" alt=\"\" width=\"552\" height=\"736\" srcset=\"https:\/\/neness.pl\/blog\/wp-content\/uploads\/2018\/04\/a9e06c6e7e77ecf953471b4392b69db1.jpg 750w, https:\/\/neness.pl\/blog\/wp-content\/uploads\/2018\/04\/a9e06c6e7e77ecf953471b4392b69db1-225x300.jpg 225w, https:\/\/neness.pl\/blog\/wp-content\/uploads\/2018\/04\/a9e06c6e7e77ecf953471b4392b69db1-610x813.jpg 610w\" sizes=\"auto, (max-width: 552px) 100vw, 552px\" \/><\/a><p id=\"caption-attachment-4473\" class=\"wp-caption-text\">W7 R\u00f3\u017c i Roz\u015bwietlacz Candy Floss Brightening \/<br \/>14,90 z\u0142<\/p><\/div>\n<p align=\"justify\"><span style=\"color: #ffffff;\">.<\/span><\/p>\n<h3 align=\"justify\">Czego unika\u0107?<\/h3>\n<p align=\"justify\">W przypadku cer naczynkowych zdecydowanie warto unika\u0107 wszelkich <strong>intensywnych<\/strong> odcieni r\u00f3\u017cu. Odpadaj\u0105 wi\u0119c intensywna czerwie\u0144, malina, kolory ceglaste, karminowe, fuksja, a nawet te w odcieniu miedzi.<\/p>\n<p align=\"justify\"><span style=\"color: #ffffff;\">.<\/span><\/p>\n<div id=\"attachment_4474\" style=\"width: 521px\" class=\"wp-caption aligncenter\"><a href=\"https:\/\/neness.pl\/kosmetyki\/twarz\/roze_bronzery_i_rozswietlacze\/nyx_powder_blush_roz_pb35_coral_dream.html\"><img loading=\"lazy\" decoding=\"async\" aria-describedby=\"caption-attachment-4474\" class=\" wp-image-4474\" src=\"http:\/\/ranking-kosmetykow.pl\/wp-content\/uploads\/2018\/04\/c9f4215226f4a63c32ae6da99fea3b1f.jpg\" alt=\"\" width=\"511\" height=\"681\" srcset=\"https:\/\/neness.pl\/blog\/wp-content\/uploads\/2018\/04\/c9f4215226f4a63c32ae6da99fea3b1f.jpg 750w, https:\/\/neness.pl\/blog\/wp-content\/uploads\/2018\/04\/c9f4215226f4a63c32ae6da99fea3b1f-225x300.jpg 225w, https:\/\/neness.pl\/blog\/wp-content\/uploads\/2018\/04\/c9f4215226f4a63c32ae6da99fea3b1f-610x813.jpg 610w\" sizes=\"auto, (max-width: 511px) 100vw, 511px\" \/><\/a><p id=\"caption-attachment-4474\" class=\"wp-caption-text\">NYX Powder Blush R\u00f3\u017c PB35 Coral Dream \/<br \/>14,90 z\u0142<\/p><\/div>\n<p align=\"justify\"><span style=\"color: #ffffff;\">.<\/span><\/p>\n<p align=\"justify\">Pami\u0119tajmy tak\u017ce, \u017ce podobnie jak w przypadku wszystkich typ\u00f3w cery, r\u00f3wnie\u017c w przypadku cery naczynkowej najwi\u0119ksze znaczenie ma odpowiednia <strong>piel\u0119gnacja<\/strong> sk\u00f3ry. U\u017cywajmy wi\u0119c delikatnych kosmetyk\u00f3w ze sk\u0142adnikami, kt\u00f3re wzmocni\u0105 naczynia krwiono\u015bne i sprawi\u0105, \u017ce b\u0119d\u0105 one bardziej elastyczne, jak na przyk\u0142ad <strong>witamina C<\/strong>. Dodatkowo chro\u0144my tak\u017ce cer\u0119 przed szkodliwym dzia\u0142anie <strong>promieni UV<\/strong>, a tak\u017ce unikajmy substancji, kt\u00f3re mog\u0105 dodatkowo podra\u017cni\u0107 cer\u0119 i przyczyni\u0107 si\u0119 do jeszcze wi\u0119kszego zaczerwienienia.<\/p>\n","protected":false},"excerpt":{"rendered":"<p>Na pewno ka\u017cda posiadaczka cery naczynkowej lub sk\u0142onnej do zaczerwienie\u0144 wielokrotnie s\u0142ysza\u0142a, \u017ce zdecydowanie powinna unika\u0107 w makija\u017cu stosowania r\u00f3\u017cu do policzk\u00f3w, by nie podkre\u015bla\u0107 rozszerzonych \u017cy\u0142ek i naturalnych rumie\u0144c\u00f3w na policzkach. My jednak postanowili\u015bmy obali\u0107 ten mit. Jak dobra\u0107 r\u00f3\u017c do cery naczynkowej? Zapraszamy do lektury! . Czy przy cerze naczynkowej mo\u017cna u\u017cywa\u0107 r\u00f3\u017cu [&hellip;]<\/p>\n","protected":false},"author":2,"featured_media":4468,"comment_status":"open","ping_status":"open","sticky":false,"template":"","format":"standard","meta":{"_et_pb_use_builder":"","_et_pb_old_content":"","_et_gb_content_width":"","footnotes":""},"categories":[41],"tags":[],"class_list":["post-4467","post","type-post","status-publish","format-standard","has-post-thumbnail","hentry","category-olsniewaj-makijazem","et-has-post-format-content","et_post_format-et-post-format-standard"],"_links":{"self":[{"href":"https:\/\/neness.pl\/blog\/wp-json\/wp\/v2\/posts\/4467","targetHints":{"allow":["GET"]}}],"collection":[{"href":"https:\/\/neness.pl\/blog\/wp-json\/wp\/v2\/posts"}],"about":[{"href":"https:\/\/neness.pl\/blog\/wp-json\/wp\/v2\/types\/post"}],"author":[{"embeddable":true,"href":"https:\/\/neness.pl\/blog\/wp-json\/wp\/v2\/users\/2"}],"replies":[{"embeddable":true,"href":"https:\/\/neness.pl\/blog\/wp-json\/wp\/v2\/comments?post=4467"}],"version-history":[{"count":0,"href":"https:\/\/neness.pl\/blog\/wp-json\/wp\/v2\/posts\/4467\/revisions"}],"wp:featuredmedia":[{"embeddable":true,"href":"https:\/\/neness.pl\/blog\/wp-json\/wp\/v2\/media\/4468"}],"wp:attachment":[{"href":"https:\/\/neness.pl\/blog\/wp-json\/wp\/v2\/media?parent=4467"}],"wp:term":[{"taxonomy":"category","embeddable":true,"href":"https:\/\/neness.pl\/blog\/wp-json\/wp\/v2\/categories?post=4467"},{"taxonomy":"post_tag","embeddable":true,"href":"https:\/\/neness.pl\/blog\/wp-json\/wp\/v2\/tags?post=4467"}],"curies":[{"name":"wp","href":"https:\/\/api.w.org\/{rel}","templated":true}]}}