{"id":4437,"date":"2018-04-09T15:03:49","date_gmt":"2018-04-09T13:03:49","guid":{"rendered":"http:\/\/ranking-kosmetykow.pl\/?p=4437"},"modified":"2018-04-09T15:03:49","modified_gmt":"2018-04-09T13:03:49","slug":"jak-dbac-o-skore-narazona-na-dzialanie-smogu","status":"publish","type":"post","link":"https:\/\/neness.pl\/blog\/jak-dbac-o-skore-narazona-na-dzialanie-smogu\/","title":{"rendered":"Jak dba\u0107 o sk\u00f3r\u0119 nara\u017con\u0105 na dzia\u0142anie smogu?"},"content":{"rendered":"<p align=\"justify\">Cho\u0107 zima dobieg\u0142a ju\u017c ko\u0144ca i wydawa\u0107 by si\u0119 mog\u0142o, \u017ce problem smogu znikn\u0105\u0142 na par\u0119 miesi\u0119cy, to niestety wci\u0105\u017c jeste\u015bmy nara\u017ceni na negatywny wp\u0142yw zanieczyszczonego powietrza na nasz\u0105 sk\u00f3r\u0119. Faktycznie, wiosn\u0105 i latem powietrze jest dla nas zdecydowanie zdrowsze, warto jednak wiedzie\u0107, \u017ce cera b\u0119dzie odczuwa\u0107 skutki smogu jeszcze przez wiele tygodni. Jak o ni\u0105 dba\u0107, by pozosta\u0142a zdrowa i promienna mimo zanieczyszcze\u0144, na kt\u00f3re nara\u017camy j\u0105 ka\u017cdego dnia?<\/p>\n<p align=\"justify\"><span style=\"color: #ffffff;\">.<\/span><\/p>\n<h3 align=\"justify\">Jak smog dzia\u0142a na sk\u00f3r\u0119?<\/h3>\n<p align=\"justify\">Cho\u0107 ze <strong>smogiem<\/strong> kojarzymy przede wszystkim problemy z oddychaniem i oskrzelami, rzadko kiedy zastanawiamy si\u0119 nad tym, jak zanieczyszczone powietrze dzia\u0142a na nasz\u0105 sk\u00f3r\u0119. Czym tak naprawd\u0119 jest ten g\u0142o\u015bny smog? Jest to <strong>mieszanka<\/strong> kurzu, py\u0142u, spalin i ekstrakt\u00f3w w\u0119glowych, zawieszonych w powietrzu. Zawiera on ponad 150 substancji chemicznych <strong>niebezpiecznych<\/strong> dla naszego zdrowia.<\/p>\n<p align=\"justify\"><span style=\"color: #ffffff;\">.<\/span><\/p>\n<div id=\"attachment_4442\" style=\"width: 585px\" class=\"wp-caption aligncenter\"><a href=\"https:\/\/neness.pl\/kosmetyki\/pielegnacja_twarzy\/demakijaz_i_oczyszczanie\/kallos_sense_mleczko_oczyszczajace_do_twarzy_cleasing_mik_100ml.html\"><img loading=\"lazy\" decoding=\"async\" aria-describedby=\"caption-attachment-4442\" class=\" wp-image-4442\" src=\"http:\/\/ranking-kosmetykow.pl\/wp-content\/uploads\/2018\/04\/7b6d21850b610fed08dc86e6a6949a87.jpg\" alt=\"\" width=\"575\" height=\"767\" srcset=\"https:\/\/neness.pl\/blog\/wp-content\/uploads\/2018\/04\/7b6d21850b610fed08dc86e6a6949a87.jpg 750w, https:\/\/neness.pl\/blog\/wp-content\/uploads\/2018\/04\/7b6d21850b610fed08dc86e6a6949a87-225x300.jpg 225w, https:\/\/neness.pl\/blog\/wp-content\/uploads\/2018\/04\/7b6d21850b610fed08dc86e6a6949a87-610x813.jpg 610w\" sizes=\"auto, (max-width: 575px) 100vw, 575px\" \/><\/a><p id=\"caption-attachment-4442\" class=\"wp-caption-text\">Kallos SENSE Mleczko Oczyszczaj\u0105ce do Twarzy Cleasing Mik 100ml \/<br \/>12,80 z\u0142<\/p><\/div>\n<p align=\"justify\"><span style=\"color: #ffffff;\">.<\/span><\/p>\n<p align=\"justify\">Opr\u00f3cz tak oczywistych problem\u00f3w, kt\u00f3re powoduje smog, jak <strong>problemy z oddychaniem<\/strong>, <strong>astma<\/strong>, <strong>zapalenie oskrzeli<\/strong> i z\u0142e samopoczucie,\u00a0ma on tak\u017ce <strong>negatywny wp\u0142yw na stan sk\u00f3ry<\/strong>, kt\u00f3ra staje si\u0119 szorstka, przesuszona, podra\u017cniona, zaczerwieniona, a nawet niemi\u0142a w dotyku. Ponadto na jej powierzchni (nie tylko na twarzy) mog\u0105 pojawi\u0107 si\u0119 tak\u017ce objawy <strong>alergii<\/strong> sk\u00f3rnej, na przyk\u0142ad tak zwana pokrzywka lub ciemne plamy.<\/p>\n<p align=\"justify\">Sk\u00f3ra nara\u017cona na dzia\u0142anie smogu <strong>szybciej<\/strong> si\u0119 starzeje, jest poszarza\u0142a, a na jej powierzchni cz\u0119\u015bciej pojawiaj\u0105 si\u0119 niedoskona\u0142o\u015bci.<\/p>\n<p align=\"justify\"><span style=\"color: #ffffff;\">.<\/span><\/p>\n<div id=\"attachment_4443\" style=\"width: 760px\" class=\"wp-caption aligncenter\"><a href=\"https:\/\/neness.pl\/kosmetyki\/pielegnacja_twarzy\/maseczki\/kallos_sense_maska_zluszczajaca_z_czasteczkami_bambusa_50ml.html\"><img loading=\"lazy\" decoding=\"async\" aria-describedby=\"caption-attachment-4443\" class=\"size-full wp-image-4443\" src=\"http:\/\/ranking-kosmetykow.pl\/wp-content\/uploads\/2018\/04\/366acd8910b76db4a7dd647784b05ca6.png\" alt=\"\" width=\"750\" height=\"1000\" srcset=\"https:\/\/neness.pl\/blog\/wp-content\/uploads\/2018\/04\/366acd8910b76db4a7dd647784b05ca6.png 750w, https:\/\/neness.pl\/blog\/wp-content\/uploads\/2018\/04\/366acd8910b76db4a7dd647784b05ca6-225x300.png 225w, https:\/\/neness.pl\/blog\/wp-content\/uploads\/2018\/04\/366acd8910b76db4a7dd647784b05ca6-610x813.png 610w\" sizes=\"auto, (max-width: 750px) 100vw, 750px\" \/><\/a><p id=\"caption-attachment-4443\" class=\"wp-caption-text\">Kallos SENSE Maska Z\u0142uszczaj\u0105ca z Cz\u0105steczkami Bambusa 50ml \/<br \/>10,90 z\u0142<\/p><\/div>\n<p align=\"justify\"><span style=\"color: #ffffff;\">.<\/span><\/p>\n<h3 align=\"justify\"><span style=\"color: #ffffff;\">.<\/span><\/h3>\n<h3 align=\"justify\">Jakich sk\u0142adnik\u00f3w szuka\u0107 w kosmetykach?<\/h3>\n<p align=\"justify\">O sk\u00f3r\u0119 nara\u017con\u0105 na dzia\u0142anie smogu musimy dba\u0107 szczeg\u00f3lnie. B\u0119dzie bowiem ona potrzebowa\u0142a nie tylko pomocy w <strong>odbudowaniu<\/strong> jej naturalnej warstwy ochronnej, ale tak\u017ce <strong>dodatkowej<\/strong> <strong>ochrony<\/strong> przeciwstarzeniowej i kosmetyk\u00f3w, kt\u00f3re wspomog\u0105 walk\u0119 z wolnymi rodnikami. W zwi\u0105zku z tym nale\u017cy si\u0119gn\u0105\u0107, bo bogate w antyoksydanty kremy i sera, szczeg\u00f3lnie po produkty zawieraj\u0105ce <strong>witaminy<\/strong> A, C i E, a tak\u017ce te z grupy B, kt\u00f3ra wspomo\u017ce odbudow\u0119 warstwy ochronnej.<\/p>\n<p align=\"justify\"><span style=\"color: #ffffff;\">.<\/span><\/p>\n<div id=\"attachment_4444\" style=\"width: 540px\" class=\"wp-caption aligncenter\"><a href=\"https:\/\/neness.pl\/kosmetyki\/pielegnacja_twarzy\/maseczki\/holika_holika_pure_essence_maska_zielona_herbata_mask_sheet_green_tea.html\"><img loading=\"lazy\" decoding=\"async\" aria-describedby=\"caption-attachment-4444\" class=\" wp-image-4444\" src=\"http:\/\/ranking-kosmetykow.pl\/wp-content\/uploads\/2018\/04\/5ad371ad062818abd968f2ba9a3fbf73.jpg\" alt=\"\" width=\"530\" height=\"707\" srcset=\"https:\/\/neness.pl\/blog\/wp-content\/uploads\/2018\/04\/5ad371ad062818abd968f2ba9a3fbf73.jpg 750w, https:\/\/neness.pl\/blog\/wp-content\/uploads\/2018\/04\/5ad371ad062818abd968f2ba9a3fbf73-225x300.jpg 225w, https:\/\/neness.pl\/blog\/wp-content\/uploads\/2018\/04\/5ad371ad062818abd968f2ba9a3fbf73-610x813.jpg 610w\" sizes=\"auto, (max-width: 530px) 100vw, 530px\" \/><\/a><p id=\"caption-attachment-4444\" class=\"wp-caption-text\">Holika Holika Pure Essence Maska Zielona Herbata Mask Sheet Green Tea \/<br \/>10,90 z\u0142<\/p><\/div>\n<p align=\"justify\"><span style=\"color: #ffffff;\">.<\/span><\/p>\n<p align=\"justify\">Sk\u00f3ra nara\u017cona na smog potrzebuje tak\u017ce odpowiedniego\u00a0<strong>nawil\u017cenia.<\/strong>\u00a0Pomocny b\u0119dzie wi\u0119c kwas hialuronowy, aloes i wszelkiego rodzaju naturalne oleje. W dni, kiedy powietrze jest wyj\u0105tkowo zanieczyszczone, a tak\u017ce przez ca\u0142\u0105 zim\u0119 przed wyj\u015bciem na dw\u00f3r warto posmarowa\u0107 sk\u00f3r\u0119 t\u0142ustym kremem, kt\u00f3ry b\u0119dzie stanowi\u0142 dodatkow\u0105 warstw\u0119 ochronn\u0105 przed dzia\u0142aniem zanieczyszcze\u0144.<\/p>\n<p align=\"justify\"><span style=\"color: #ffffff;\">.<\/span><\/p>\n<h3 align=\"justify\">Jak piel\u0119gnowa\u0107 sk\u00f3r\u0119 nara\u017con\u0105 na dzia\u0142anie smogu?<\/h3>\n<p align=\"justify\">Przede wszystkim w tym okresie cera potrzebuje g\u0142\u0119bokiego, a jednocze\u015bnie delikatnego <strong>oczyszczenia<\/strong>. Si\u0119gajmy po <strong>\u0142agodne kosmetyki myj\u0105ce<\/strong>, kt\u00f3re nie podra\u017cni\u0105 sk\u00f3ry, ale dok\u0142adnie myj\u0105 sk\u00f3r\u0119, a dzi\u0119ki temu usun\u0105 resztki smogu, zanieczyszcze\u0144 i oczyszcz\u0105 pory. Warto si\u0119ga\u0107 po <strong>olejek<\/strong>, kt\u00f3rym rozpu\u015bcisz brud oraz delikatny \u017cel myj\u0105cy. Raz na jaki\u015b czas warto si\u0119gn\u0105\u0107 tak\u017ce po <strong>mask\u0119 oczyszczaj\u0105c\u0105<\/strong>, kt\u00f3ra pomo\u017ce jeszcze dog\u0142\u0119bniej oczy\u015bci\u0107 sk\u00f3r\u0119, a tak\u017ce \u0142agodny <strong>peeling<\/strong> <strong>enzymatyczny<\/strong>, kt\u00f3ry z\u0142uszczy martwy nask\u00f3rek i przywr\u00f3ci sk\u00f3rze blask.<\/p>\n<p align=\"justify\"><span style=\"color: #ffffff;\">.<\/span><\/p>\n<div id=\"attachment_4445\" style=\"width: 575px\" class=\"wp-caption aligncenter\"><a href=\"https:\/\/neness.pl\/kosmetyki\/pielegnacja_twarzy\/kremy\/dermacol_krem_do_rewitalizacji_cery_suchej_i_bardzo_suchej_lady_cream.html\"><img loading=\"lazy\" decoding=\"async\" aria-describedby=\"caption-attachment-4445\" class=\" wp-image-4445\" src=\"http:\/\/ranking-kosmetykow.pl\/wp-content\/uploads\/2018\/04\/26ced64be338ed7557a9d08cbc4cd4ab.jpg\" alt=\"\" width=\"565\" height=\"753\" srcset=\"https:\/\/neness.pl\/blog\/wp-content\/uploads\/2018\/04\/26ced64be338ed7557a9d08cbc4cd4ab.jpg 750w, https:\/\/neness.pl\/blog\/wp-content\/uploads\/2018\/04\/26ced64be338ed7557a9d08cbc4cd4ab-225x300.jpg 225w, https:\/\/neness.pl\/blog\/wp-content\/uploads\/2018\/04\/26ced64be338ed7557a9d08cbc4cd4ab-610x813.jpg 610w\" sizes=\"auto, (max-width: 565px) 100vw, 565px\" \/><\/a><p id=\"caption-attachment-4445\" class=\"wp-caption-text\">Dermacol Krem do Rewitalizacji Cery Suchej i Bardzo Suchej Lady Cream \/<br \/>19,90 z\u0142<\/p><\/div>\n<p align=\"justify\"><span style=\"color: #ffffff;\">.<\/span><\/p>\n<p align=\"justify\">Po dok\u0142adnym oczyszczeniu czas na <strong>intensywne nawil\u017canie<\/strong>. Serum z witamin\u0105 C lub E, kremy bogate w antyoksydanty i kwas hialuronowy, a nawet kosmetyki stworzone specjalnie\u00a0dla cer maj\u0105cych kontakt ze\u00a0smogiem s\u0105 <strong>sprzymierze\u0144cami<\/strong> w walce z zanieczyszczeniem powietrza.<\/p>\n<p align=\"justify\">Opr\u00f3cz kosmetyk\u00f3w nale\u017cy tak\u017ce zadba\u0107 o bogat\u0105 w zielone warzywa i zdrow\u0105 <strong>diet\u0119<\/strong>, nawil\u017canie sk\u00f3ry od wewn\u0105trz i odpowiedni\u0105 ilo\u015b\u0107 wypijanych p\u0142yn\u00f3w, w tym sprzyjaj\u0105cych oczyszczaniu zi\u00f3\u0142, takich jak <strong>czystek<\/strong> i pokrzywa.<\/p>\n","protected":false},"excerpt":{"rendered":"<p>Cho\u0107 zima dobieg\u0142a ju\u017c ko\u0144ca i wydawa\u0107 by si\u0119 mog\u0142o, \u017ce problem smogu znikn\u0105\u0142 na par\u0119 miesi\u0119cy, to niestety wci\u0105\u017c jeste\u015bmy nara\u017ceni na negatywny wp\u0142yw zanieczyszczonego powietrza na nasz\u0105 sk\u00f3r\u0119. Faktycznie, wiosn\u0105 i latem powietrze jest dla nas zdecydowanie zdrowsze, warto jednak wiedzie\u0107, \u017ce cera b\u0119dzie odczuwa\u0107 skutki smogu jeszcze przez wiele tygodni. Jak o [&hellip;]<\/p>\n","protected":false},"author":2,"featured_media":4438,"comment_status":"open","ping_status":"open","sticky":false,"template":"","format":"standard","meta":{"_et_pb_use_builder":"","_et_pb_old_content":"","_et_gb_content_width":"","footnotes":""},"categories":[185],"tags":[],"class_list":["post-4437","post","type-post","status-publish","format-standard","has-post-thumbnail","hentry","category-codzienna-pielegnacja","et-has-post-format-content","et_post_format-et-post-format-standard"],"_links":{"self":[{"href":"https:\/\/neness.pl\/blog\/wp-json\/wp\/v2\/posts\/4437","targetHints":{"allow":["GET"]}}],"collection":[{"href":"https:\/\/neness.pl\/blog\/wp-json\/wp\/v2\/posts"}],"about":[{"href":"https:\/\/neness.pl\/blog\/wp-json\/wp\/v2\/types\/post"}],"author":[{"embeddable":true,"href":"https:\/\/neness.pl\/blog\/wp-json\/wp\/v2\/users\/2"}],"replies":[{"embeddable":true,"href":"https:\/\/neness.pl\/blog\/wp-json\/wp\/v2\/comments?post=4437"}],"version-history":[{"count":0,"href":"https:\/\/neness.pl\/blog\/wp-json\/wp\/v2\/posts\/4437\/revisions"}],"wp:featuredmedia":[{"embeddable":true,"href":"https:\/\/neness.pl\/blog\/wp-json\/wp\/v2\/media\/4438"}],"wp:attachment":[{"href":"https:\/\/neness.pl\/blog\/wp-json\/wp\/v2\/media?parent=4437"}],"wp:term":[{"taxonomy":"category","embeddable":true,"href":"https:\/\/neness.pl\/blog\/wp-json\/wp\/v2\/categories?post=4437"},{"taxonomy":"post_tag","embeddable":true,"href":"https:\/\/neness.pl\/blog\/wp-json\/wp\/v2\/tags?post=4437"}],"curies":[{"name":"wp","href":"https:\/\/api.w.org\/{rel}","templated":true}]}}