{"id":4412,"date":"2018-03-27T12:54:03","date_gmt":"2018-03-27T10:54:03","guid":{"rendered":"http:\/\/ranking-kosmetykow.pl\/?p=4412"},"modified":"2021-09-21T21:01:26","modified_gmt":"2021-09-21T19:01:26","slug":"glinka-kosmetyczna-jak-ja-stosowac","status":"publish","type":"post","link":"https:\/\/neness.pl\/blog\/glinka-kosmetyczna-jak-ja-stosowac\/","title":{"rendered":"Glinka kosmetyczna \u2013 jak j\u0105 stosowa\u0107?"},"content":{"rendered":"<p>[et_pb_section fb_built=&#8221;1&#8243; admin_label=&#8221;section&#8221; _builder_version=&#8221;3.22&#8243;][et_pb_row admin_label=&#8221;row&#8221; _builder_version=&#8221;3.25&#8243; background_size=&#8221;initial&#8221; background_position=&#8221;top_left&#8221; background_repeat=&#8221;repeat&#8221;][et_pb_column type=&#8221;4_4&#8243; _builder_version=&#8221;3.25&#8243; custom_padding=&#8221;|||&#8221; custom_padding__hover=&#8221;|||&#8221;][et_pb_text admin_label=&#8221;Text&#8221; _builder_version=&#8221;3.27.4&#8243; background_size=&#8221;initial&#8221; background_position=&#8221;top_left&#8221; background_repeat=&#8221;repeat&#8221;]<\/p>\n<p align=\"justify\">Naturalna glinka kosmetyczna to podstawa wielu kosmetyk\u00f3w i zabieg\u00f3w piel\u0119gnacyjnych. Stosuje si\u0119 j\u0105 ju\u017c nie tylko w profesjonalnych gabinetach kosmetycznych, ale tak\u017ce coraz ch\u0119tniej si\u0119gamy po ni\u0105 w domowym zaciszu. Jak wybra\u0107 odpowiedni\u0105 dla naszego typu cery glink\u0119 i jak powinno si\u0119 j\u0105 stosowa\u0107?<\/p>\n<p align=\"justify\"><span style=\"color: #ffffff;\">.<\/span><\/p>\n<h3 align=\"justify\">Glinka \u2013 co to takiego?<\/h3>\n<p align=\"justify\">Glinka kosmetyczna jest <strong>naturalnym<\/strong> minera\u0142em, kt\u00f3ry bogaty jest w makro i mikroelementy takie jak krzem, \u017celazo, wap\u0144, magnez, potas, cynk, mied\u017a czy selen. Jej g\u0142\u00f3wn\u0105 cech\u0105 jest <strong>zdolno\u015b\u0107<\/strong> <strong>poch\u0142aniania zanieczyszcze\u0144<\/strong> znajduj\u0105cych si\u0119 na powierzchni cery. Opr\u00f3cz tego glinka kosmetyczna <strong>reguluje<\/strong> tak\u017ce pH sk\u00f3ry. Ponadto glinka stosowana jest cz\u0119sto w kosmetykach op\u00f3\u017aniaj\u0105cych procesy starzenia sk\u00f3ry, poniewa\u017c <strong>wyg\u0142adza<\/strong> cer\u0119, przyspiesza jej <strong>regeneracj\u0119<\/strong> oraz poprawia kr\u0105\u017cenie.<\/p>\n<p align=\"justify\">Glinka kosmetyczna wyst\u0119puje w r\u00f3\u017cnych kolorach i ka\u017cdy z jej rodzaj\u00f3w ma nieco <strong>inne<\/strong> w\u0142a\u015bciwo\u015bci, dlatego warto wybra\u0107 t\u0119, kt\u00f3ra b\u0119dzie najlepiej dopasowana do rodzaju cery. Pami\u0119tajmy tylko, by wybiera\u0107 glinki <strong>bez<\/strong> <strong>dodatk\u00f3w<\/strong> chemicznych w postaci na przyk\u0142ad substancji zapachowych, kt\u00f3re mog\u0105 podra\u017cni\u0107 cer\u0119. Jak dobra\u0107 glink\u0119 do rodzaju cery?<span style=\"color: #ffffff;\">.<\/span><\/p>\n<div id=\"attachment_4417\" style=\"width: 1010px\" class=\"wp-caption aligncenter\"><img loading=\"lazy\" decoding=\"async\" aria-describedby=\"caption-attachment-4417\" class=\"size-full wp-image-4417\" src=\"http:\/\/ranking-kosmetykow.pl\/wp-content\/uploads\/2018\/03\/Fotolia_186461439_Subscription_XXL.jpg\" alt=\"\" width=\"1000\" height=\"667\" srcset=\"https:\/\/neness.pl\/blog\/wp-content\/uploads\/2018\/03\/Fotolia_186461439_Subscription_XXL.jpg 1000w, https:\/\/neness.pl\/blog\/wp-content\/uploads\/2018\/03\/Fotolia_186461439_Subscription_XXL-300x200.jpg 300w, https:\/\/neness.pl\/blog\/wp-content\/uploads\/2018\/03\/Fotolia_186461439_Subscription_XXL-768x512.jpg 768w, https:\/\/neness.pl\/blog\/wp-content\/uploads\/2018\/03\/Fotolia_186461439_Subscription_XXL-610x407.jpg 610w\" sizes=\"auto, (max-width: 1000px) 100vw, 1000px\" \/><p id=\"caption-attachment-4417\" class=\"wp-caption-text\">fotolia.com, #186461439 | Autor: tashka2000<\/p><\/div>\n<p align=\"justify\"><span style=\"color: #ffffff;\">.<\/span><\/p>\n<h3 align=\"justify\">Glinka zielona<\/h3>\n<p align=\"justify\">Glinka <strong>zielona<\/strong> to ta, kt\u00f3r\u0105 stosuje si\u0119 najcz\u0119\u015bciej. Dzia\u0142a ona <strong>najsilniej<\/strong> ze wszystkich glinek, a sw\u00f3j odcie\u0144 zawdzi\u0119cza obecno\u015bci jon\u00f3w \u017celaza. Ten rodzaj glinki przeznaczony jest do cery <strong>tr\u0105dzikowej<\/strong> i z <strong>zask\u00f3rnikami<\/strong>. Doskonale oczyszcza pory, dzia\u0142a antyseptycznie, hamuje namna\u017canie bakterii i reguluje wydzielanie sebum.<span style=\"color: #ffffff;\">.<\/span><\/p>\n<h3 align=\"justify\">Glinka bia\u0142a<\/h3>\n<p align=\"justify\">Glinka <strong>bia\u0142a<\/strong> jest <strong>najdelikatniejsza<\/strong>, dlatego te\u017c poleca si\u0119 j\u0105 osobom posiadaj\u0105cym cer\u0119 <strong>wra\u017cliw\u0105<\/strong> i <strong>such\u0105<\/strong>. Ma podobne w\u0142a\u015bciwo\u015bci do glinki zielonej, jednak dzia\u0142a \u0142agodniej. Ma ona znaczn\u0105 zawarto\u015b\u0107 glinu, kt\u00f3ry sprawia, \u017ce glinka bia\u0142a dzia\u0142a <strong>wyg\u0142adzaj\u0105co<\/strong> i <strong>zabli\u017aniaj\u0105co<\/strong>. Mo\u017cna j\u0105 znale\u017a\u0107 tak\u017ce w pudrach, a nawet zasypkach dla niemowl\u0105t.<span style=\"color: #ffffff;\">.<\/span><\/p>\n<h3 align=\"justify\">Glinka czerwona<\/h3>\n<p align=\"justify\">Glinka <strong>czerwona<\/strong> b\u0119dzie najlepszym wyborem, dla tych z nas, kt\u00f3rzy posiadaj\u0105 cer\u0119 <strong>naczynkow\u0105<\/strong> lub choruj\u0105 na <strong>tr\u0105dzik<\/strong> <strong>r\u00f3\u017cowaty<\/strong>. Jej systematyczne nak\u0142adanie <strong>uszczelnia<\/strong> naczynka krwiono\u015bne i zapobiega ich p\u0119kaniu. \u015awietnie sprawdza si\u0119 przy cerach <strong>t\u0142ustych<\/strong>, <strong>mieszanych<\/strong> i <strong>tr\u0105dzikowych<\/strong>, a jednocze\u015bnie <strong>wra\u017cliwych<\/strong> i sk\u0142onnych do podra\u017cnie\u0144 i zaczerwienie\u0144. Glinka czerwona tak\u017ce <strong>reguluje<\/strong> wydzielanie sebum.<\/p>\n<p align=\"justify\">Podobnie do glinki czerwonej dzia\u0142a tak\u017ce glinka\u00a0<strong>\u017c\u00f3\u0142ta<\/strong>, kt\u00f3ra nadaje si\u0119 te\u017c do piel\u0119gnacji cery dojrza\u0142ej.<span style=\"color: #ffffff;\">.<\/span><\/p>\n<h3 align=\"justify\">Glinka r\u00f3\u017cowa<\/h3>\n<p align=\"justify\">Glinka <strong>r\u00f3\u017cowa<\/strong> to nic innego jak <strong>po\u0142\u0105czenie<\/strong> glinki czerwonej i bia\u0142ej w proporcji 1:2. <strong>\u0141\u0105czy<\/strong> w sobie w\u0142a\u015bciwo\u015bci tych dw\u00f3ch rodzaj\u00f3w glinek: \u0142agodzi podra\u017cnienia, koi sk\u00f3r\u0119, zabli\u017ania ranki, a tak\u017ce oczyszcza sk\u00f3r\u0119 i reguluje wydzielanie sebum. Nadaje si\u0119 do sk\u00f3ry <strong>wra\u017cliwej<\/strong> i <strong>delikatnej<\/strong>.<\/p>\n<p align=\"justify\"><span style=\"color: #ffffff;\">.<\/span><\/p>\n<p><div id=\"attachment_4418\" style=\"width: 1010px\" class=\"wp-caption aligncenter\"><img loading=\"lazy\" decoding=\"async\" aria-describedby=\"caption-attachment-4418\" class=\"size-full wp-image-4418\" src=\"http:\/\/ranking-kosmetykow.pl\/wp-content\/uploads\/2018\/03\/Fotolia_101747630_Subscription_XXL.jpg\" alt=\"\" width=\"1000\" height=\"667\" srcset=\"https:\/\/neness.pl\/blog\/wp-content\/uploads\/2018\/03\/Fotolia_101747630_Subscription_XXL.jpg 1000w, https:\/\/neness.pl\/blog\/wp-content\/uploads\/2018\/03\/Fotolia_101747630_Subscription_XXL-300x200.jpg 300w, https:\/\/neness.pl\/blog\/wp-content\/uploads\/2018\/03\/Fotolia_101747630_Subscription_XXL-768x512.jpg 768w, https:\/\/neness.pl\/blog\/wp-content\/uploads\/2018\/03\/Fotolia_101747630_Subscription_XXL-610x407.jpg 610w\" sizes=\"auto, (max-width: 1000px) 100vw, 1000px\" \/><p id=\"caption-attachment-4418\" class=\"wp-caption-text\">fotolia.com, #101747630 | Autor: JenkoAtaman<\/p><\/div><span style=\"color: #ffffff;\">.<\/span><\/p>\n<h3 align=\"justify\">Jak stosowa\u0107 glinki?<\/h3>\n<p align=\"justify\">Glink\u0119 kosmetyczn\u0105 stosuje si\u0119 zazwyczaj w postaci\u00a0<strong>maseczek<\/strong>. Najcz\u0119\u015bciej mo\u017cemy kupi\u0107 j\u0105 w\u00a0formie\u00a0<strong>proszku<\/strong>, kt\u00f3ry nale\u017cy wymiesza\u0107 z odrobin\u0105 toniku, wody termalnej lub hydrolatu, a po na\u0142o\u017ceniu pasty na sk\u00f3r\u0119 co jaki\u015b czas <strong>spryskiwa\u0107<\/strong> j\u0105 wybranym produktem \u2013 glinka <strong>nie<\/strong> <strong>powinna<\/strong> <strong>zaschn\u0105\u0107<\/strong> na sk\u00f3rze. Glinki nie nale\u017cy stosowa\u0107 zbyt cz\u0119sto, bo mo\u017ce ona przesuszy\u0107 sk\u00f3r\u0119. Maseczk\u0119 nale\u017cy trzyma\u0107 na sk\u00f3rze przez oko\u0142o <strong>10-15 minut<\/strong>. Pami\u0119tajmy tak\u017ce, by <strong>zmy\u0107<\/strong> j\u0105 dok\u0142adnie za pomoc\u0105 naturalnej g\u0105beczki lub wacika nas\u0105czonego wod\u0105.<\/p>\n<p>[\/et_pb_text][\/et_pb_column][\/et_pb_row][\/et_pb_section]<\/p>\n","protected":false},"excerpt":{"rendered":"<p>[et_pb_section fb_built=&#8221;1&#8243; admin_label=&#8221;section&#8221; _builder_version=&#8221;3.22&#8243;][et_pb_row admin_label=&#8221;row&#8221; _builder_version=&#8221;3.25&#8243; background_size=&#8221;initial&#8221; background_position=&#8221;top_left&#8221; background_repeat=&#8221;repeat&#8221;][et_pb_column type=&#8221;4_4&#8243; _builder_version=&#8221;3.25&#8243; custom_padding=&#8221;|||&#8221; custom_padding__hover=&#8221;|||&#8221;][et_pb_text admin_label=&#8221;Text&#8221; _builder_version=&#8221;3.27.4&#8243; background_size=&#8221;initial&#8221; background_position=&#8221;top_left&#8221; background_repeat=&#8221;repeat&#8221;] Naturalna glinka kosmetyczna to podstawa wielu kosmetyk\u00f3w i zabieg\u00f3w piel\u0119gnacyjnych. Stosuje si\u0119 j\u0105 ju\u017c nie tylko w profesjonalnych gabinetach kosmetycznych, ale tak\u017ce coraz ch\u0119tniej si\u0119gamy po ni\u0105 w domowym zaciszu. Jak wybra\u0107 odpowiedni\u0105 dla naszego typu cery [&hellip;]<\/p>\n","protected":false},"author":2,"featured_media":4414,"comment_status":"open","ping_status":"open","sticky":false,"template":"","format":"standard","meta":{"_et_pb_use_builder":"on","_et_pb_old_content":"<p align=\"justify\">Naturalna glinka kosmetyczna to podstawa wielu kosmetyk\u00f3w i zabieg\u00f3w piel\u0119gnacyjnych. Stosuje si\u0119 j\u0105 ju\u017c nie tylko w profesjonalnych gabinetach kosmetycznych, ale tak\u017ce coraz ch\u0119tniej si\u0119gamy po ni\u0105 w domowym zaciszu. Jak wybra\u0107 odpowiedni\u0105 dla naszego typu cery glink\u0119 i jak powinno si\u0119 j\u0105 stosowa\u0107?<\/p>\n<p align=\"justify\"><span style=\"color: #ffffff;\">.<\/span><\/p>\n\n<h3 align=\"justify\">Glinka \u2013 co to takiego?<\/h3>\n<p align=\"justify\">Glinka kosmetyczna jest <strong>naturalnym<\/strong> minera\u0142em, kt\u00f3ry bogaty jest w makro i mikroelementy takie jak krzem, \u017celazo, wap\u0144, magnez, potas, cynk, mied\u017a czy selen. Jej g\u0142\u00f3wn\u0105 cech\u0105 jest <strong>zdolno\u015b\u0107<\/strong> <strong>poch\u0142aniania zanieczyszcze\u0144<\/strong> znajduj\u0105cych si\u0119 na powierzchni cery. Opr\u00f3cz tego glinka kosmetyczna <strong>reguluje<\/strong> tak\u017ce pH sk\u00f3ry. Ponadto glinka stosowana jest cz\u0119sto w kosmetykach op\u00f3\u017aniaj\u0105cych procesy starzenia sk\u00f3ry, poniewa\u017c <strong>wyg\u0142adza<\/strong> cer\u0119, przyspiesza jej <strong>regeneracj\u0119<\/strong> oraz poprawia kr\u0105\u017cenie.<\/p>\n<p align=\"justify\">Glinka kosmetyczna wyst\u0119puje w r\u00f3\u017cnych kolorach i ka\u017cdy z jej rodzaj\u00f3w ma nieco <strong>inne<\/strong> w\u0142a\u015bciwo\u015bci, dlatego warto wybra\u0107 t\u0119, kt\u00f3ra b\u0119dzie najlepiej dopasowana do rodzaju cery. Pami\u0119tajmy tylko, by wybiera\u0107 glinki <strong>bez<\/strong> <strong>dodatk\u00f3w<\/strong> chemicznych w postaci na przyk\u0142ad substancji zapachowych, kt\u00f3re mog\u0105 podra\u017cni\u0107 cer\u0119. Jak dobra\u0107 glink\u0119 do rodzaju cery?<\/p>\n<p align=\"justify\"><span style=\"color: #ffffff;\">.<\/span><\/p>\n\n\n[caption id=\"attachment_4417\" align=\"aligncenter\" width=\"1000\"]<img class=\"size-full wp-image-4417\" src=\"http:\/\/ranking-kosmetykow.pl\/wp-content\/uploads\/2018\/03\/Fotolia_186461439_Subscription_XXL.jpg\" alt=\"\" width=\"1000\" height=\"667\" \/> fotolia.com, #186461439 | Autor: tashka2000[\/caption]\n<p align=\"justify\"><span style=\"color: #ffffff;\">.<\/span><\/p>\n\n<h3 align=\"justify\">Glinka zielona<\/h3>\n<p align=\"justify\">Glinka <strong>zielona<\/strong> to ta, kt\u00f3r\u0105 stosuje si\u0119 najcz\u0119\u015bciej. Dzia\u0142a ona <strong>najsilniej<\/strong> ze wszystkich glinek, a sw\u00f3j odcie\u0144 zawdzi\u0119cza obecno\u015bci jon\u00f3w \u017celaza. Ten rodzaj glinki przeznaczony jest do cery <strong>tr\u0105dzikowej<\/strong> i z <strong>zask\u00f3rnikami<\/strong>. Doskonale oczyszcza pory, dzia\u0142a antyseptycznie, hamuje namna\u017canie bakterii i reguluje wydzielanie sebum.<\/p>\n<p align=\"justify\"><span style=\"color: #ffffff;\">.<\/span><\/p>\n\n<h3 align=\"justify\">Glinka bia\u0142a<\/h3>\n<p align=\"justify\">Glinka <strong>bia\u0142a<\/strong> jest <strong>najdelikatniejsza<\/strong>, dlatego te\u017c poleca si\u0119 j\u0105 osobom posiadaj\u0105cym cer\u0119 <strong>wra\u017cliw\u0105<\/strong> i <strong>such\u0105<\/strong>. Ma podobne w\u0142a\u015bciwo\u015bci do glinki zielonej, jednak dzia\u0142a \u0142agodniej. Ma ona znaczn\u0105 zawarto\u015b\u0107 glinu, kt\u00f3ry sprawia, \u017ce glinka bia\u0142a dzia\u0142a <strong>wyg\u0142adzaj\u0105co<\/strong> i <strong>zabli\u017aniaj\u0105co<\/strong>. Mo\u017cna j\u0105 znale\u017a\u0107 tak\u017ce w pudrach, a nawet zasypkach dla niemowl\u0105t.<\/p>\n<p align=\"justify\"><span style=\"color: #ffffff;\">.<\/span><\/p>\n\n<h3 align=\"justify\">Glinka czerwona<\/h3>\n<p align=\"justify\">Glinka <strong>czerwona<\/strong> b\u0119dzie najlepszym wyborem, dla tych z nas, kt\u00f3rzy posiadaj\u0105 cer\u0119 <strong>naczynkow\u0105<\/strong> lub choruj\u0105 na <strong>tr\u0105dzik<\/strong> <strong>r\u00f3\u017cowaty<\/strong>. Jej systematyczne nak\u0142adanie <strong>uszczelnia<\/strong> naczynka krwiono\u015bne i zapobiega ich p\u0119kaniu. \u015awietnie sprawdza si\u0119 przy cerach <strong>t\u0142ustych<\/strong>, <strong>mieszanych<\/strong> i <strong>tr\u0105dzikowych<\/strong>, a jednocze\u015bnie <strong>wra\u017cliwych<\/strong> i sk\u0142onnych do podra\u017cnie\u0144 i zaczerwienie\u0144. Glinka czerwona tak\u017ce <strong>reguluje<\/strong> wydzielanie sebum.<\/p>\n<p align=\"justify\">Podobnie do glinki czerwonej dzia\u0142a tak\u017ce glinka\u00a0<strong>\u017c\u00f3\u0142ta<\/strong>, kt\u00f3ra nadaje si\u0119 te\u017c do piel\u0119gnacji cery dojrza\u0142ej.<\/p>\n<p align=\"justify\"><span style=\"color: #ffffff;\">.<\/span><\/p>\n\n<h3 align=\"justify\">Glinka r\u00f3\u017cowa<\/h3>\n<p align=\"justify\">Glinka <strong>r\u00f3\u017cowa<\/strong> to nic innego jak <strong>po\u0142\u0105czenie<\/strong> glinki czerwonej i bia\u0142ej w proporcji 1:2. <strong>\u0141\u0105czy<\/strong> w sobie w\u0142a\u015bciwo\u015bci tych dw\u00f3ch rodzaj\u00f3w glinek: \u0142agodzi podra\u017cnienia, koi sk\u00f3r\u0119, zabli\u017ania ranki, a tak\u017ce oczyszcza sk\u00f3r\u0119 i reguluje wydzielanie sebum. Nadaje si\u0119 do sk\u00f3ry <strong>wra\u017cliwej<\/strong> i <strong>delikatnej<\/strong>.<\/p>\n<p align=\"justify\"><span style=\"color: #ffffff;\">.<\/span><\/p>\n\n\n[caption id=\"attachment_4418\" align=\"aligncenter\" width=\"1000\"]<img class=\"size-full wp-image-4418\" src=\"http:\/\/ranking-kosmetykow.pl\/wp-content\/uploads\/2018\/03\/Fotolia_101747630_Subscription_XXL.jpg\" alt=\"\" width=\"1000\" height=\"667\" \/> fotolia.com, #101747630 | Autor: JenkoAtaman[\/caption]\n<p align=\"justify\"><span style=\"color: #ffffff;\">.<\/span><\/p>\n\n<h3 align=\"justify\">Jak stosowa\u0107 glinki?<\/h3>\n<p align=\"justify\">Glink\u0119 kosmetyczn\u0105 stosuje si\u0119 zazwyczaj w postaci\u00a0<strong>maseczek<\/strong>. Najcz\u0119\u015bciej mo\u017cemy kupi\u0107 j\u0105 w\u00a0formie\u00a0<strong>proszku<\/strong>, kt\u00f3ry nale\u017cy wymiesza\u0107 z odrobin\u0105 toniku, wody termalnej lub hydrolatu, a po na\u0142o\u017ceniu pasty na sk\u00f3r\u0119 co jaki\u015b czas <strong>spryskiwa\u0107<\/strong> j\u0105 wybranym produktem \u2013 glinka <strong>nie<\/strong> <strong>powinna<\/strong> <strong>zaschn\u0105\u0107<\/strong> na sk\u00f3rze. Glinki nie nale\u017cy stosowa\u0107 zbyt cz\u0119sto, bo mo\u017ce ona przesuszy\u0107 sk\u00f3r\u0119. Maseczk\u0119 nale\u017cy trzyma\u0107 na sk\u00f3rze przez oko\u0142o <strong>10-15 minut<\/strong>. Pami\u0119tajmy tak\u017ce, by <strong>zmy\u0107<\/strong> j\u0105 dok\u0142adnie za pomoc\u0105 naturalnej g\u0105beczki lub wacika nas\u0105czonego wod\u0105.<\/p>","_et_gb_content_width":"","footnotes":""},"categories":[185],"tags":[],"class_list":["post-4412","post","type-post","status-publish","format-standard","has-post-thumbnail","hentry","category-codzienna-pielegnacja","et-has-post-format-content","et_post_format-et-post-format-standard"],"_links":{"self":[{"href":"https:\/\/neness.pl\/blog\/wp-json\/wp\/v2\/posts\/4412","targetHints":{"allow":["GET"]}}],"collection":[{"href":"https:\/\/neness.pl\/blog\/wp-json\/wp\/v2\/posts"}],"about":[{"href":"https:\/\/neness.pl\/blog\/wp-json\/wp\/v2\/types\/post"}],"author":[{"embeddable":true,"href":"https:\/\/neness.pl\/blog\/wp-json\/wp\/v2\/users\/2"}],"replies":[{"embeddable":true,"href":"https:\/\/neness.pl\/blog\/wp-json\/wp\/v2\/comments?post=4412"}],"version-history":[{"count":2,"href":"https:\/\/neness.pl\/blog\/wp-json\/wp\/v2\/posts\/4412\/revisions"}],"predecessor-version":[{"id":8805,"href":"https:\/\/neness.pl\/blog\/wp-json\/wp\/v2\/posts\/4412\/revisions\/8805"}],"wp:featuredmedia":[{"embeddable":true,"href":"https:\/\/neness.pl\/blog\/wp-json\/wp\/v2\/media\/4414"}],"wp:attachment":[{"href":"https:\/\/neness.pl\/blog\/wp-json\/wp\/v2\/media?parent=4412"}],"wp:term":[{"taxonomy":"category","embeddable":true,"href":"https:\/\/neness.pl\/blog\/wp-json\/wp\/v2\/categories?post=4412"},{"taxonomy":"post_tag","embeddable":true,"href":"https:\/\/neness.pl\/blog\/wp-json\/wp\/v2\/tags?post=4412"}],"curies":[{"name":"wp","href":"https:\/\/api.w.org\/{rel}","templated":true}]}}