{"id":4385,"date":"2018-03-22T14:05:15","date_gmt":"2018-03-22T13:05:15","guid":{"rendered":"http:\/\/ranking-kosmetykow.pl\/?p=4385"},"modified":"2018-03-22T14:05:15","modified_gmt":"2018-03-22T13:05:15","slug":"jak-zregenerowac-wlosy-po-zimie","status":"publish","type":"post","link":"https:\/\/neness.pl\/blog\/jak-zregenerowac-wlosy-po-zimie\/","title":{"rendered":"Jak zregenerowa\u0107 w\u0142osy po zimie?"},"content":{"rendered":"<p align=\"justify\">D\u0142ugie zimowe miesi\u0105ce nie by\u0142y \u0142askawe dla naszych w\u0142os\u00f3w. Ciep\u0142e czapki, ogrzewane pomieszczenia, uboga w warzywa i owoce dieta, a tak\u017ce mr\u00f3z i wiatr nie pozostaj\u0105 przecie\u017c bez wp\u0142ywu na stan fryzury. Co zrobi\u0107, by zregenerowa\u0107 je po zimie i zadba\u0107 o to, \u017ceby wiosn\u0105 zn\u00f3w prezentowa\u0142y si\u0119 pi\u0119knie.<\/p>\n<p align=\"justify\"><span style=\"color: #ffffff;\">.<\/span><\/p>\n<h3 align=\"justify\">Problemy w\u0142os\u00f3w po zimie<\/h3>\n<p align=\"justify\">Niekorzystne <strong>warunki zewn\u0119trzne<\/strong> sprawiaj\u0105, \u017ce po zimie wi\u0119kszo\u015b\u0107 z nas boryka si\u0119 z szeregiem problem\u00f3w zwi\u0105zanych z w\u0142osami i sk\u00f3r\u0105 g\u0142owy. Przet\u0142uszczaj\u0105ca si\u0119 skalp, rozdwojone ko\u0144c\u00f3wki, puszenie si\u0119 i elektryzowanie w\u0142os\u00f3w, a tak\u017ce ich wypadanie \u2013 to wszystko sprawia, \u017ce wygl\u0105d i stan fryzury pozostawia wiele do \u017cyczenia. Na szcz\u0119\u015bcie wystarczy zadba\u0107 o odpowiedni\u0105 <strong>piel\u0119gnacj\u0119<\/strong>, by odzyska\u0142a ona dawny, pi\u0119kny wygl\u0105d.<\/p>\n<p align=\"justify\"><span style=\"color: #ffffff;\">.<\/span><\/p>\n<h3 align=\"justify\">Przet\u0142uszczanie<\/h3>\n<p align=\"justify\"><strong>Przet\u0142uszczanie<\/strong> nie jest problemem zwi\u0105zanym z samymi w\u0142osami, a raczej ze <strong>sk\u00f3r\u0105<\/strong> <strong>g\u0142owy<\/strong>. Najcz\u0119\u015bciej spowodowane jest z noszeniem <strong>czapki<\/strong> i cz\u0119stymi zmianami temperatur. Pod nakryciem g\u0142owy, sk\u00f3ra <strong>przegrzewa<\/strong> <strong>si\u0119<\/strong>, a w konsekwencji zaczyna produkowa\u0107 coraz wi\u0119cej <strong>sebum<\/strong>. To w\u0142a\u015bnie dlatego zim\u0105 cz\u0119sto mamy problem z przet\u0142uszczaniem si\u0119 w\u0142os\u00f3w i musimy my\u0107 je <strong>cz\u0119\u015bciej<\/strong> ni\u017c wiosn\u0105 i latem.<\/p>\n<p align=\"justify\">Dlatego te\u017c zim\u0105 nale\u017cy my\u0107 w\u0142osy zgodnie z ich potrzebami, jednak nie zapominajmy, by stosowa\u0107 do tego <strong>\u0142agodne<\/strong> <strong>szampony<\/strong>, kt\u00f3re nie b\u0119d\u0105 podra\u017cnia\u0107 sk\u00f3ry g\u0142owy. Nie rezygnujmy tak\u017ce z od\u017cywek, jednak nak\u0142adajmy je na <strong>d\u0142ugo\u015b\u0107<\/strong> w\u0142os\u00f3w i <strong>ko\u0144c\u00f3wki<\/strong>, pomijaj\u0105c sk\u00f3r\u0119 g\u0142owy. Na skalp mo\u017cemy natomiast zastosowa\u0107 <strong>wcierki<\/strong>, kt\u00f3re pomog\u0105 uregulowa\u0107 prac\u0119 gruczo\u0142\u00f3w \u0142ojowych i wzmocni\u0105 cebulki w\u0142os\u00f3w.<\/p>\n<p align=\"justify\"><span style=\"color: #ffffff;\">.<\/span><\/p>\n<div id=\"attachment_4392\" style=\"width: 530px\" class=\"wp-caption aligncenter\"><a href=\"https:\/\/neness.pl\/kosmetyki\/wlosy\/szampony\/kallos_go_go_szampon_regenerujacy_wlosy_200ml.html\"><img loading=\"lazy\" decoding=\"async\" aria-describedby=\"caption-attachment-4392\" class=\" wp-image-4392\" src=\"http:\/\/ranking-kosmetykow.pl\/wp-content\/uploads\/2018\/03\/9c533dd87ec413577d848c6a1c49aa1c.jpg\" alt=\"\" width=\"520\" height=\"693\" srcset=\"https:\/\/neness.pl\/blog\/wp-content\/uploads\/2018\/03\/9c533dd87ec413577d848c6a1c49aa1c.jpg 750w, https:\/\/neness.pl\/blog\/wp-content\/uploads\/2018\/03\/9c533dd87ec413577d848c6a1c49aa1c-225x300.jpg 225w, https:\/\/neness.pl\/blog\/wp-content\/uploads\/2018\/03\/9c533dd87ec413577d848c6a1c49aa1c-610x813.jpg 610w\" sizes=\"auto, (max-width: 520px) 100vw, 520px\" \/><\/a><p id=\"caption-attachment-4392\" class=\"wp-caption-text\">Kallos Go Go Szampon Regeneruj\u0105cy W\u0142osy 200ml \/<br \/>6,50 z\u0142<\/p><\/div>\n<p align=\"justify\"><span style=\"color: #ffffff;\">.<\/span><\/p>\n<h3 align=\"justify\">Rozdwojone ko\u0144c\u00f3wki<\/h3>\n<p align=\"justify\">Po pierwsze po zimie warto um\u00f3wi\u0107 si\u0119 na wizyt\u0119 do fryzjera i <strong>podci\u0105\u0107<\/strong> zniszczone ko\u0144c\u00f3wki. Zim\u0105 niszcz\u0105 si\u0119 one szczeg\u00f3lnie \u2013 przygniatane czapk\u0105 i szalikiem, a tak\u017ce wystawione na dzia\u0142anie <strong>niekorzystnych<\/strong> warunk\u00f3w atmosferycznych. By cho\u0107 troch\u0119 poprawi\u0107 wygl\u0105d fryzury, si\u0119gnij tak\u017ce po szampony przeznaczone do w\u0142os\u00f3w <strong>suchych<\/strong> i <strong>zniszczonych<\/strong>, a tak\u017ce po maski i od\u017cywki, kt\u00f3re pomog\u0105 je <strong>zregenerowa\u0107<\/strong>.<\/p>\n<p align=\"justify\">Bardzo wa\u017cnym punktem takiej piel\u0119gnacji powinno sta\u0107 si\u0119 tak\u017ce <strong>serum<\/strong> do ko\u0144c\u00f3wek, na przyk\u0142ad z jedwabiem, lub dobrany do rodzaju w\u0142os\u00f3w olejek, kt\u00f3rym nale\u017cy zabezpieczy\u0107 ko\u0144c\u00f3wki po ka\u017cdym myciu i wysuszeniu fryzury. Nie b\u00f3jmy si\u0119 w takich produktach <strong>silikon\u00f3w<\/strong>, dzi\u0119ki kt\u00f3rym ko\u0144c\u00f3wki stan\u0105 si\u0119 g\u0142adsze i bardziej odporne na urazy mechaniczne.<\/p>\n<p align=\"justify\"><span style=\"color: #ffffff;\">.<\/span><\/p>\n<div id=\"attachment_4393\" style=\"width: 673px\" class=\"wp-caption aligncenter\"><a style=\"color: #ffffff;\" href=\"https:\/\/neness.pl\/kosmetyki\/wlosy\/odzywki_i_maski\/kallos_lab_35_maska_signature_wzmacniajaca_wlosy_250ml.html\"><img loading=\"lazy\" decoding=\"async\" aria-describedby=\"caption-attachment-4393\" class=\"wp-image-4393\" src=\"http:\/\/ranking-kosmetykow.pl\/wp-content\/uploads\/2018\/03\/edfa100f50999b65b8e14ffe44f701be.jpg\" alt=\"\" width=\"663\" height=\"884\" srcset=\"https:\/\/neness.pl\/blog\/wp-content\/uploads\/2018\/03\/edfa100f50999b65b8e14ffe44f701be.jpg 750w, https:\/\/neness.pl\/blog\/wp-content\/uploads\/2018\/03\/edfa100f50999b65b8e14ffe44f701be-225x300.jpg 225w, https:\/\/neness.pl\/blog\/wp-content\/uploads\/2018\/03\/edfa100f50999b65b8e14ffe44f701be-610x813.jpg 610w\" sizes=\"auto, (max-width: 663px) 100vw, 663px\" \/><\/a><p id=\"caption-attachment-4393\" class=\"wp-caption-text\"><span style=\"color: #ffffff;\">KALLOS LAB 35 Maska Signature Wzmacniaj\u0105ca W\u0142osy 250ml \/ 12,50 z\u0142<\/span><\/p><\/div>\n<p align=\"justify\"><span style=\"color: #ffffff;\">.<\/span><\/p>\n<h3 align=\"justify\">Wypadanie w\u0142os\u00f3w<\/h3>\n<p align=\"justify\">To, \u017ce codziennie tracimy kilkadziesi\u0105t w\u0142os\u00f3w, jest zupe\u0142nie <strong>normalne<\/strong> i nie musimy si\u0119 tym przejmowa\u0107. Jednak zim\u0105 lub tu\u017c po niej, cz\u0119sto utrata w\u0142os\u00f3w si\u0119 nasila. Dzieje si\u0119 tak, poniewa\u017c w\u0142a\u015bnie wtedy gruczo\u0142y <strong>nie<\/strong> <strong>nad\u0105\u017caj\u0105<\/strong> z produkcj\u0105 sebum, w\u0142osy staj\u0105 si\u0119 suche i zniszczone, a do cebulek \u2013 chocia\u017cby ze wzgl\u0119du na ubo\u017csz\u0105 diet\u0119 i mr\u00f3z na zewn\u0105trz, dociera <strong>mniej<\/strong> sk\u0142adnik\u00f3w od\u017cywczych.<\/p>\n<p align=\"justify\">Podobnie jak w przypadku przet\u0142uszczania si\u0119 w\u0142os\u00f3w, warto si\u0119gn\u0105\u0107 po <strong>wcierki<\/strong> lub <strong>ampu\u0142ki<\/strong>, kt\u00f3re pomog\u0105 od\u017cywi\u0107 sk\u00f3r\u0119 g\u0142owy i <strong>cebulki<\/strong> w\u0142os\u00f3w. Pami\u0119taj jednak, \u017ce je\u017celi zauwa\u017cysz, \u017ce w\u0142os\u00f3w wypada naprawd\u0119 du\u017co i\u00a0wypadanie nie zmniejsza si\u0119 nawet\u00a0po nadej\u015bciu wiosny, warto um\u00f3wi\u0107 si\u0119 na wizyt\u0119 u <strong>dermatologa<\/strong>.<\/p>\n<p align=\"justify\"><span style=\"color: #ffffff;\">.<\/span><\/p>\n<div id=\"attachment_4394\" style=\"width: 658px\" class=\"wp-caption aligncenter\"><a href=\"https:\/\/neness.pl\/kosmetyki\/wlosy\/olejki\/kallos_restorative_milk_wzmacniajace_mleczko_300_ml.html\"><img loading=\"lazy\" decoding=\"async\" aria-describedby=\"caption-attachment-4394\" class=\" wp-image-4394\" src=\"http:\/\/ranking-kosmetykow.pl\/wp-content\/uploads\/2018\/03\/5867cf979851a7ac7fbc61e202e88529.jpg\" alt=\"\" width=\"648\" height=\"864\" srcset=\"https:\/\/neness.pl\/blog\/wp-content\/uploads\/2018\/03\/5867cf979851a7ac7fbc61e202e88529.jpg 750w, https:\/\/neness.pl\/blog\/wp-content\/uploads\/2018\/03\/5867cf979851a7ac7fbc61e202e88529-225x300.jpg 225w, https:\/\/neness.pl\/blog\/wp-content\/uploads\/2018\/03\/5867cf979851a7ac7fbc61e202e88529-610x813.jpg 610w\" sizes=\"auto, (max-width: 648px) 100vw, 648px\" \/><\/a><p id=\"caption-attachment-4394\" class=\"wp-caption-text\">Kallos Restorative Milk Wzmacniaj\u0105ce Mleczko 300 ml \/<br \/>12,90 z\u0142<\/p><\/div>\n<p align=\"justify\"><span style=\"color: #ffffff;\">.<\/span><\/p>\n<h3 align=\"justify\">Puszenie i elektryzowanie w\u0142os\u00f3w<\/h3>\n<p align=\"justify\">Zim\u0105 w\u0142osy poprzez pocieranie o ubrania i siebie nawzajem wytwarzaj\u0105 <strong>\u0142adunki<\/strong> <strong>elektryczne<\/strong>, kt\u00f3re sprawiaj\u0105, \u017ce w\u0142osy odpychaj\u0105 si\u0119 od siebie, a w konsekwencji <strong>pusz\u0105<\/strong> <strong>si\u0119<\/strong> i charakterystycznie \u201estrzelaj\u0105\u201d podczas czesania. By nieco ograniczy\u0107 to zjawisko, nale\u017cy zafundowa\u0107 fryzurze <strong>kuracje<\/strong> <strong>nawil\u017caj\u0105c\u0105<\/strong>\u00a0i od\u017cywiaj\u0105c\u0105, kt\u00f3ra pomo\u017ce zregenerowa\u0107 fryzur\u0119.<\/p>\n<p align=\"justify\">Si\u0119gnij wi\u0119c po mocno nawil\u017caj\u0105c\u0105 <strong>mask\u0119<\/strong> \u2013 wystarczy, \u017ce potrzymasz j\u0105 na w\u0142osach raz w tygodniu przez co najmniej kilkana\u015bcie minut, a po na\u0142o\u017ceniu produktu zawiniesz w\u0142osy w r\u0119cznik. Dla lepszego efektu mo\u017cesz <strong>podgrza\u0107<\/strong> taki turban ciep\u0142ym strumieniem powietrza z suszarki do w\u0142os\u00f3w. Pami\u0119taj, \u017ce w\u0142osy cz\u0119\u015bciej <strong>elektryzuj\u0105<\/strong> si\u0119 w kontakcie ze sztucznymi tkaniami, na przyk\u0142ad akrylowym swetrem, szalikiem lub czapk\u0105.<\/p>\n","protected":false},"excerpt":{"rendered":"<p>D\u0142ugie zimowe miesi\u0105ce nie by\u0142y \u0142askawe dla naszych w\u0142os\u00f3w. Ciep\u0142e czapki, ogrzewane pomieszczenia, uboga w warzywa i owoce dieta, a tak\u017ce mr\u00f3z i wiatr nie pozostaj\u0105 przecie\u017c bez wp\u0142ywu na stan fryzury. Co zrobi\u0107, by zregenerowa\u0107 je po zimie i zadba\u0107 o to, \u017ceby wiosn\u0105 zn\u00f3w prezentowa\u0142y si\u0119 pi\u0119knie. . Problemy w\u0142os\u00f3w po zimie Niekorzystne [&hellip;]<\/p>\n","protected":false},"author":2,"featured_media":4387,"comment_status":"open","ping_status":"open","sticky":false,"template":"","format":"standard","meta":{"_et_pb_use_builder":"","_et_pb_old_content":"","_et_gb_content_width":"","footnotes":""},"categories":[48],"tags":[],"class_list":["post-4385","post","type-post","status-publish","format-standard","has-post-thumbnail","hentry","category-wlosy-idealne","et-has-post-format-content","et_post_format-et-post-format-standard"],"_links":{"self":[{"href":"https:\/\/neness.pl\/blog\/wp-json\/wp\/v2\/posts\/4385","targetHints":{"allow":["GET"]}}],"collection":[{"href":"https:\/\/neness.pl\/blog\/wp-json\/wp\/v2\/posts"}],"about":[{"href":"https:\/\/neness.pl\/blog\/wp-json\/wp\/v2\/types\/post"}],"author":[{"embeddable":true,"href":"https:\/\/neness.pl\/blog\/wp-json\/wp\/v2\/users\/2"}],"replies":[{"embeddable":true,"href":"https:\/\/neness.pl\/blog\/wp-json\/wp\/v2\/comments?post=4385"}],"version-history":[{"count":0,"href":"https:\/\/neness.pl\/blog\/wp-json\/wp\/v2\/posts\/4385\/revisions"}],"wp:featuredmedia":[{"embeddable":true,"href":"https:\/\/neness.pl\/blog\/wp-json\/wp\/v2\/media\/4387"}],"wp:attachment":[{"href":"https:\/\/neness.pl\/blog\/wp-json\/wp\/v2\/media?parent=4385"}],"wp:term":[{"taxonomy":"category","embeddable":true,"href":"https:\/\/neness.pl\/blog\/wp-json\/wp\/v2\/categories?post=4385"},{"taxonomy":"post_tag","embeddable":true,"href":"https:\/\/neness.pl\/blog\/wp-json\/wp\/v2\/tags?post=4385"}],"curies":[{"name":"wp","href":"https:\/\/api.w.org\/{rel}","templated":true}]}}