{"id":4353,"date":"2018-03-20T13:26:44","date_gmt":"2018-03-20T12:26:44","guid":{"rendered":"http:\/\/ranking-kosmetykow.pl\/?p=4353"},"modified":"2018-03-20T13:26:44","modified_gmt":"2018-03-20T12:26:44","slug":"wlosy-farbowane-jakich-kosmetykow-uzywac","status":"publish","type":"post","link":"https:\/\/neness.pl\/blog\/wlosy-farbowane-jakich-kosmetykow-uzywac\/","title":{"rendered":"W\u0142osy farbowane \u2013 jakich kosmetyk\u00f3w u\u017cywa\u0107?"},"content":{"rendered":"<p align=\"justify\">Ka\u017cda z nas chcia\u0142aby m\u00f3c jak najd\u0142u\u017cej cieszy\u0107 si\u0119 pi\u0119knymi w\u0142osami. Aby uzyska\u0107 wymarzony kolor, bardzo cz\u0119sto poddajemy je przer\u00f3\u017cnym zabiegom, w tym tak\u017ce zmianom koloru. Niestety zar\u00f3wno farbowanie, jak i rozja\u015bnianie w\u0142os\u00f3w mo\u017ce niekorzystnie wp\u0142ywa\u0107 na struktur\u0119 w\u0142osa i w efekcie zamiast pi\u0119knej, l\u015bni\u0105cej i zadbanej burzy lok\u00f3w, ko\u0144czymy z czym\u015b, co przypomina raczej st\u00f3g siana. Jak dba\u0107 o w\u0142osy farbowane, by mimo inwazyjnych zabieg\u00f3w fryzura wci\u0105\u017c wygl\u0105da\u0142a pi\u0119knie?<\/p>\n<p align=\"justify\"><span style=\"color: #ffffff;\">.<\/span><\/p>\n<h3 align=\"justify\">Od czego zacz\u0105\u0107?<\/h3>\n<p align=\"justify\">Po wyj\u015bciu od fryzjera w\u0142osy farbowane zawsze <strong>wygl\u0105daj\u0105<\/strong> pi\u0119knie. B\u0142yszcz\u0105, s\u0105 g\u0142adkie, a kolor wyj\u0105tkowo <strong>intensywny<\/strong>. Jednak bez odpowiedniej piel\u0119gnacji w domu, ju\u017c po kilku myciach zaczynaj\u0105 szybko <strong>traci\u0107<\/strong> po\u0142ysk, farba wyp\u0142ukuje si\u0119, a my po kilku tygodniach \u017ca\u0142ujemy, \u017ce w og\u00f3le zdecydowa\u0142y\u015bmy si\u0119 na farbowanie. Na szcz\u0119\u015bcie wystarczy, \u017ce si\u0119gniemy po <strong>odpowiednie<\/strong> kosmetyki, a nawet farbowane w\u0142osy zachowaj\u0105 pi\u0119kny i zdrowy wygl\u0105d. Wa\u017cne, by wszystkie zabiegi wykonywa\u0107 <strong>systematycznie<\/strong> i wybiera\u0107 produkty odpowiadaj\u0105ce potrzebom fryzury.<\/p>\n<p align=\"justify\"><span style=\"color: #ffffff;\">.<\/span><\/p>\n<div id=\"attachment_4357\" style=\"width: 620px\" class=\"wp-caption aligncenter\"><a href=\"https:\/\/neness.pl\/kosmetyki\/wlosy\/szampony\/kallos_botaniq_superfruits_szampon_300ml.html\"><img loading=\"lazy\" decoding=\"async\" aria-describedby=\"caption-attachment-4357\" class=\" wp-image-4357\" src=\"http:\/\/ranking-kosmetykow.pl\/wp-content\/uploads\/2018\/03\/16bbc0671f1dd8737ae175b4a104ef09.jpg\" alt=\"\" width=\"610\" height=\"813\" srcset=\"https:\/\/neness.pl\/blog\/wp-content\/uploads\/2018\/03\/16bbc0671f1dd8737ae175b4a104ef09.jpg 750w, https:\/\/neness.pl\/blog\/wp-content\/uploads\/2018\/03\/16bbc0671f1dd8737ae175b4a104ef09-225x300.jpg 225w, https:\/\/neness.pl\/blog\/wp-content\/uploads\/2018\/03\/16bbc0671f1dd8737ae175b4a104ef09-610x813.jpg 610w\" sizes=\"auto, (max-width: 610px) 100vw, 610px\" \/><\/a><p id=\"caption-attachment-4357\" class=\"wp-caption-text\">Kallos Botaniq Superfruits Szampon 300ml \/<br \/>9,99 z\u0142<\/p><\/div>\n<p align=\"justify\"><span style=\"color: #ffffff;\">.<\/span><\/p>\n<h3 align=\"justify\"><span style=\"color: #ffffff;\">.<\/span><\/h3>\n<h3 align=\"justify\">Mycie<\/h3>\n<p align=\"justify\">Po pierwsze, <strong>cz\u0119stotliwo\u015b\u0107<\/strong> mycia w\u0142os\u00f3w dopasuj do swojej fryzury. Je\u017celi nie potrzebuj\u0105 one codziennego mycia, staraj si\u0119 tego nie robi\u0107. Im cz\u0119\u015bciej bowiem myjesz w\u0142osy farbowane, tym szybciej wyp\u0142ukuje si\u0119 z nich kolor, a sama fryzura i sk\u00f3ra g\u0142owy mog\u0105 szybko si\u0119 przesuszy\u0107. Pami\u0119taj jednak, by nie my\u0107 ich zbyt rzadko \u2013 wtedy w\u0142osy b\u0119d\u0105 oklapni\u0119te.<\/p>\n<p align=\"justify\">Do mycia\u00a0wybierz szampony przeznaczone do <strong>w\u0142os\u00f3w farbowanych<\/strong>. Pami\u0119taj, \u017ce silne detergenty mog\u0105 wp\u0142ywa\u0107 na szybsze wyp\u0142ukiwanie si\u0119 koloru. Specjalne szampony nie tylko zawieraj\u0105 sk\u0142adniki zapobiegaj\u0105ce bledni\u0119ciu, ale tak\u017ce mog\u0105 nawet <strong>przed\u0142u\u017cy\u0107<\/strong> trwa\u0142o\u015b\u0107 koloryzacji. W\u0142osy sp\u0142ukuj letni\u0105 wod\u0105, co pomo\u017ce domkn\u0105\u0107 \u0142uski w\u0142os\u00f3w.<\/p>\n<p align=\"justify\"><span style=\"color: #ffffff;\">.<\/span><\/p>\n<div id=\"attachment_4358\" style=\"width: 555px\" class=\"wp-caption aligncenter\"><a href=\"https:\/\/neness.pl\/kosmetyki\/wlosy\/odzywki_i_maski\/kallos_odzywka_rewitalizujaca_superfruits_conditioner_300ml.html\"><img loading=\"lazy\" decoding=\"async\" aria-describedby=\"caption-attachment-4358\" class=\" wp-image-4358\" src=\"http:\/\/ranking-kosmetykow.pl\/wp-content\/uploads\/2018\/03\/f32ca89d6d72d675cf41331a9d02fc25.jpg\" alt=\"\" width=\"545\" height=\"727\" srcset=\"https:\/\/neness.pl\/blog\/wp-content\/uploads\/2018\/03\/f32ca89d6d72d675cf41331a9d02fc25.jpg 750w, https:\/\/neness.pl\/blog\/wp-content\/uploads\/2018\/03\/f32ca89d6d72d675cf41331a9d02fc25-225x300.jpg 225w, https:\/\/neness.pl\/blog\/wp-content\/uploads\/2018\/03\/f32ca89d6d72d675cf41331a9d02fc25-610x813.jpg 610w\" sizes=\"auto, (max-width: 545px) 100vw, 545px\" \/><\/a><p id=\"caption-attachment-4358\" class=\"wp-caption-text\">Kallos Od\u017cywka Rewitalizuj\u0105ca Superfruits Conditioner 300ml \/<br \/>11,99 z\u0142<\/p><\/div>\n<p align=\"justify\"><span style=\"color: #ffffff;\">.<\/span><\/p>\n<h3 align=\"justify\">Od\u017cywienie<\/h3>\n<p align=\"justify\">W przypadku w\u0142os\u00f3w farbowanych, a ju\u017c zw\u0142aszcza rozja\u015bnianych odpowiednie <strong>od\u017cywienie<\/strong> to podstawa. Opr\u00f3cz od\u017cywki, kt\u00f3r\u0105 powinna\u015b zastosowa\u0107 po ka\u017cdym myciu, warto raz lub dwa razy w tygodniu si\u0119gn\u0105\u0107 po <strong>regeneracyjn\u0105<\/strong> <strong>mask\u0119<\/strong>. Skup si\u0119 szczeg\u00f3lnie na ko\u0144c\u00f3wkach, bo to one s\u0105 zazwyczaj najbardziej przesuszone i zniszczone. Podobnie jak w przypadku szamponu, wybieraj <strong>produkty chroni\u0105ce<\/strong> kolor. Co jaki\u015b czas mo\u017cesz si\u0119gn\u0105\u0107 tak\u017ce po preparat z <strong>keratyn\u0105<\/strong>, kt\u00f3ry pomo\u017ce odbudowa\u0107 struktur\u0119 w\u0142osa. Dobrze, je\u015bli produkt b\u0119dzie tak\u017ce dopasowany do koloru w\u0142os\u00f3w.<\/p>\n<p align=\"justify\">Warto r\u00f3wnie\u017c wybra\u0107 od\u017cywk\u0119, kt\u00f3ra b\u0119dzie chroni\u0142a w\u0142osy przed <strong>promieniowaniem<\/strong> <strong>UV<\/strong>. W s\u0142oneczne dni mo\u017cesz si\u0119gn\u0105\u0107 te\u017c po mgie\u0142k\u0119 z wysokim filtrem.<\/p>\n<p align=\"justify\"><span style=\"color: #ffffff;\">.<\/span><\/p>\n<div id=\"attachment_4359\" style=\"width: 600px\" class=\"wp-caption aligncenter\"><a href=\"https:\/\/neness.pl\/kosmetyki\/wlosy\/olejki\/kallos_olejek_blossy_olej_krysztalowy_do_pielegnacji_blond_wlosow_80ml.html\"><img loading=\"lazy\" decoding=\"async\" aria-describedby=\"caption-attachment-4359\" class=\" wp-image-4359\" src=\"http:\/\/ranking-kosmetykow.pl\/wp-content\/uploads\/2018\/03\/456c2c493bd7d5926b4ac88eb1c0363b.jpg\" alt=\"\" width=\"590\" height=\"787\" srcset=\"https:\/\/neness.pl\/blog\/wp-content\/uploads\/2018\/03\/456c2c493bd7d5926b4ac88eb1c0363b.jpg 750w, https:\/\/neness.pl\/blog\/wp-content\/uploads\/2018\/03\/456c2c493bd7d5926b4ac88eb1c0363b-225x300.jpg 225w, https:\/\/neness.pl\/blog\/wp-content\/uploads\/2018\/03\/456c2c493bd7d5926b4ac88eb1c0363b-610x813.jpg 610w\" sizes=\"auto, (max-width: 590px) 100vw, 590px\" \/><\/a><p id=\"caption-attachment-4359\" class=\"wp-caption-text\">Kallos Olejek Blossy Olej kryszta\u0142owy do Piel\u0119gnacji Blond W\u0142os\u00f3w 80ml \/<br \/>21,90 z\u0142<\/p><\/div>\n<p align=\"justify\"><span style=\"color: #ffffff;\">.<\/span><\/p>\n<h3 align=\"justify\">Inne zabiegi<\/h3>\n<p align=\"justify\">W przypadku w\u0142os\u00f3w farbowanych, w ich regeneracji pom\u00f3c mo\u017ce tak\u017ce systematyczne <a href=\"http:\/\/ranking-kosmetykow.pl\/2018\/01\/08\/olejowanie-wlosow-krotki-poradnik\/\"><strong>olejowanie<\/strong><\/a>, o kt\u00f3rym pisali\u015bmy ju\u017c w jednym z naszych poprzednich artyku\u0142\u00f3w. Warto tak\u017ce raz na jaki\u015b czas si\u0119gn\u0105\u0107 po domowe sposoby, takie jak <strong>zio\u0142owe<\/strong> <strong>p\u0142ukanki<\/strong>, na przyk\u0142ad z rumianku do w\u0142os\u00f3w blond, czy z kasztanowca w przypadku w\u0142os\u00f3w rudych. Po kilku tygodniach od farbowania mo\u017cesz tak\u017ce si\u0119gn\u0105\u0107 po specjalne p\u0142ukanki i od\u017cywki zawieraj\u0105ce <strong>pigmenty<\/strong> odbudowuj\u0105ce kolor.<\/p>\n<p align=\"justify\">Pami\u0119taj tak\u017ce, by po ka\u017cdym myciu i wysuszeniu fryzury\u00a0<strong>zabezpieczy\u0107<\/strong> ko\u0144c\u00f3wki w\u0142os\u00f3w odpowiednim serum lub olejkiem.<\/p>\n<p align=\"justify\">Mo\u017cesz tak\u017ce w\u0142\u0105czy\u0107 do swojej diety <strong>suplementy<\/strong> z witaminami, a tak\u017ce zadba\u0107 o to, co jesz, by od\u017cywi\u0107 w\u0142osy od wewn\u0105trz. Pomocne b\u0119d\u0105 witaminy z grupy B, witamina C, E i A, a tak\u017ce cynk, krzem oraz \u017celazo.<\/p>\n<p align=\"justify\"><span style=\"color: #ffffff;\">.<\/span><\/p>\n<div id=\"attachment_4360\" style=\"width: 598px\" class=\"wp-caption aligncenter\"><a href=\"https:\/\/neness.pl\/kosmetyki\/wlosy\/olejki\/kallos_elixir_olejek_upiekszajacy_do_wlosow_50ml.html\"><img loading=\"lazy\" decoding=\"async\" aria-describedby=\"caption-attachment-4360\" class=\" wp-image-4360\" src=\"http:\/\/ranking-kosmetykow.pl\/wp-content\/uploads\/2018\/03\/3dffdf862b5c014ff9b903ac6748f878.jpg\" alt=\"\" width=\"588\" height=\"784\" srcset=\"https:\/\/neness.pl\/blog\/wp-content\/uploads\/2018\/03\/3dffdf862b5c014ff9b903ac6748f878.jpg 750w, https:\/\/neness.pl\/blog\/wp-content\/uploads\/2018\/03\/3dffdf862b5c014ff9b903ac6748f878-225x300.jpg 225w, https:\/\/neness.pl\/blog\/wp-content\/uploads\/2018\/03\/3dffdf862b5c014ff9b903ac6748f878-610x813.jpg 610w\" sizes=\"auto, (max-width: 588px) 100vw, 588px\" \/><\/a><p id=\"caption-attachment-4360\" class=\"wp-caption-text\">Kallos Elixir Olejek Upi\u0119kszaj\u0105cy do W\u0142os\u00f3w 50ml \/<br \/>14,50 z\u0142<\/p><\/div>\n","protected":false},"excerpt":{"rendered":"<p>Ka\u017cda z nas chcia\u0142aby m\u00f3c jak najd\u0142u\u017cej cieszy\u0107 si\u0119 pi\u0119knymi w\u0142osami. Aby uzyska\u0107 wymarzony kolor, bardzo cz\u0119sto poddajemy je przer\u00f3\u017cnym zabiegom, w tym tak\u017ce zmianom koloru. Niestety zar\u00f3wno farbowanie, jak i rozja\u015bnianie w\u0142os\u00f3w mo\u017ce niekorzystnie wp\u0142ywa\u0107 na struktur\u0119 w\u0142osa i w efekcie zamiast pi\u0119knej, l\u015bni\u0105cej i zadbanej burzy lok\u00f3w, ko\u0144czymy z czym\u015b, co przypomina raczej [&hellip;]<\/p>\n","protected":false},"author":2,"featured_media":4354,"comment_status":"open","ping_status":"open","sticky":false,"template":"","format":"standard","meta":{"_et_pb_use_builder":"","_et_pb_old_content":"","_et_gb_content_width":"","footnotes":""},"categories":[48],"tags":[],"class_list":["post-4353","post","type-post","status-publish","format-standard","has-post-thumbnail","hentry","category-wlosy-idealne","et-has-post-format-content","et_post_format-et-post-format-standard"],"_links":{"self":[{"href":"https:\/\/neness.pl\/blog\/wp-json\/wp\/v2\/posts\/4353","targetHints":{"allow":["GET"]}}],"collection":[{"href":"https:\/\/neness.pl\/blog\/wp-json\/wp\/v2\/posts"}],"about":[{"href":"https:\/\/neness.pl\/blog\/wp-json\/wp\/v2\/types\/post"}],"author":[{"embeddable":true,"href":"https:\/\/neness.pl\/blog\/wp-json\/wp\/v2\/users\/2"}],"replies":[{"embeddable":true,"href":"https:\/\/neness.pl\/blog\/wp-json\/wp\/v2\/comments?post=4353"}],"version-history":[{"count":0,"href":"https:\/\/neness.pl\/blog\/wp-json\/wp\/v2\/posts\/4353\/revisions"}],"wp:featuredmedia":[{"embeddable":true,"href":"https:\/\/neness.pl\/blog\/wp-json\/wp\/v2\/media\/4354"}],"wp:attachment":[{"href":"https:\/\/neness.pl\/blog\/wp-json\/wp\/v2\/media?parent=4353"}],"wp:term":[{"taxonomy":"category","embeddable":true,"href":"https:\/\/neness.pl\/blog\/wp-json\/wp\/v2\/categories?post=4353"},{"taxonomy":"post_tag","embeddable":true,"href":"https:\/\/neness.pl\/blog\/wp-json\/wp\/v2\/tags?post=4353"}],"curies":[{"name":"wp","href":"https:\/\/api.w.org\/{rel}","templated":true}]}}