{"id":4343,"date":"2018-03-19T12:56:56","date_gmt":"2018-03-19T11:56:56","guid":{"rendered":"http:\/\/ranking-kosmetykow.pl\/?p=4343"},"modified":"2018-03-19T12:56:56","modified_gmt":"2018-03-19T11:56:56","slug":"wiosenne-trendy-na-paznokciach","status":"publish","type":"post","link":"https:\/\/neness.pl\/blog\/wiosenne-trendy-na-paznokciach\/","title":{"rendered":"Wiosenne trendy na paznokciach"},"content":{"rendered":"<p>Cho\u0107 za oknem nadal ch\u0142odno, to wed\u0142ug kalendarza wiosna rozpocznie si\u0119 lada dzie\u0144. Najwy\u017cszy wi\u0119c czas, by zago\u015bci\u0142a tak\u017ce na paznokciach! Jakie kolory b\u0119dziemy nosi\u0107 w tym sezonie i czym zaskoczyli nas w tym roku projektanci mody? Postawi\u0107 na mat czy po\u0142ysk? Z dzisiejszego artyku\u0142u dowiecie si\u0119 jakie paznokcie b\u0119d\u0105 najmodniejsze tegorocznej wiosny.<\/p>\n<p>&nbsp;<\/p>\n<h3>Mat czy po\u0142ysk?<\/h3>\n<p>Chyba nikogo nie zaskoczymy, pisz\u0105c, \u017ce, podobnie jak przez kilka ostatnich sezon\u00f3w, tak\u017ce w tym nadal z ch\u0119ci\u0105 b\u0119dziemy si\u0119ga\u0107 po <strong>lakiery brokatowe<\/strong>. Wiosn\u0105 tego roku najmodniejsze b\u0119d\u0105 drobinki w odcieniach <strong>z\u0142ota i srebra<\/strong>, a tak\u017ce lakiery metaliczne.<\/p>\n<p>Jednak poza brokatem, pojawi\u0142 si\u0119 tak\u017ce inny trend \u0142\u0105cz\u0105cy w jednym <strong>po\u0142ysk<\/strong> i <strong>mat<\/strong>. Je\u015bli nie mo\u017cesz si\u0119 zdecydowa\u0107, pomaluj wszystkie paznokcie czarnym kolorem, a nast\u0119pnie trzy wyko\u0144cz matowym top coatem. Na pozosta\u0142e dwa na\u0142\u00f3\u017c lakier o wyko\u0144czeniu b\u0142yszcz\u0105cym lub pomaluj je lakierem z b\u0142yszcz\u0105cymi drobinkami. To jedno z najmodniejszych po\u0142\u0105cze\u0144 tej wiosny.<\/p>\n<p>&nbsp;<\/p>\n<div id=\"attachment_4347\" style=\"width: 550px\" class=\"wp-caption aligncenter\"><a href=\"https:\/\/neness.pl\/kosmetyki\/paznokcie\/lakiery_do_paznokci\/hybrydy_chiodo_pro_lakier_hybrydowy_do_paznokci_54.html\"><img loading=\"lazy\" decoding=\"async\" aria-describedby=\"caption-attachment-4347\" class=\" wp-image-4347\" src=\"http:\/\/ranking-kosmetykow.pl\/wp-content\/uploads\/2018\/03\/abf19727673087a09fbc8956414170e9.jpg\" alt=\"\" width=\"540\" height=\"720\" srcset=\"https:\/\/neness.pl\/blog\/wp-content\/uploads\/2018\/03\/abf19727673087a09fbc8956414170e9.jpg 750w, https:\/\/neness.pl\/blog\/wp-content\/uploads\/2018\/03\/abf19727673087a09fbc8956414170e9-225x300.jpg 225w, https:\/\/neness.pl\/blog\/wp-content\/uploads\/2018\/03\/abf19727673087a09fbc8956414170e9-610x813.jpg 610w\" sizes=\"auto, (max-width: 540px) 100vw, 540px\" \/><\/a><p id=\"caption-attachment-4347\" class=\"wp-caption-text\">HYBRYDY CHIODO PRO LAKIER HYBRYDOWY DO PAZNOKCI 54 \/<br \/>24,90 z\u0142<\/p><\/div>\n<p>&nbsp;<\/p>\n<h3>Jakie kolory?<\/h3>\n<p>Dla tych z nas, kt\u00f3re lubi\u0105 <strong>minimalizm<\/strong> i najch\u0119tniej stawiaj\u0105 na paznokcie pomalowane w ca\u0142o\u015bci na ten sam kolor, na pewno najwa\u017cniejsza jest informacja, kt\u00f3re odcienie b\u0119d\u0105 w tym sezonie najmodniejsze.<\/p>\n<p>Tradycyjnie ju\u017c wiosn\u0105 cz\u0119\u015bciej b\u0119dziemy stawia\u0107 na <strong>pastele<\/strong>. Szczeg\u00f3lnie modne b\u0119d\u0105 w tym roku delikatny r\u00f3\u017c, jasny b\u0142\u0119kit, a tak\u017ce rozbielony fiolet.<\/p>\n<p>&nbsp;<\/p>\n<div id=\"attachment_4348\" style=\"width: 571px\" class=\"wp-caption aligncenter\"><a href=\"https:\/\/neness.pl\/kosmetyki\/paznokcie\/lakiery_do_paznokci\/chiodo_pro_soft_lakier_hybrydowy_po_paznokci_181.html\"><img loading=\"lazy\" decoding=\"async\" aria-describedby=\"caption-attachment-4348\" class=\" wp-image-4348\" src=\"http:\/\/ranking-kosmetykow.pl\/wp-content\/uploads\/2018\/03\/80f0e208d0495bc7fbd37502e2d38e2a.jpg\" alt=\"\" width=\"561\" height=\"748\" srcset=\"https:\/\/neness.pl\/blog\/wp-content\/uploads\/2018\/03\/80f0e208d0495bc7fbd37502e2d38e2a.jpg 750w, https:\/\/neness.pl\/blog\/wp-content\/uploads\/2018\/03\/80f0e208d0495bc7fbd37502e2d38e2a-225x300.jpg 225w, https:\/\/neness.pl\/blog\/wp-content\/uploads\/2018\/03\/80f0e208d0495bc7fbd37502e2d38e2a-610x813.jpg 610w\" sizes=\"auto, (max-width: 561px) 100vw, 561px\" \/><\/a><p id=\"caption-attachment-4348\" class=\"wp-caption-text\">CHIODO PRO SOFT LAKIER HYBRYDOWY PO PAZNOKCI 181 \/<br \/>24,90 z\u0142<\/p><\/div>\n<p>&nbsp;<\/p>\n<p>Nie mo\u017cemy tak\u017ce zapomina\u0107, \u017ce kolorem tego roku, zaproponowanym przez Instytut Pantone jest elektryzuj\u0105cy <strong>Ultra Violet<\/strong>, kt\u00f3ry zago\u015bci\u0142 oczywi\u015bcie tak\u017ce na paznokciach.<\/p>\n<p>Ponadczasow\u0105 czerwie\u0144 i odcienie czerwonego wina oraz burgund, zamienimy wiosn\u0105 na <strong>oran\u017c<\/strong>, <strong>karmin<\/strong>, czerwie\u0144 w ja\u015bniejszych odcieniach oraz ognisty pomara\u0144cz.<\/p>\n<p>Warto tak\u017ce wspomnie\u0107, \u017ce wybiegi podbija tak\u017ce trend na <strong>manekin manicure<\/strong>, czyli paznokcie w odcieniu idealnie dopasowanym do koloru naszej sk\u00f3ry. To idealne rozwi\u0105zanie dla minimalistek, a tak\u017ce jako manicure do pracy!<\/p>\n<p>&nbsp;<\/p>\n<div id=\"attachment_4350\" style=\"width: 498px\" class=\"wp-caption aligncenter\"><a href=\"https:\/\/neness.pl\/kosmetyki\/paznokcie\/lakiery_do_paznokci\/lakier_hybrydowy_chiodo_pro_soft_base_6_ml_-_podkladowy.html\"><img loading=\"lazy\" decoding=\"async\" aria-describedby=\"caption-attachment-4350\" class=\" wp-image-4350\" src=\"http:\/\/ranking-kosmetykow.pl\/wp-content\/uploads\/2018\/03\/81799d7c6b24ec77bc8fc2794905132f.jpg\" alt=\"\" width=\"488\" height=\"651\" srcset=\"https:\/\/neness.pl\/blog\/wp-content\/uploads\/2018\/03\/81799d7c6b24ec77bc8fc2794905132f.jpg 750w, https:\/\/neness.pl\/blog\/wp-content\/uploads\/2018\/03\/81799d7c6b24ec77bc8fc2794905132f-225x300.jpg 225w, https:\/\/neness.pl\/blog\/wp-content\/uploads\/2018\/03\/81799d7c6b24ec77bc8fc2794905132f-610x813.jpg 610w\" sizes=\"auto, (max-width: 488px) 100vw, 488px\" \/><\/a><p id=\"caption-attachment-4350\" class=\"wp-caption-text\">LAKIER HYBRYDOWY CHIODO PRO SOFT BASE 6 ML &#8211; PODK\u0141ADOWY \/<br \/>24,90 z\u0142<\/p><\/div>\n<p>&nbsp;<\/p>\n<h3>Najmodniejsze wzory<\/h3>\n<p>W tym roku na wybiegi powr\u00f3ci\u0142 klasyczny manicure francuski, zwany tak\u017ce<strong> frenchem<\/strong>. Jednak zamiast tradycyjnej ods\u0142ony, wiosn\u0105 do jego wykonania b\u0119dziemy u\u017cywa\u0107 <strong>kolorowych<\/strong> <strong>lakier\u00f3w<\/strong> do pomalowania ko\u0144c\u00f3wek paznokci. Najcz\u0119\u015bciej na wybiegach pojawia\u0142y si\u0119 te w odcieniach intensywnego r\u00f3\u017cu, turkusu i srebra.<\/p>\n<p>&nbsp;<\/p>\n<div id=\"attachment_4349\" style=\"width: 540px\" class=\"wp-caption aligncenter\"><a href=\"https:\/\/neness.pl\/kosmetyki\/paznokcie\/lakiery_do_paznokci\/hybrydy_chiodo_pro_lakier_hybrydowy_do_paznokci_134.html\"><img loading=\"lazy\" decoding=\"async\" aria-describedby=\"caption-attachment-4349\" class=\" wp-image-4349\" src=\"http:\/\/ranking-kosmetykow.pl\/wp-content\/uploads\/2018\/03\/396b0e72c52d383bcdacd89afcdcb042.jpg\" alt=\"\" width=\"530\" height=\"707\" srcset=\"https:\/\/neness.pl\/blog\/wp-content\/uploads\/2018\/03\/396b0e72c52d383bcdacd89afcdcb042.jpg 750w, https:\/\/neness.pl\/blog\/wp-content\/uploads\/2018\/03\/396b0e72c52d383bcdacd89afcdcb042-225x300.jpg 225w, https:\/\/neness.pl\/blog\/wp-content\/uploads\/2018\/03\/396b0e72c52d383bcdacd89afcdcb042-610x813.jpg 610w\" sizes=\"auto, (max-width: 530px) 100vw, 530px\" \/><\/a><p id=\"caption-attachment-4349\" class=\"wp-caption-text\">HYBRYDY CHIODO PRO LAKIER HYBRYDOWY DO PAZNOKCI 134 \/<br \/>24,90 z\u0142<\/p><\/div>\n<p>&nbsp;<\/p>\n<p>Wiosn\u0105 nie mo\u017ce zabrakn\u0105\u0107 na paznokciach tak\u017ce <strong>kwiat\u00f3w<\/strong>. W tym roku stawiamy przede wszystkim na kwiaty polne, na przyk\u0142ad <strong>stokrotki<\/strong> i drobnym wzorkiem pokrywamy paznokie\u0107 pomalowany bezbarwnym lub czarnym lakierem.<\/p>\n<p>Je\u017celi natomiast lubisz minimalistyczne rozwi\u0105zania, ale wci\u0105\u017c chcia\u0142aby\u015b mie\u0107 wz\u00f3r na paznokciach, spodoba\u0107 mo\u017ce Ci si\u0119 wz\u00f3r sk\u0142adaj\u0105cy si\u0119 delikatnych i cienkich <strong>kresek<\/strong> na bazie w odcieniu nude.<\/p>\n<p>Opr\u00f3cz tego podobnie jak zesz\u0142ej wiosny ch\u0119tnie b\u0119dziemy si\u0119ga\u0107 tak\u017ce po motywy botaniczne, na przyk\u0142ad li\u015bcie palmowe oraz wzory geometryczne.<\/p>\n","protected":false},"excerpt":{"rendered":"<p>Cho\u0107 za oknem nadal ch\u0142odno, to wed\u0142ug kalendarza wiosna rozpocznie si\u0119 lada dzie\u0144. Najwy\u017cszy wi\u0119c czas, by zago\u015bci\u0142a tak\u017ce na paznokciach! Jakie kolory b\u0119dziemy nosi\u0107 w tym sezonie i czym zaskoczyli nas w tym roku projektanci mody? Postawi\u0107 na mat czy po\u0142ysk? Z dzisiejszego artyku\u0142u dowiecie si\u0119 jakie paznokcie b\u0119d\u0105 najmodniejsze tegorocznej wiosny. &nbsp; Mat [&hellip;]<\/p>\n","protected":false},"author":2,"featured_media":4345,"comment_status":"open","ping_status":"open","sticky":false,"template":"","format":"standard","meta":{"_et_pb_use_builder":"","_et_pb_old_content":"","_et_gb_content_width":"","footnotes":""},"categories":[6],"tags":[],"class_list":["post-4343","post","type-post","status-publish","format-standard","has-post-thumbnail","hentry","category-trendy","et-has-post-format-content","et_post_format-et-post-format-standard"],"_links":{"self":[{"href":"https:\/\/neness.pl\/blog\/wp-json\/wp\/v2\/posts\/4343","targetHints":{"allow":["GET"]}}],"collection":[{"href":"https:\/\/neness.pl\/blog\/wp-json\/wp\/v2\/posts"}],"about":[{"href":"https:\/\/neness.pl\/blog\/wp-json\/wp\/v2\/types\/post"}],"author":[{"embeddable":true,"href":"https:\/\/neness.pl\/blog\/wp-json\/wp\/v2\/users\/2"}],"replies":[{"embeddable":true,"href":"https:\/\/neness.pl\/blog\/wp-json\/wp\/v2\/comments?post=4343"}],"version-history":[{"count":0,"href":"https:\/\/neness.pl\/blog\/wp-json\/wp\/v2\/posts\/4343\/revisions"}],"wp:featuredmedia":[{"embeddable":true,"href":"https:\/\/neness.pl\/blog\/wp-json\/wp\/v2\/media\/4345"}],"wp:attachment":[{"href":"https:\/\/neness.pl\/blog\/wp-json\/wp\/v2\/media?parent=4343"}],"wp:term":[{"taxonomy":"category","embeddable":true,"href":"https:\/\/neness.pl\/blog\/wp-json\/wp\/v2\/categories?post=4343"},{"taxonomy":"post_tag","embeddable":true,"href":"https:\/\/neness.pl\/blog\/wp-json\/wp\/v2\/tags?post=4343"}],"curies":[{"name":"wp","href":"https:\/\/api.w.org\/{rel}","templated":true}]}}