{"id":4303,"date":"2018-03-14T10:57:37","date_gmt":"2018-03-14T09:57:37","guid":{"rendered":"http:\/\/ranking-kosmetykow.pl\/?p=4303"},"modified":"2018-03-14T10:57:37","modified_gmt":"2018-03-14T09:57:37","slug":"makijaz-do-pracy-o-czym-warto-pamietac","status":"publish","type":"post","link":"https:\/\/neness.pl\/blog\/makijaz-do-pracy-o-czym-warto-pamietac\/","title":{"rendered":"Makija\u017c do pracy \u2013 o czym warto pami\u0119ta\u0107?"},"content":{"rendered":"<p align=\"justify\">Dress code w miejscu pracy bardzo cz\u0119sto okre\u015bla tak\u017ce spos\u00f3b, w jaki powinny\u015bmy si\u0119 malowa\u0107. Powinien wi\u0119c by\u0107 on naturalny, a tak\u017ce \u0142atwy do wykonania, szybki, trwa\u0142y i uniwersalny, by ka\u017cdego ranka ka\u017cda z nas mog\u0142a w mgnieniu oka go wykona\u0107. Taki makija\u017c sprawdzi si\u0119 jednak nie tylko do pracy, ale tak\u017ce na rozmow\u0119 kwalifikacyjn\u0105, uczelni\u0119 czy egzamin, a tak\u017ce zawsze, gdy chcemy po prostu dobrze wygl\u0105da\u0107. Jak malowa\u0107 si\u0119 do pracy?<\/p>\n<p align=\"justify\"><span style=\"color: #ffffff;\">.<\/span><\/p>\n<h3 align=\"justify\">Po pierwsze \u2013 dobra baza<\/h3>\n<p align=\"justify\">Baz\u0119 makija\u017cu biznesowego zawsze powinien stanowi\u0107 dobry <strong>podk\u0142ad<\/strong>. Pami\u0119tajmy, \u017ce nie mo\u017ce by\u0107 on zbyt mocno kryj\u0105cy \u2013 nie chcemy na twarzy maski, ale powinien zakry\u0107 wszystkie niewielkie <strong>niedoskona\u0142o\u015bci<\/strong>, takie jak lekki przebarwienia czy naczynka. Te wi\u0119ksze mo\u017cemy zakry\u0107 przy pomocy <strong>korektora<\/strong>.<\/p>\n<p align=\"justify\"><span style=\"color: #ffffff;\">.<\/span><\/p>\n<div id=\"attachment_4307\" style=\"width: 407px\" class=\"wp-caption aligncenter\"><a href=\"https:\/\/neness.pl\/kosmetyki\/twarz\/podklady_i_pudry\/dermacol_podklad_z_baza_selfie_make-up_2in1.html\"><img loading=\"lazy\" decoding=\"async\" aria-describedby=\"caption-attachment-4307\" class=\" wp-image-4307\" src=\"http:\/\/ranking-kosmetykow.pl\/wp-content\/uploads\/2018\/03\/788c70ca97b6976ebecb8ed395a7fbc6.jpg\" alt=\"\" width=\"397\" height=\"530\" srcset=\"https:\/\/neness.pl\/blog\/wp-content\/uploads\/2018\/03\/788c70ca97b6976ebecb8ed395a7fbc6.jpg 750w, https:\/\/neness.pl\/blog\/wp-content\/uploads\/2018\/03\/788c70ca97b6976ebecb8ed395a7fbc6-225x300.jpg 225w, https:\/\/neness.pl\/blog\/wp-content\/uploads\/2018\/03\/788c70ca97b6976ebecb8ed395a7fbc6-610x813.jpg 610w\" sizes=\"auto, (max-width: 397px) 100vw, 397px\" \/><\/a><p id=\"caption-attachment-4307\" class=\"wp-caption-text\">Dermacol Podk\u0142ad z Baz\u0105 Selfie Make-up 2in1 \/<br \/>27,50 z\u0142<\/p><\/div>\n<p align=\"justify\"><span style=\"color: #ffffff;\">.<\/span><\/p>\n<p align=\"justify\">W makija\u017cu do pracy najwa\u017cniejszy jest <strong>naturalny<\/strong> <strong>wygl\u0105d<\/strong>, dlatego, je\u015bli cera nie wymaga wielkiego krycia, spokojnie mo\u017cemy si\u0119gn\u0105\u0107 po krem BB lub krem tonuj\u0105cy. Pod oczy przyda si\u0119 <strong>roz\u015bwietlaj\u0105cy<\/strong> korektor, kt\u00f3ry rozja\u015bni ewentualne cienie. Na koniec odrobina pudru, zw\u0142aszcza w strefie T pomo\u017ce utrzyma\u0107 makija\u017c na miejscu i zmatowi cer\u0119 na ca\u0142y dzie\u0144. Pami\u0119taj, by dobrze <strong>rozetrze\u0107<\/strong> podk\u0142ad przy linii w\u0142os\u00f3w i na \u017cuchwie.<\/p>\n<p align=\"justify\"><span style=\"color: #ffffff;\">.<\/span><\/p>\n<div id=\"attachment_4308\" style=\"width: 452px\" class=\"wp-caption aligncenter\"><a href=\"https:\/\/neness.pl\/kosmetyki\/twarz\/podklady_i_pudry\/bourjois_cc_eye_cream_korektor_pod_oczy.html\"><img loading=\"lazy\" decoding=\"async\" aria-describedby=\"caption-attachment-4308\" class=\" wp-image-4308\" src=\"http:\/\/ranking-kosmetykow.pl\/wp-content\/uploads\/2018\/03\/c0d57cd21f8b5a3f9471b6f5db4e00f1.jpg\" alt=\"\" width=\"442\" height=\"590\" srcset=\"https:\/\/neness.pl\/blog\/wp-content\/uploads\/2018\/03\/c0d57cd21f8b5a3f9471b6f5db4e00f1.jpg 750w, https:\/\/neness.pl\/blog\/wp-content\/uploads\/2018\/03\/c0d57cd21f8b5a3f9471b6f5db4e00f1-225x300.jpg 225w, https:\/\/neness.pl\/blog\/wp-content\/uploads\/2018\/03\/c0d57cd21f8b5a3f9471b6f5db4e00f1-610x813.jpg 610w\" sizes=\"auto, (max-width: 442px) 100vw, 442px\" \/><\/a><p id=\"caption-attachment-4308\" class=\"wp-caption-text\">Bourjois CC Eye Cream Korektor Pod Oczy \/<br \/>24,50 z\u0142<\/p><\/div>\n<h3 align=\"justify\"><span style=\"color: #ffffff;\">.<\/span><\/h3>\n<h3 align=\"justify\">Po drugie \u2013 konturowanie<\/h3>\n<p align=\"justify\">W makija\u017cu do pracy nie mo\u017cemy sobie pozwoli\u0107 na mocne konturowanie, u\u017cycie du\u017cej ilo\u015bci roz\u015bwietlacza i jaskrawego r\u00f3\u017cu. Taki makija\u017c musi by\u0107 przede wszystkim <strong>stonowany<\/strong> \u2013 powinien delikatnie i subtelnie podkre\u015bla\u0107 urod\u0119, a nie niepotrzebnie rzuca\u0107 si\u0119 w oczy. B\u0119dzie bowiem wtedy wygl\u0105da\u0142 nieprofesjonalnie.<\/p>\n<p align=\"justify\"><span style=\"color: #ffffff;\">.<\/span><\/p>\n<div id=\"attachment_4309\" style=\"width: 382px\" class=\"wp-caption aligncenter\"><a href=\"https:\/\/neness.pl\/kosmetyki\/twarz\/roze_bronzery_i_rozswietlacze\/w7_the_bronzer_matte_matowy_puder_bronzujacy.html\"><img loading=\"lazy\" decoding=\"async\" aria-describedby=\"caption-attachment-4309\" class=\" wp-image-4309\" src=\"http:\/\/ranking-kosmetykow.pl\/wp-content\/uploads\/2018\/03\/8e620b8877e0c8d40e6403c201227a3e.jpg\" alt=\"\" width=\"372\" height=\"496\" srcset=\"https:\/\/neness.pl\/blog\/wp-content\/uploads\/2018\/03\/8e620b8877e0c8d40e6403c201227a3e.jpg 750w, https:\/\/neness.pl\/blog\/wp-content\/uploads\/2018\/03\/8e620b8877e0c8d40e6403c201227a3e-225x300.jpg 225w, https:\/\/neness.pl\/blog\/wp-content\/uploads\/2018\/03\/8e620b8877e0c8d40e6403c201227a3e-610x813.jpg 610w\" sizes=\"auto, (max-width: 372px) 100vw, 372px\" \/><\/a><p id=\"caption-attachment-4309\" class=\"wp-caption-text\">W7 The Bronzer Matte Matowy Puder Bronzuj\u0105cy \/<br \/>14,90 z\u0142<\/p><\/div>\n<p align=\"justify\"><span style=\"color: #ffffff;\">.<\/span><\/p>\n<p align=\"justify\">Zamiast wi\u0119c dok\u0142adnie konturowa\u0107 twarz, podkre\u015bl delikatnie ko\u015bci policzkowe <strong>matowym bronzerem<\/strong> w ch\u0142odnym kolorze, a policzki mu\u015bnij dos\u0142ownie odrobin\u0105 <strong>r\u00f3\u017cu<\/strong>, r\u00f3wnie\u017c matowego. Postaraj si\u0119 znale\u017a\u0107 taki, kt\u00f3ry b\u0119dzie mia\u0142 odcie\u0144 Twoich <strong>naturalnych<\/strong> <strong>rumie\u0144c\u00f3w<\/strong>. Raczej zrezygnuj z roz\u015bwietlacza.<\/p>\n<p align=\"justify\"><span style=\"color: #ffffff;\">.<\/span><\/p>\n<div id=\"attachment_4310\" style=\"width: 486px\" class=\"wp-caption aligncenter\"><a href=\"https:\/\/neness.pl\/kosmetyki\/oczy\/cienie_do_powiek\/l_a_girl_intensywny_roz_just_blushing_just_rosy.html\"><img loading=\"lazy\" decoding=\"async\" aria-describedby=\"caption-attachment-4310\" class=\" wp-image-4310\" src=\"http:\/\/ranking-kosmetykow.pl\/wp-content\/uploads\/2018\/03\/2d054c930157e5a1517be7afe4bef8ac.jpeg\" alt=\"\" width=\"476\" height=\"635\" srcset=\"https:\/\/neness.pl\/blog\/wp-content\/uploads\/2018\/03\/2d054c930157e5a1517be7afe4bef8ac.jpeg 750w, https:\/\/neness.pl\/blog\/wp-content\/uploads\/2018\/03\/2d054c930157e5a1517be7afe4bef8ac-225x300.jpeg 225w, https:\/\/neness.pl\/blog\/wp-content\/uploads\/2018\/03\/2d054c930157e5a1517be7afe4bef8ac-610x813.jpeg 610w\" sizes=\"auto, (max-width: 476px) 100vw, 476px\" \/><\/a><p id=\"caption-attachment-4310\" class=\"wp-caption-text\">L.A Girl Intensywny R\u00f3\u017c Just Blushing Just Rosy \/<br \/>21,50 z\u0142<\/p><\/div>\n<h3 align=\"justify\"><span style=\"color: #ffffff;\">.<\/span><\/h3>\n<h3 align=\"justify\">Po trzecie \u2013 podkre\u015bl oczy<\/h3>\n<p align=\"justify\">W makija\u017cu do pracy nie mo\u017cemy zapomina\u0107 tak\u017ce o tym, by podkre\u015bli\u0107 oczy. U\u017cyj <strong>cieni<\/strong> w naturalnych kolorach \u2013 najlepiej sprawdz\u0105 si\u0119 br\u0105zy i be\u017ce, a wyrazist\u0105 kresk\u0119 eyelinerem zamie\u0144 na roztart\u0105 <strong>kredk\u0119<\/strong> w odcieniu br\u0105zowym lub grafitowym, kt\u00f3r\u0105 podkre\u015blisz lini\u0119 rz\u0119s. Mo\u017cesz tak\u017ce delikatnie podkre\u015bli\u0107 doln\u0105 powiek\u0119. Rz\u0119sy\u00a0podkr\u0119\u0107 za pomoc\u0105 zalotki i pomaluj czarnym tuszem.<\/p>\n<p align=\"justify\"><span style=\"color: #ffffff;\">.<\/span><\/p>\n<div id=\"attachment_4311\" style=\"width: 362px\" class=\"wp-caption aligncenter\"><a href=\"https:\/\/neness.pl\/kosmetyki\/oczy\/cienie_do_powiek\/l_a_girl_cienie_do_powiek_urbanize_eye_lux_eyeshadow.html\"><img loading=\"lazy\" decoding=\"async\" aria-describedby=\"caption-attachment-4311\" class=\" wp-image-4311\" src=\"http:\/\/ranking-kosmetykow.pl\/wp-content\/uploads\/2018\/03\/4cdbc7806a2e89e0653379b38b4eaeb1.jpg\" alt=\"\" width=\"352\" height=\"470\" srcset=\"https:\/\/neness.pl\/blog\/wp-content\/uploads\/2018\/03\/4cdbc7806a2e89e0653379b38b4eaeb1.jpg 750w, https:\/\/neness.pl\/blog\/wp-content\/uploads\/2018\/03\/4cdbc7806a2e89e0653379b38b4eaeb1-225x300.jpg 225w, https:\/\/neness.pl\/blog\/wp-content\/uploads\/2018\/03\/4cdbc7806a2e89e0653379b38b4eaeb1-610x813.jpg 610w\" sizes=\"auto, (max-width: 352px) 100vw, 352px\" \/><\/a><p id=\"caption-attachment-4311\" class=\"wp-caption-text\">L.A Girl Cienie do Powiek Urbanize Eye Lux Eyeshadow \/<br \/>22,90 z\u0142<\/p><\/div>\n<p align=\"justify\"><span style=\"color: #ffffff;\">.<\/span><\/p>\n<p align=\"justify\">Staraj si\u0119, by <strong>brwi<\/strong> wygl\u0105da\u0142y naturalnie i nie by\u0142y zbyt mocno podkre\u015blone. Dorysuj brakuj\u0105ce w\u0142oski cieniem lub kredk\u0105 w odcieniu zbli\u017conym do koloru brwi, a na koniec podkre\u015bl je bezbarwnym <strong>\u017celem<\/strong>, kt\u00f3ry utrwali ich kszta\u0142t.<\/p>\n<p align=\"justify\"><span style=\"color: #ffffff;\">.<\/span><\/p>\n<div id=\"attachment_4312\" style=\"width: 362px\" class=\"wp-caption aligncenter\"><a href=\"https:\/\/neness.pl\/kosmetyki\/oczy\/palety_do_brwi\/dermacol_02_pudrowy_cien_do_brwi_powder_eyebrow_shadow.html\"><img loading=\"lazy\" decoding=\"async\" aria-describedby=\"caption-attachment-4312\" class=\" wp-image-4312\" src=\"http:\/\/ranking-kosmetykow.pl\/wp-content\/uploads\/2018\/03\/26de19c68915928668fa1ed33e7e309e.png\" alt=\"\" width=\"352\" height=\"470\" srcset=\"https:\/\/neness.pl\/blog\/wp-content\/uploads\/2018\/03\/26de19c68915928668fa1ed33e7e309e.png 750w, https:\/\/neness.pl\/blog\/wp-content\/uploads\/2018\/03\/26de19c68915928668fa1ed33e7e309e-225x300.png 225w, https:\/\/neness.pl\/blog\/wp-content\/uploads\/2018\/03\/26de19c68915928668fa1ed33e7e309e-610x813.png 610w\" sizes=\"auto, (max-width: 352px) 100vw, 352px\" \/><\/a><p id=\"caption-attachment-4312\" class=\"wp-caption-text\">Dermacol 02 Pudrowy Cie\u0144 do Brwi Powder Eyebrow Shadow \/<br \/>31,50 z\u0142<\/p><\/div>\n<h3 align=\"justify\"><span style=\"color: #ffffff;\">.<\/span><\/h3>\n<h3 align=\"justify\">Na koniec \u2013 nie zapomnij o ustach<\/h3>\n<p align=\"justify\">Usta, podobnie jak ca\u0142y makija\u017c powinny by\u0107 stonowane. Idealnie sprawdzi si\u0119 szminka w kolorze jak najbardziej zbli\u017conym do <strong>koloru<\/strong> <strong>ust<\/strong> lub delikatny i niezbyt po\u0142yskuj\u0105cy b\u0142yszczyk.<\/p>\n<p align=\"justify\"><span style=\"color: #ffffff;\">.<\/span><\/p>\n<div id=\"attachment_4313\" style=\"width: 465px\" class=\"wp-caption aligncenter\"><a href=\"https:\/\/neness.pl\/kosmetyki\/usta\/szminki\/nyx_velvet_matte_lipstick_matowa_szminka_10_effervescent.html\"><img loading=\"lazy\" decoding=\"async\" aria-describedby=\"caption-attachment-4313\" class=\" wp-image-4313\" src=\"http:\/\/ranking-kosmetykow.pl\/wp-content\/uploads\/2018\/03\/4738ceb4b062f3f6d288ebe877236775.jpg\" alt=\"\" width=\"455\" height=\"607\" srcset=\"https:\/\/neness.pl\/blog\/wp-content\/uploads\/2018\/03\/4738ceb4b062f3f6d288ebe877236775.jpg 750w, https:\/\/neness.pl\/blog\/wp-content\/uploads\/2018\/03\/4738ceb4b062f3f6d288ebe877236775-225x300.jpg 225w, https:\/\/neness.pl\/blog\/wp-content\/uploads\/2018\/03\/4738ceb4b062f3f6d288ebe877236775-610x813.jpg 610w\" sizes=\"auto, (max-width: 455px) 100vw, 455px\" \/><\/a><p id=\"caption-attachment-4313\" class=\"wp-caption-text\">NYX Velvet Matte Lipstick Matowa Szminka 10 Effervescent \/<br \/>19,49 z\u0142<\/p><\/div>\n<p align=\"justify\"><span style=\"color: #ffffff;\">.<\/span><\/p>\n<p align=\"justify\">Pami\u0119taj, \u017ce w makija\u017cu do pracy najlepiej sprawdzaj\u0105 si\u0119 <strong>matowe kosmetyki<\/strong> bez po\u0142yskuj\u0105cych drobinek. Postaraj si\u0119 tak\u017ce, by makija\u017c by\u0142 jak najbardziej stonowany i nieskazitelny \u2013 dzi\u0119ki temu b\u0119dziesz wygl\u0105da\u0107 zadbanie i <strong>profesjonalnie<\/strong>. W ci\u0105gu dnia kontroluj tak\u017ce b\u0142yszczenie w strefie T. Je\u015bli masz cer\u0119 t\u0142ust\u0105 lub mieszan\u0105 zabierz ze sob\u0105 <strong>bibu\u0142ki<\/strong> <strong>matuj\u0105ce<\/strong> i puder \u2013 przydadz\u0105 si\u0119 do poprawek w ci\u0105gu dnia.<\/p>\n","protected":false},"excerpt":{"rendered":"<p>Dress code w miejscu pracy bardzo cz\u0119sto okre\u015bla tak\u017ce spos\u00f3b, w jaki powinny\u015bmy si\u0119 malowa\u0107. Powinien wi\u0119c by\u0107 on naturalny, a tak\u017ce \u0142atwy do wykonania, szybki, trwa\u0142y i uniwersalny, by ka\u017cdego ranka ka\u017cda z nas mog\u0142a w mgnieniu oka go wykona\u0107. Taki makija\u017c sprawdzi si\u0119 jednak nie tylko do pracy, ale tak\u017ce na rozmow\u0119 kwalifikacyjn\u0105, [&hellip;]<\/p>\n","protected":false},"author":2,"featured_media":4304,"comment_status":"open","ping_status":"open","sticky":false,"template":"","format":"standard","meta":{"_et_pb_use_builder":"","_et_pb_old_content":"","_et_gb_content_width":"","footnotes":""},"categories":[41],"tags":[],"class_list":["post-4303","post","type-post","status-publish","format-standard","has-post-thumbnail","hentry","category-olsniewaj-makijazem","et-has-post-format-content","et_post_format-et-post-format-standard"],"_links":{"self":[{"href":"https:\/\/neness.pl\/blog\/wp-json\/wp\/v2\/posts\/4303","targetHints":{"allow":["GET"]}}],"collection":[{"href":"https:\/\/neness.pl\/blog\/wp-json\/wp\/v2\/posts"}],"about":[{"href":"https:\/\/neness.pl\/blog\/wp-json\/wp\/v2\/types\/post"}],"author":[{"embeddable":true,"href":"https:\/\/neness.pl\/blog\/wp-json\/wp\/v2\/users\/2"}],"replies":[{"embeddable":true,"href":"https:\/\/neness.pl\/blog\/wp-json\/wp\/v2\/comments?post=4303"}],"version-history":[{"count":0,"href":"https:\/\/neness.pl\/blog\/wp-json\/wp\/v2\/posts\/4303\/revisions"}],"wp:featuredmedia":[{"embeddable":true,"href":"https:\/\/neness.pl\/blog\/wp-json\/wp\/v2\/media\/4304"}],"wp:attachment":[{"href":"https:\/\/neness.pl\/blog\/wp-json\/wp\/v2\/media?parent=4303"}],"wp:term":[{"taxonomy":"category","embeddable":true,"href":"https:\/\/neness.pl\/blog\/wp-json\/wp\/v2\/categories?post=4303"},{"taxonomy":"post_tag","embeddable":true,"href":"https:\/\/neness.pl\/blog\/wp-json\/wp\/v2\/tags?post=4303"}],"curies":[{"name":"wp","href":"https:\/\/api.w.org\/{rel}","templated":true}]}}