{"id":4266,"date":"2018-03-06T14:43:00","date_gmt":"2018-03-06T13:43:00","guid":{"rendered":"http:\/\/ranking-kosmetykow.pl\/?p=4266"},"modified":"2018-03-06T14:43:00","modified_gmt":"2018-03-06T13:43:00","slug":"przygotuj-skore-na-wiosne-po-jakie-kosmetyki-warto-siegnac","status":"publish","type":"post","link":"https:\/\/neness.pl\/blog\/przygotuj-skore-na-wiosne-po-jakie-kosmetyki-warto-siegnac\/","title":{"rendered":"Przygotuj sk\u00f3r\u0119 na wiosn\u0119! Po jakie kosmetyki warto si\u0119gn\u0105\u0107?"},"content":{"rendered":"<p>Cho\u0107 pogoda za oknem jest jeszcze do\u015b\u0107 zimowa, to ju\u017c za kilka tygodni przywitamy przynajmniej kalendarzow\u0105 wiosn\u0119. Dlatego te\u017c warto pomy\u015ble\u0107 o niej ju\u017c teraz i powoli zacz\u0105\u0107 przygotowywa\u0107 sk\u00f3r\u0119 i cia\u0142o na cieplejsze dni. O czym warto pami\u0119ta\u0107, przygotowuj\u0105c si\u0119 do wiosny?<\/p>\n<p>&nbsp;<\/p>\n<h3>Kondycja sk\u00f3ry po zimie<\/h3>\n<p>Zanim przyst\u0105pisz do r\u00f3\u017cnych kosmetycznych <strong>zabieg\u00f3w<\/strong>, usi\u0105d\u017a przed lustrem i przyjrzyj si\u0119 swojej cerze. Zima na pewno da\u0142a jej si\u0119 we znaki, a uboga w \u015bwie\u017ce warzywa i owoce dieta tak\u017ce nie poprawia jej wygl\u0105du. Poszarza\u0142a sk\u00f3ra, przesuszenie, rozszerzone naczynka \u2013 zastan\u00f3w si\u0119, o co nale\u017cy <strong>zadba\u0107<\/strong> w pierwszej kolejno\u015bci. Na szcz\u0119\u015bcie wszystkim tym problemom mo\u017cemy zaradzi\u0107, si\u0119gaj\u0105c po odpowiednie kosmetyki.<\/p>\n<p>&nbsp;<\/p>\n<h3>Zacznij od peelingu<\/h3>\n<p>Najlepsz\u0105 metod\u0105 na przywr\u00f3cenie cerze blasku i zdrowego kolorytu, jest regularny <strong>peeling<\/strong>. Dodatkowo dzi\u0119ki temu zabiegowi oczy\u015bcisz tak\u017ce sk\u00f3r\u0119 i pory, kt\u00f3re po zimie, gdy cz\u0119\u015bciej si\u0119gamy po ci\u0119\u017ckie i t\u0142uste kremy oraz bardziej kryj\u0105ce podk\u0142ady, mog\u0105 w\u0142a\u015bnie tego potrzebowa\u0107. Dodatkowo po peelingu sk\u00f3ra lepiej <strong>wch\u0142onie<\/strong> substancje zawarte w innych kosmetykach.<\/p>\n<p>&nbsp;<\/p>\n<div id=\"attachment_4054\" style=\"width: 558px\" class=\"wp-caption aligncenter\"><a href=\"https:\/\/neness.pl\/kosmetyki\/pielegnacja_twarzy\/demakijaz_i_oczyszczanie\/dermacol_gommage_zel_oczyszczajacy_z_wyciagiem_z_drzewa_herbacianego.html\"><img loading=\"lazy\" decoding=\"async\" aria-describedby=\"caption-attachment-4054\" class=\"wp-image-4054\" src=\"http:\/\/ranking-kosmetykow.pl\/wp-content\/uploads\/2018\/01\/7b4b1830e3110f11f261ac9eb1e9fdad.png\" alt=\"\" width=\"548\" height=\"731\" srcset=\"https:\/\/neness.pl\/blog\/wp-content\/uploads\/2018\/01\/7b4b1830e3110f11f261ac9eb1e9fdad.png 750w, https:\/\/neness.pl\/blog\/wp-content\/uploads\/2018\/01\/7b4b1830e3110f11f261ac9eb1e9fdad-225x300.png 225w, https:\/\/neness.pl\/blog\/wp-content\/uploads\/2018\/01\/7b4b1830e3110f11f261ac9eb1e9fdad-610x813.png 610w\" sizes=\"auto, (max-width: 548px) 100vw, 548px\" \/><\/a><p id=\"caption-attachment-4054\" class=\"wp-caption-text\">Dermacol Gommage \u017bel Oczyszczaj\u0105cy z Wyci\u0105giem z Drzewa Herbacianego \/<br \/> 14,50 z\u0142<\/p><\/div>\n<p>&nbsp;<\/p>\n<p>Pami\u0119taj jednak, \u017ce po zimie sk\u00f3ra na pewno jest <strong>podra\u017cniona<\/strong>, upewnij si\u0119 wi\u0119c, \u017ce si\u0119gasz po delikatny kosmetyk. Najlepiej sprawdzi si\u0119 tu <strong>peeling enzymatyczny<\/strong>, kt\u00f3ry nie podra\u017cni dodatkowo cery, a skutecznie usunie zanieczyszczenia i martwy nask\u00f3rek.<\/p>\n<p>&nbsp;<\/p>\n<h3>Zadbaj o nawil\u017cenie<\/h3>\n<p>Opr\u00f3cz z\u0142uszczania ka\u017cda sk\u00f3ra po zimie zdecydowanie b\u0119dzie potrzebowa\u0107 <strong>nawil\u017cenia\u00a0<\/strong>i\u00a0<strong>regenracji<\/strong>. Dobry krem z\u0142agodzi podra\u017cnienia i zadba o to, by zaczerwienienia sta\u0142y si\u0119 mniej widoczne. Twoja cera na pewno b\u0119dzie potrzebowa\u0142a tak\u017ce <strong>witamin<\/strong>, dlatego si\u0119gnij po kosmetyki z witamin\u0105 A, E, a tak\u017ce C \u2013 maj\u0105 one bowiem dzia\u0142anie <strong>rewitalizuj\u0105ce<\/strong>, blokuj\u0105 dzia\u0142anie wolnych rodnik\u00f3w, a tak\u017ce uelastyczniaj\u0105 sk\u00f3r\u0119. Na podra\u017cnienia skuteczny b\u0119dzie tak\u017ce d-panthenol.<\/p>\n<p>&nbsp;<\/p>\n<div id=\"attachment_3667\" style=\"width: 612px\" class=\"wp-caption aligncenter\"><a href=\"https:\/\/neness.pl\/kosmetyki\/pielegnacja_twarzy\/kremy\/dermacol_gold_elixir_odmladzajacy_krem_na_dzien.html\"><img loading=\"lazy\" decoding=\"async\" aria-describedby=\"caption-attachment-3667\" class=\"wp-image-3667\" src=\"http:\/\/ranking-kosmetykow.pl\/wp-content\/uploads\/2017\/11\/46dd79d17fd54a7d7614c71e4c0761bb.jpg\" alt=\"\" width=\"602\" height=\"803\" srcset=\"https:\/\/neness.pl\/blog\/wp-content\/uploads\/2017\/11\/46dd79d17fd54a7d7614c71e4c0761bb.jpg 750w, https:\/\/neness.pl\/blog\/wp-content\/uploads\/2017\/11\/46dd79d17fd54a7d7614c71e4c0761bb-225x300.jpg 225w, https:\/\/neness.pl\/blog\/wp-content\/uploads\/2017\/11\/46dd79d17fd54a7d7614c71e4c0761bb-610x813.jpg 610w\" sizes=\"auto, (max-width: 602px) 100vw, 602px\" \/><\/a><p id=\"caption-attachment-3667\" class=\"wp-caption-text\">Dermacol Gold Elixir Odm\u0142adzaj\u0105cy Krem na Dzie\u0144 \/<br \/> 39,80 z\u0142<\/p><\/div>\n<p>&nbsp;<\/p>\n<p>W ka\u017cdym kremie powinny znale\u017a\u0107 si\u0119 tak\u017ce substancje silnie <strong>nawil\u017caj\u0105ce<\/strong> \u2013 kwas hialuronowy, gliceryna, a tak\u017ce naturalne nawil\u017caj\u0105ce oleje.<\/p>\n<p>Aby zadzia\u0142a\u0107 jeszcze bardziej intensywnie, zafunduj cerze tak\u017ce kuracj\u0119 <strong>maseczkami<\/strong> <strong>nawil\u017caj\u0105cymi<\/strong> \u2013 warto po nie si\u0119ga\u0107 2-3 razy w tygodniu. Nie zapominaj tak\u017ce, by codziennie przed wyj\u015bciem z domu nak\u0142ada\u0107 na sk\u00f3r\u0119 <strong>filtr ochronny<\/strong>.<\/p>\n<p>&nbsp;<\/p>\n<div id=\"attachment_4188\" style=\"width: 564px\" class=\"wp-caption aligncenter\"><a href=\"https:\/\/neness.pl\/kosmetyki\/pielegnacja_twarzy\/maseczki\/holika_holika_maseczka_z_kwasem_hialuronowym_skin_rescue_hyaluronic_mask_sheet.html\"><img loading=\"lazy\" decoding=\"async\" aria-describedby=\"caption-attachment-4188\" class=\"wp-image-4188\" src=\"http:\/\/ranking-kosmetykow.pl\/wp-content\/uploads\/2018\/02\/b9c155c6db311353a93d1fbe2a28136c.jpg\" alt=\"\" width=\"554\" height=\"739\" srcset=\"https:\/\/neness.pl\/blog\/wp-content\/uploads\/2018\/02\/b9c155c6db311353a93d1fbe2a28136c.jpg 750w, https:\/\/neness.pl\/blog\/wp-content\/uploads\/2018\/02\/b9c155c6db311353a93d1fbe2a28136c-225x300.jpg 225w, https:\/\/neness.pl\/blog\/wp-content\/uploads\/2018\/02\/b9c155c6db311353a93d1fbe2a28136c-610x813.jpg 610w\" sizes=\"auto, (max-width: 554px) 100vw, 554px\" \/><\/a><p id=\"caption-attachment-4188\" class=\"wp-caption-text\">Holika Holika Maseczka z Kwasem Hialuronowym Skin Rescue Hyaluronic Mask Sheet \/<br \/> 13,50 z\u0142<\/p><\/div>\n<p>&nbsp;<\/p>\n<h3>L\u017cejszy makija\u017c<\/h3>\n<p>Wraz z nadej\u015bciem ciep\u0142ych dni warto tak\u017ce wprowadzi\u0107 nieco zmian do <strong>makija\u017cowej<\/strong> kosmetyczki. Ci\u0119\u017ckie podk\u0142ady, kt\u00f3re dobrze sprawdza\u0142y si\u0119 zim\u0105 i chroni\u0142y sk\u00f3r\u0119 przed mrozem warto zamieni\u0107 na <strong>lekkie kremy BB<\/strong> lub si\u0119gn\u0105\u0107 po <strong>kosmetyki mineralne<\/strong>, kt\u00f3re pozwol\u0105 cerze oddycha\u0107, a dodatkowo ochroni\u0105 j\u0105 przed s\u0142o\u0144cem.<\/p>\n<p>&nbsp;<\/p>\n<div id=\"attachment_3753\" style=\"width: 568px\" class=\"wp-caption aligncenter\"><a href=\"https:\/\/neness.pl\/kosmetyki\/twarz\/podklady_i_pudry\/dermacol_bb_magic_beauty_cream_8in1_fair.html\"><img loading=\"lazy\" decoding=\"async\" aria-describedby=\"caption-attachment-3753\" class=\"wp-image-3753\" src=\"http:\/\/ranking-kosmetykow.pl\/wp-content\/uploads\/2017\/11\/2bec3d0d135816fc268c1a84776364b8-1.jpg\" alt=\"\" width=\"558\" height=\"744\" srcset=\"https:\/\/neness.pl\/blog\/wp-content\/uploads\/2017\/11\/2bec3d0d135816fc268c1a84776364b8-1.jpg 750w, https:\/\/neness.pl\/blog\/wp-content\/uploads\/2017\/11\/2bec3d0d135816fc268c1a84776364b8-1-225x300.jpg 225w, https:\/\/neness.pl\/blog\/wp-content\/uploads\/2017\/11\/2bec3d0d135816fc268c1a84776364b8-1-610x813.jpg 610w\" sizes=\"auto, (max-width: 558px) 100vw, 558px\" \/><\/a><p id=\"caption-attachment-3753\" class=\"wp-caption-text\">Dermacol BB Magic Beauty Cream 8in1 Fair \/<br \/> 21,99 z\u0142<\/p><\/div>\n<p>&nbsp;<\/p>\n<p>Odrobina <strong>r\u00f3\u017cu<\/strong> w brzoskwiniowym odcieniu natomiast doda cerze \u015bwie\u017co\u015bci i m\u0142odzie\u0144czego wygl\u0105du, a niewielka ilo\u015b\u0107 <strong>roz\u015bwietlacza<\/strong> na szczytach ko\u015bci policzkowych i w k\u0105cikach oczu doda twarzy blasku.<\/p>\n<p>&nbsp;<\/p>\n<div id=\"attachment_3919\" style=\"width: 476px\" class=\"wp-caption aligncenter\"><a href=\"https:\/\/neness.pl\/kosmetyki\/twarz\/roze_bronzery_i_rozswietlacze\/dermacol_03_mineralny_roz_prasowany_duo_blusher.html\"><img loading=\"lazy\" decoding=\"async\" aria-describedby=\"caption-attachment-3919\" class=\"wp-image-3919\" src=\"http:\/\/ranking-kosmetykow.pl\/wp-content\/uploads\/2017\/12\/a1ff5596af7f713492d58d5ff348b21a.png\" alt=\"\" width=\"466\" height=\"622\" srcset=\"https:\/\/neness.pl\/blog\/wp-content\/uploads\/2017\/12\/a1ff5596af7f713492d58d5ff348b21a.png 750w, https:\/\/neness.pl\/blog\/wp-content\/uploads\/2017\/12\/a1ff5596af7f713492d58d5ff348b21a-225x300.png 225w, https:\/\/neness.pl\/blog\/wp-content\/uploads\/2017\/12\/a1ff5596af7f713492d58d5ff348b21a-610x813.png 610w\" sizes=\"auto, (max-width: 466px) 100vw, 466px\" \/><\/a><p id=\"caption-attachment-3919\" class=\"wp-caption-text\">Dermacol 03 Mineralny R\u00f3\u017c Prasowany DUO BLUSHER \/<br \/> 17,50 z\u0142<\/p><\/div>\n<p>&nbsp;<\/p>\n<p>A jakie s\u0105 Wasze sposoby na przygotowanie sk\u00f3ry do wiosny?<\/p>\n","protected":false},"excerpt":{"rendered":"<p>Cho\u0107 pogoda za oknem jest jeszcze do\u015b\u0107 zimowa, to ju\u017c za kilka tygodni przywitamy przynajmniej kalendarzow\u0105 wiosn\u0119. Dlatego te\u017c warto pomy\u015ble\u0107 o niej ju\u017c teraz i powoli zacz\u0105\u0107 przygotowywa\u0107 sk\u00f3r\u0119 i cia\u0142o na cieplejsze dni. O czym warto pami\u0119ta\u0107, przygotowuj\u0105c si\u0119 do wiosny? &nbsp; Kondycja sk\u00f3ry po zimie Zanim przyst\u0105pisz do r\u00f3\u017cnych kosmetycznych zabieg\u00f3w, usi\u0105d\u017a [&hellip;]<\/p>\n","protected":false},"author":2,"featured_media":4269,"comment_status":"open","ping_status":"open","sticky":false,"template":"","format":"standard","meta":{"_et_pb_use_builder":"","_et_pb_old_content":"","_et_gb_content_width":"","footnotes":""},"categories":[185],"tags":[],"class_list":["post-4266","post","type-post","status-publish","format-standard","has-post-thumbnail","hentry","category-codzienna-pielegnacja","et-has-post-format-content","et_post_format-et-post-format-standard"],"_links":{"self":[{"href":"https:\/\/neness.pl\/blog\/wp-json\/wp\/v2\/posts\/4266","targetHints":{"allow":["GET"]}}],"collection":[{"href":"https:\/\/neness.pl\/blog\/wp-json\/wp\/v2\/posts"}],"about":[{"href":"https:\/\/neness.pl\/blog\/wp-json\/wp\/v2\/types\/post"}],"author":[{"embeddable":true,"href":"https:\/\/neness.pl\/blog\/wp-json\/wp\/v2\/users\/2"}],"replies":[{"embeddable":true,"href":"https:\/\/neness.pl\/blog\/wp-json\/wp\/v2\/comments?post=4266"}],"version-history":[{"count":0,"href":"https:\/\/neness.pl\/blog\/wp-json\/wp\/v2\/posts\/4266\/revisions"}],"wp:featuredmedia":[{"embeddable":true,"href":"https:\/\/neness.pl\/blog\/wp-json\/wp\/v2\/media\/4269"}],"wp:attachment":[{"href":"https:\/\/neness.pl\/blog\/wp-json\/wp\/v2\/media?parent=4266"}],"wp:term":[{"taxonomy":"category","embeddable":true,"href":"https:\/\/neness.pl\/blog\/wp-json\/wp\/v2\/categories?post=4266"},{"taxonomy":"post_tag","embeddable":true,"href":"https:\/\/neness.pl\/blog\/wp-json\/wp\/v2\/tags?post=4266"}],"curies":[{"name":"wp","href":"https:\/\/api.w.org\/{rel}","templated":true}]}}