{"id":4259,"date":"2018-03-05T13:21:36","date_gmt":"2018-03-05T12:21:36","guid":{"rendered":"http:\/\/ranking-kosmetykow.pl\/?p=4259"},"modified":"2018-03-05T13:21:36","modified_gmt":"2018-03-05T12:21:36","slug":"akord-perfum-co-to-znaczy","status":"publish","type":"post","link":"https:\/\/neness.pl\/blog\/akord-perfum-co-to-znaczy\/","title":{"rendered":"Akord perfum \u2013 co to znaczy?"},"content":{"rendered":"<p>Cho\u0107 s\u0142owo akord kojarzy nam si\u0119 przede wszystkim z muzyk\u0105, to tak\u017ce bardzo wa\u017cne poj\u0119cie w sztuce perfumeryjnej. Obok nut i kompozycji, to w\u0142a\u015bnie akord stanowi najwa\u017cniejsze dla projektant\u00f3w zapach\u00f3w poj\u0119cie. Co znaczy to s\u0142owo? Zapraszamy do przeczytania naszego artyku\u0142u.<\/p>\n<p>&nbsp;<\/p>\n<h3>Akord perfum \u2013 co to takiego?<\/h3>\n<p>&nbsp;<\/p>\n<p>Tworzenie perfum bardzo cz\u0119sto okre\u015blamy mianem <strong>sztuki<\/strong>. Aby zaprojektowa\u0107 zapach potrzeba bowiem tw\u00f3rcy o rzadko spotykanych predyspozycjach \u2013 mowa oczywi\u015bcie o niezwykle <strong>wyczulonym<\/strong> <strong>w\u0119chu<\/strong>, kt\u00f3ry pozwala na komponowanie poszczeg\u00f3lnych element\u00f3w tak, by stworzy\u0142y niepowtarzalne, pi\u0119kne po\u0142\u0105czenie.<\/p>\n<p>Ka\u017cde perfumy, czyli tak zwana <strong>kompozycja<\/strong> perfum sk\u0142ada si\u0119 z kilku, kilkunastu, a w niekt\u00f3rych przypadkach nawet kilkuset sk\u0142adnik\u00f3w. W\u0142a\u015bnie te sk\u0142adniki dzielimy na <strong>akordy zapachowe<\/strong>. Ka\u017cdy akord natomiast sk\u0142ada si\u0119 z <strong>nut<\/strong> <strong>zapachowych<\/strong>, pojedynczym nutom natomiast odpowiadaj\u0105 poszczeg\u00f3lne sk\u0142adniki zapachu.<\/p>\n<p>&nbsp;<\/p>\n<div id=\"attachment_4261\" style=\"width: 1010px\" class=\"wp-caption aligncenter\"><img loading=\"lazy\" decoding=\"async\" aria-describedby=\"caption-attachment-4261\" class=\"size-full wp-image-4261\" src=\"http:\/\/ranking-kosmetykow.pl\/wp-content\/uploads\/2018\/03\/Fotolia_94026712_Subscription_L.jpg\" alt=\"\" width=\"1000\" height=\"562\" srcset=\"https:\/\/neness.pl\/blog\/wp-content\/uploads\/2018\/03\/Fotolia_94026712_Subscription_L.jpg 1000w, https:\/\/neness.pl\/blog\/wp-content\/uploads\/2018\/03\/Fotolia_94026712_Subscription_L-300x169.jpg 300w, https:\/\/neness.pl\/blog\/wp-content\/uploads\/2018\/03\/Fotolia_94026712_Subscription_L-768x432.jpg 768w, https:\/\/neness.pl\/blog\/wp-content\/uploads\/2018\/03\/Fotolia_94026712_Subscription_L-610x343.jpg 610w\" sizes=\"auto, (max-width: 1000px) 100vw, 1000px\" \/><p id=\"caption-attachment-4261\" class=\"wp-caption-text\">fotolia.com, #94026712 | Autor: iakovlev<\/p><\/div>\n<p>&nbsp;<\/p>\n<h3>Akord bazowy<\/h3>\n<p>Akord <strong>bazowy<\/strong>, jak mo\u017cemy si\u0119 domy\u015bla\u0107 po samej nazwie, to sk\u0142adniki perfum, kt\u00f3re uwalniaj\u0105 si\u0119 <strong>najwolniej<\/strong>. To w\u0142a\u015bnie do tej grupy perfum zaliczamy te <strong>najci\u0119\u017csze<\/strong> olejki eteryczne oraz substancje, kt\u00f3rych zadaniem jest <strong>przed\u0142u\u017cenie<\/strong> <strong>trwa\u0142o\u015bci<\/strong> perfum oraz nuty dodaj\u0105ce zapachowi <strong>g\u0142\u0119bi<\/strong>. Bardzo cz\u0119sto s\u0105 to sk\u0142adniki, kt\u00f3re same w sobie nie pachn\u0105 \u0142adnie, jednak dzi\u0119ki swoim w\u0142a\u015bciwo\u015bciom i dzi\u0119ki odpowiedniej kompozycji tworz\u0105 pi\u0119kne zapachy.<\/p>\n<p>To w\u0142a\u015bnie akord bazowy nadaje <strong>ostateczny<\/strong> <strong>charakter<\/strong> perfumom. W tym miejscu najcz\u0119\u015bciej znajdziemy takie sk\u0142adniki jak pi\u017cmo, ambra, cywet, czy nuty drzewne. Bardzo cz\u0119sto s\u0105 one wyczuwalne nawet po kilku dniach od u\u017cycia zapachu.<\/p>\n<p>&nbsp;<\/p>\n<div id=\"attachment_3927\" style=\"width: 1034px\" class=\"wp-caption aligncenter\"><img loading=\"lazy\" decoding=\"async\" aria-describedby=\"caption-attachment-3927\" class=\"size-large wp-image-3927\" src=\"http:\/\/ranking-kosmetykow.pl\/wp-content\/uploads\/2017\/12\/Fotolia_171084481_Subscription_XXL-1-1024x683.jpg\" alt=\"\" width=\"1024\" height=\"683\" \/><p id=\"caption-attachment-3927\" class=\"wp-caption-text\">fotolia.com, #171084481 | Autor: adisa<\/p><\/div>\n<p>&nbsp;<\/p>\n<h3>Akord \u015bredni<\/h3>\n<p>W akordzie <strong>\u015brednim<\/strong> najcz\u0119\u015bciej znajdziemy substancje zapachowe, kt\u00f3rych zadaniem jest po\u0142\u0105czenie akord\u00f3w bazowych z wysokimi, tak by ca\u0142a kompozycja tworzy\u0142a <strong>sp\u00f3jn\u0105<\/strong> <strong>ca\u0142o\u015b\u0107<\/strong>, a nie by\u0142a podzielona na pojedyncze sk\u0142adniki. To w\u0142a\u015bnie dzi\u0119ki u\u017cytym tutaj substancjom perfumy tworz\u0105 idealn\u0105 mieszank\u0119. Akord \u015bredni nie jest tak trwa\u0142y, jak akord bazowy, charakteryzuje si\u0119 <strong>wi\u0119ksz\u0105<\/strong> <strong>lotno\u015bci\u0105<\/strong>, a aromaty w nim zawarte <strong>nie s\u0105 zbyt intensywne<\/strong>.<\/p>\n<p>W akordzie \u015brednim najcz\u0119\u015bciej stosowane s\u0105 nuty <strong>kwiatowe<\/strong> oraz <strong>korzenne<\/strong>.<\/p>\n<p>&nbsp;<\/p>\n<h3>Akord wysoki<\/h3>\n<p>W akordzie <strong>wysokim<\/strong> zawarte s\u0105 przede wszystkim substancje\u00a0<strong>najbardziej lotne<\/strong> i te, kt\u00f3re pachn\u0105 najbardziej <strong>intensywnie<\/strong>. To w\u0142a\u015bnie akord wysoki odczuwamy w momencie <strong>otwarcia<\/strong> <strong>flakonika<\/strong> lub tu\u017c po aplikacji perfum. Akord ten mimo swojej intensywno\u015bci bardzo <strong>szybko<\/strong> znika, jednak to w\u0142a\u015bnie on najcz\u0119\u015bciej decyduje o tym, czy perfumy nam si\u0119 spodobaj\u0105.<\/p>\n<p>W akordzie wysokim najcz\u0119\u015bciej stosowane s\u0105 <strong>lekkie<\/strong> i <strong>\u015bwie\u017ce<\/strong> nuty zapachowe \u2013 znale\u017a\u0107 tu mo\u017cemy zazwyczaj aromaty cytrusowe, owocowe, zio\u0142owe.<\/p>\n","protected":false},"excerpt":{"rendered":"<p>Cho\u0107 s\u0142owo akord kojarzy nam si\u0119 przede wszystkim z muzyk\u0105, to tak\u017ce bardzo wa\u017cne poj\u0119cie w sztuce perfumeryjnej. Obok nut i kompozycji, to w\u0142a\u015bnie akord stanowi najwa\u017cniejsze dla projektant\u00f3w zapach\u00f3w poj\u0119cie. Co znaczy to s\u0142owo? Zapraszamy do przeczytania naszego artyku\u0142u. &nbsp; Akord perfum \u2013 co to takiego? &nbsp; Tworzenie perfum bardzo cz\u0119sto okre\u015blamy mianem sztuki. [&hellip;]<\/p>\n","protected":false},"author":2,"featured_media":4260,"comment_status":"open","ping_status":"open","sticky":false,"template":"","format":"standard","meta":{"_et_pb_use_builder":"","_et_pb_old_content":"","_et_gb_content_width":"","footnotes":""},"categories":[19],"tags":[],"class_list":["post-4259","post","type-post","status-publish","format-standard","has-post-thumbnail","hentry","category-zachwycaj-zapachem","et-has-post-format-content","et_post_format-et-post-format-standard"],"_links":{"self":[{"href":"https:\/\/neness.pl\/blog\/wp-json\/wp\/v2\/posts\/4259","targetHints":{"allow":["GET"]}}],"collection":[{"href":"https:\/\/neness.pl\/blog\/wp-json\/wp\/v2\/posts"}],"about":[{"href":"https:\/\/neness.pl\/blog\/wp-json\/wp\/v2\/types\/post"}],"author":[{"embeddable":true,"href":"https:\/\/neness.pl\/blog\/wp-json\/wp\/v2\/users\/2"}],"replies":[{"embeddable":true,"href":"https:\/\/neness.pl\/blog\/wp-json\/wp\/v2\/comments?post=4259"}],"version-history":[{"count":0,"href":"https:\/\/neness.pl\/blog\/wp-json\/wp\/v2\/posts\/4259\/revisions"}],"wp:featuredmedia":[{"embeddable":true,"href":"https:\/\/neness.pl\/blog\/wp-json\/wp\/v2\/media\/4260"}],"wp:attachment":[{"href":"https:\/\/neness.pl\/blog\/wp-json\/wp\/v2\/media?parent=4259"}],"wp:term":[{"taxonomy":"category","embeddable":true,"href":"https:\/\/neness.pl\/blog\/wp-json\/wp\/v2\/categories?post=4259"},{"taxonomy":"post_tag","embeddable":true,"href":"https:\/\/neness.pl\/blog\/wp-json\/wp\/v2\/tags?post=4259"}],"curies":[{"name":"wp","href":"https:\/\/api.w.org\/{rel}","templated":true}]}}