{"id":4252,"date":"2018-02-28T14:49:46","date_gmt":"2018-02-28T13:49:46","guid":{"rendered":"http:\/\/ranking-kosmetykow.pl\/?p=4252"},"modified":"2018-02-28T14:49:46","modified_gmt":"2018-02-28T13:49:46","slug":"cera-mieszana-jak-ja-rozpoznac-i-pielegnowac","status":"publish","type":"post","link":"https:\/\/neness.pl\/blog\/cera-mieszana-jak-ja-rozpoznac-i-pielegnowac\/","title":{"rendered":"Cera mieszana \u2013 jak j\u0105 rozpozna\u0107 i piel\u0119gnowa\u0107"},"content":{"rendered":"<p>W\u0142a\u015bciwa piel\u0119gnacja ka\u017cdej cery zaczyna si\u0119 od prawid\u0142owego rozpoznania jej typu. A jednym z najcz\u0119\u015bciej wyst\u0119puj\u0105cych rodzaj\u00f3w sk\u00f3ry jest cera mieszana. No w\u0142a\u015bnie \u2013 mieszana, czyli jaka? Jak j\u0105 rozpozna\u0107 i jak prawid\u0142owo piel\u0119gnowa\u0107? Na te pytania postaramy si\u0119 dzi\u015b odpowiedzie\u0107.<\/p>\n<p>&nbsp;<\/p>\n<h3>Cera mieszana \u2013 charakterystyka<\/h3>\n<p>Jak wskazuje sama nazwa, <strong>cera mieszana<\/strong> to taka, kt\u00f3ra \u0142\u0105czy w sobie dwa rodzaje sk\u00f3ry \u2013 such\u0105 i t\u0142ust\u0105. Ka\u017cdy z typ\u00f3w wyst\u0119puje w tym wypadku na r\u00f3\u017cnych <strong>obszarach<\/strong> twarzy. Zazwyczaj t\u0142usta jest strefa T \u2013 czyli czo\u0142o, nos i broda, suche za\u015b s\u0105 zazwyczaj policzki i boki twarzy. W\u0142a\u015bnie ta kombinacja powoduje, \u017ce cera ta jest bardzo\u00a0<strong>wymagaj\u0105ca<\/strong> pod wzgl\u0119dem piel\u0119gnacji.<\/p>\n<p>&nbsp;<\/p>\n<div id=\"attachment_4147\" style=\"width: 444px\" class=\"wp-caption aligncenter\"><img loading=\"lazy\" decoding=\"async\" aria-describedby=\"caption-attachment-4147\" class=\" wp-image-4147\" src=\"http:\/\/ranking-kosmetykow.pl\/wp-content\/uploads\/2018\/02\/6f89afaeb6d6cd288c60025cd5304486.jpg\" alt=\"\" width=\"434\" height=\"579\" srcset=\"https:\/\/neness.pl\/blog\/wp-content\/uploads\/2018\/02\/6f89afaeb6d6cd288c60025cd5304486.jpg 750w, https:\/\/neness.pl\/blog\/wp-content\/uploads\/2018\/02\/6f89afaeb6d6cd288c60025cd5304486-225x300.jpg 225w, https:\/\/neness.pl\/blog\/wp-content\/uploads\/2018\/02\/6f89afaeb6d6cd288c60025cd5304486-610x813.jpg 610w\" sizes=\"auto, (max-width: 434px) 100vw, 434px\" \/><p id=\"caption-attachment-4147\" class=\"wp-caption-text\">Dermacol Delikatny Krem Oczyszczaj\u0105cy Hyaluron Wash Cream \/<br \/>16,50 z\u0142<\/p><\/div>\n<p>&nbsp;<\/p>\n<h3>Jak rozpozna\u0107 cer\u0119 mieszan\u0105?<\/h3>\n<p>Cera mieszana ze wzgl\u0119du na swoj\u0105 specyfik\u0119 wymaga <strong>specjalnego<\/strong> traktowania. Je\u017celi wi\u0119c nasze czo\u0142o, nos i broda szybko si\u0119 <strong>przet\u0142uszczaj\u0105<\/strong>, maj\u0105 sk\u0142onno\u015bci do powstawania niedoskona\u0142o\u015bci i rozszerzonych por\u00f3w, boki twarzy s\u0105 natomiast suche, a po umyciu staj\u0105 si\u0119 nieprzyjemnie <strong>\u015bci\u0105gni\u0119te<\/strong>, to prawdopodobnie mamy do czynienia w\u0142a\u015bnie z cer\u0105 mieszan\u0105. Bardzo cz\u0119sto posiadaczkami tego rodzaju cery s\u0105 osoby po dwudziestym roku \u017cycia, kt\u00f3re\u00a0wieku nastoletnim by\u0142y posiadaczami cery t\u0142ustej.<\/p>\n<p>&nbsp;<\/p>\n<div id=\"attachment_4052\" style=\"width: 502px\" class=\"wp-caption aligncenter\"><img loading=\"lazy\" decoding=\"async\" aria-describedby=\"caption-attachment-4052\" class=\" wp-image-4052\" src=\"http:\/\/ranking-kosmetykow.pl\/wp-content\/uploads\/2018\/01\/ac0b3a00648408144bd1439d9c10c001.jpg\" alt=\"\" width=\"492\" height=\"656\" srcset=\"https:\/\/neness.pl\/blog\/wp-content\/uploads\/2018\/01\/ac0b3a00648408144bd1439d9c10c001.jpg 750w, https:\/\/neness.pl\/blog\/wp-content\/uploads\/2018\/01\/ac0b3a00648408144bd1439d9c10c001-225x300.jpg 225w, https:\/\/neness.pl\/blog\/wp-content\/uploads\/2018\/01\/ac0b3a00648408144bd1439d9c10c001-610x813.jpg 610w\" sizes=\"auto, (max-width: 492px) 100vw, 492px\" \/><p id=\"caption-attachment-4052\" class=\"wp-caption-text\">Dermacol Aqua Beauty Moisturizing Nawil\u017caj\u0105cy Gel-Cream \/<br \/>31,50 z\u0142<\/p><\/div>\n<h3><span style=\"color: #ffffff;\">\u00a0.<\/span><\/h3>\n<h3>Piel\u0119gnacja cery mieszanej<\/h3>\n<p>Cera mieszana nie jest \u0142atwa w piel\u0119gnacji \u2013 wymaga ona bowiem na <strong>zaspokojeniu<\/strong> <strong>potrzeb<\/strong> dw\u00f3ch r\u00f3\u017cnych rodzaj\u00f3w sk\u00f3ry.<\/p>\n<p>Po pierwsze, w miejscach, gdzie nasza cera jest przesuszona, musimy zapewni\u0107 jej odpowiedni stopie\u0144 <strong>nawil\u017cenia<\/strong>, w pozosta\u0142ych partiach musimy skupi\u0107 si\u0119 na <strong>uregulowaniu<\/strong> pracy gruczo\u0142\u00f3w \u0142ojowych, a tak\u017ce zapobieganiu powstawaniu niedoskona\u0142o\u015bci i oczyszczeniu por\u00f3w.<\/p>\n<p>&nbsp;<\/p>\n<div id=\"attachment_4054\" style=\"width: 481px\" class=\"wp-caption aligncenter\"><img loading=\"lazy\" decoding=\"async\" aria-describedby=\"caption-attachment-4054\" class=\" wp-image-4054\" src=\"http:\/\/ranking-kosmetykow.pl\/wp-content\/uploads\/2018\/01\/7b4b1830e3110f11f261ac9eb1e9fdad.png\" alt=\"\" width=\"471\" height=\"628\" srcset=\"https:\/\/neness.pl\/blog\/wp-content\/uploads\/2018\/01\/7b4b1830e3110f11f261ac9eb1e9fdad.png 750w, https:\/\/neness.pl\/blog\/wp-content\/uploads\/2018\/01\/7b4b1830e3110f11f261ac9eb1e9fdad-225x300.png 225w, https:\/\/neness.pl\/blog\/wp-content\/uploads\/2018\/01\/7b4b1830e3110f11f261ac9eb1e9fdad-610x813.png 610w\" sizes=\"auto, (max-width: 471px) 100vw, 471px\" \/><p id=\"caption-attachment-4054\" class=\"wp-caption-text\">Dermacol Gommage \u017bel Oczyszczaj\u0105cy z Wyci\u0105giem z Drzewa Herbacianego \/<br \/>14,50 z\u0142<\/p><\/div>\n<p>&nbsp;<\/p>\n<p>Dlatego te\u017c cer\u0119 tego typu nale\u017cy przede wszystkim dobrze <strong>oczyszcza\u0107<\/strong>, jednak przy u\u017cyciu \u0142agodnych \u015brodk\u00f3w, kt\u00f3re nie zaszkodz\u0105 jej suchym partiom. W tym przypadku bardzo dobrze sprawdzaj\u0105 si\u0119 kosmetyki do sk\u00f3ry <strong>wra\u017cliwej<\/strong>, kt\u00f3re delikatnie, ale skutecznie myj\u0105 sk\u00f3r\u0119.<\/p>\n<p>W przypadku takiej cery pami\u0119ta\u0107 trzeba tak\u017ce o regularnym <strong>z\u0142uszczaniu<\/strong> strefy T, dlatego raz na kilka dni warto zastosowa\u0107 peeling. Ponadto, podobnie jak ka\u017cd\u0105 inn\u0105 cer\u0119, tak\u017ce mieszan\u0105 nale\u017cy <strong>nawil\u017ca\u0107<\/strong>. Je\u017celi boki twarzy i policzki nie s\u0105 a\u017c tak mocno wysuszone, mo\u017cemy zastosowa\u0107 lekki <strong>\u017cel-krem<\/strong>, jednak w wielu przypadkach cera mieszana b\u0119dzie wymaga\u0142a kosmetyk\u00f3w bardziej nawil\u017caj\u0105cych \u2013 wtedy bardziej od\u017cywczy produkt mo\u017cemy zastosowa\u0107 tylko na partiach suchych, a stref\u0119 T posmarowa\u0107 kosmetykiem, kt\u00f3ry nawil\u017cy, ale tak\u017ce zmatowi cer\u0119.<\/p>\n<h3><\/h3>\n<div id=\"attachment_3893\" style=\"width: 493px\" class=\"wp-caption aligncenter\"><img loading=\"lazy\" decoding=\"async\" aria-describedby=\"caption-attachment-3893\" class=\" wp-image-3893\" src=\"http:\/\/ranking-kosmetykow.pl\/wp-content\/uploads\/2017\/12\/651f4aac2bec6f029fe17143942751a0.png\" alt=\"\" width=\"483\" height=\"644\" srcset=\"https:\/\/neness.pl\/blog\/wp-content\/uploads\/2017\/12\/651f4aac2bec6f029fe17143942751a0.png 750w, https:\/\/neness.pl\/blog\/wp-content\/uploads\/2017\/12\/651f4aac2bec6f029fe17143942751a0-225x300.png 225w, https:\/\/neness.pl\/blog\/wp-content\/uploads\/2017\/12\/651f4aac2bec6f029fe17143942751a0-610x813.png 610w\" sizes=\"auto, (max-width: 483px) 100vw, 483px\" \/><p id=\"caption-attachment-3893\" class=\"wp-caption-text\">Dermacol Matt Control Base Matuj\u0105ca Baza Pod Makija\u017c<br \/>25,50 z\u0142<\/p><\/div>\n<p>&nbsp;<\/p>\n<h3>Jakie b\u0142\u0119dy pope\u0142niamy najcz\u0119\u015bciej w piel\u0119gnacji cery mieszanej?<\/h3>\n<p>Najwi\u0119kszym b\u0142\u0119dem jest stosowanie zbyt <strong>silnych<\/strong> <strong>\u015brodk\u00f3w<\/strong> <strong>myj\u0105cych<\/strong>, kt\u00f3re nie tylko wysuszaj\u0105, ale mog\u0105 tak\u017ce <strong>zaburza\u0107<\/strong> prac\u0119 gruczo\u0142\u00f3w \u0142ojowych, powoduj\u0105c tym samym, \u017ce strefa T b\u0119dzie jeszcze szybciej si\u0119 przet\u0142uszcza\u0107. Z tego samego powodu w przypadku cery mieszanej nale\u017cy zrezygnowa\u0107 ze stosowania kosmetyk\u00f3w z <strong>alkoholem<\/strong>, na przyk\u0142ad tonik\u00f3w, kt\u00f3re zaburzaj\u0105 r\u00f3wnowag\u0119 lipidow\u0105 sk\u00f3ry.<\/p>\n<p>Starajmy si\u0119 tak\u017ce, by jak najlepiej odpowiada\u0107 na potrzeby sk\u00f3ry mieszanej, wi\u0119c je\u015bli trzeba, nie obawiajmy si\u0119 stosowania <strong>dw\u00f3ch rodzaj\u00f3w<\/strong> kosmetyk\u00f3w na poszczeg\u00f3lne partie twarzy. Nasza sk\u00f3ra b\u0119dzie nam za to wdzi\u0119czna.<\/p>\n","protected":false},"excerpt":{"rendered":"<p>W\u0142a\u015bciwa piel\u0119gnacja ka\u017cdej cery zaczyna si\u0119 od prawid\u0142owego rozpoznania jej typu. A jednym z najcz\u0119\u015bciej wyst\u0119puj\u0105cych rodzaj\u00f3w sk\u00f3ry jest cera mieszana. No w\u0142a\u015bnie \u2013 mieszana, czyli jaka? Jak j\u0105 rozpozna\u0107 i jak prawid\u0142owo piel\u0119gnowa\u0107? Na te pytania postaramy si\u0119 dzi\u015b odpowiedzie\u0107. &nbsp; Cera mieszana \u2013 charakterystyka Jak wskazuje sama nazwa, cera mieszana to taka, kt\u00f3ra [&hellip;]<\/p>\n","protected":false},"author":2,"featured_media":4254,"comment_status":"open","ping_status":"open","sticky":false,"template":"","format":"standard","meta":{"_et_pb_use_builder":"","_et_pb_old_content":"","_et_gb_content_width":"","footnotes":""},"categories":[185],"tags":[],"class_list":["post-4252","post","type-post","status-publish","format-standard","has-post-thumbnail","hentry","category-codzienna-pielegnacja","et-has-post-format-content","et_post_format-et-post-format-standard"],"_links":{"self":[{"href":"https:\/\/neness.pl\/blog\/wp-json\/wp\/v2\/posts\/4252","targetHints":{"allow":["GET"]}}],"collection":[{"href":"https:\/\/neness.pl\/blog\/wp-json\/wp\/v2\/posts"}],"about":[{"href":"https:\/\/neness.pl\/blog\/wp-json\/wp\/v2\/types\/post"}],"author":[{"embeddable":true,"href":"https:\/\/neness.pl\/blog\/wp-json\/wp\/v2\/users\/2"}],"replies":[{"embeddable":true,"href":"https:\/\/neness.pl\/blog\/wp-json\/wp\/v2\/comments?post=4252"}],"version-history":[{"count":0,"href":"https:\/\/neness.pl\/blog\/wp-json\/wp\/v2\/posts\/4252\/revisions"}],"wp:featuredmedia":[{"embeddable":true,"href":"https:\/\/neness.pl\/blog\/wp-json\/wp\/v2\/media\/4254"}],"wp:attachment":[{"href":"https:\/\/neness.pl\/blog\/wp-json\/wp\/v2\/media?parent=4252"}],"wp:term":[{"taxonomy":"category","embeddable":true,"href":"https:\/\/neness.pl\/blog\/wp-json\/wp\/v2\/categories?post=4252"},{"taxonomy":"post_tag","embeddable":true,"href":"https:\/\/neness.pl\/blog\/wp-json\/wp\/v2\/tags?post=4252"}],"curies":[{"name":"wp","href":"https:\/\/api.w.org\/{rel}","templated":true}]}}