{"id":4239,"date":"2018-02-27T12:45:15","date_gmt":"2018-02-27T11:45:15","guid":{"rendered":"http:\/\/ranking-kosmetykow.pl\/?p=4239"},"modified":"2018-02-27T12:45:15","modified_gmt":"2018-02-27T11:45:15","slug":"wiosna-lato-jesien-zima-jaki-typem-urody-jestes","status":"publish","type":"post","link":"https:\/\/neness.pl\/blog\/wiosna-lato-jesien-zima-jaki-typem-urody-jestes\/","title":{"rendered":"Wiosna, lato, jesie\u0144, zima \u2013 jaki typem urody jeste\u015b?"},"content":{"rendered":"<p>Okre\u015blenie typu urody i analiza kolorystyczna w ostatnim czasie ciesz\u0105 si\u0119 coraz wi\u0119ksz\u0105 popularno\u015bci\u0105. Dlaczego? Dzi\u0119ki niej nasz makija\u017c, bi\u017cuteria i ubi\u00f3r b\u0119d\u0105 doskonale dopasowane i pi\u0119knie podkre\u015bl\u0105 koloryt cery, oczu i w\u0142os\u00f3w, wydobywaj\u0105c nasze najlepsze cechy. Tak\u0105 analiz\u0119 przeprowadza si\u0119 bior\u0105c pod uwag\u0119\u00a0odcie\u0144\u00a0sk\u00f3ry, t\u0119cz\u00f3wki i naturalnych w\u0142os\u00f3w, a tak\u017ce ich temperatur\u0119 \u2013 a mianowicie to, czy ich kolorystyka jest ciep\u0142a, czy raczej ch\u0142odna. Jak rozpozna\u0107, kt\u00f3rym typem urody jeste\u015b? Odpowiemy w dzisiejszym artykule.<\/p>\n<p>&nbsp;<\/p>\n<h3>Analiza kolorystyczna \u2013 podzia\u0142 na pory roku<\/h3>\n<p>Najbardziej popularnym podzia\u0142em na typy urody jest ich przyporz\u0105dkowanie do <strong>p\u00f3r roku<\/strong>. Dzi\u0119ki takiej analizie bez problemu jeste\u015bmy w stanie dobra\u0107 najbardziej pasuj\u0105ce nam kolory w makija\u017cu, bi\u017cuterii i ubraniach, podkre\u015blaj\u0105c w ten spos\u00f3b urod\u0119. Jednak sam podzia\u0142 na\u00a0<strong>cztery pory roku<\/strong>, czyli wiosn\u0119, lato, jesie\u0144 i zim\u0119 mo\u017ce okaza\u0107 si\u0119 niewystarczaj\u0105cy, dlatego te\u017c ka\u017cdy z nich dodatkowo na <strong>trzy dodatkowe<\/strong>, kt\u00f3re pozwalaj\u0105 na dok\u0142adniejsze okre\u015blenie pasuj\u0105cych nam barw. Czy charakteryzuj\u0105 si\u0119 poszczeg\u00f3lne typy?<\/p>\n<p>&nbsp;<\/p>\n<h3>Wiosna<\/h3>\n<p>Kobiety w typie <strong>wiosny<\/strong> posiadaj\u0105 zazwyczaj <strong>jasn\u0105\u00a0i delikatn\u0105<\/strong> karnacj\u0119, a ich cera posiada <strong>ciep\u0142y<\/strong> odcie\u0144, cz\u0119sto jest brzoskwiniowa lub z\u0142ocisto-be\u017cowa. Wiosna \u0142atwo si\u0119 rumieni, a je\u015bli posiada piegi, s\u0105 one w odcieniu z\u0142otawym. Typ wiosny mo\u017cemy podzieli\u0107 na trzy podtypy: wiosn\u0119 <strong>czyst\u0105<\/strong>, <strong>ciep\u0142\u0105<\/strong> oraz <strong>jasn\u0105<\/strong>. W zale\u017cno\u015bci od podtypu wiosna mo\u017ce mie\u0107 <strong>oczy<\/strong> w kolorach od zielonego, zielono-niebieskiego, poprzez bursztynowe, orzechowe, piwne a\u017c do br\u0105zu. W\u0142osy wiosny to pe\u0142na gama <strong>ciep\u0142ych<\/strong> <strong>blond\u00f3w<\/strong> a\u017c do delikatnych rudo\u015bci. Kolory wiosny to odcienie zieleni, ciep\u0142e \u017c\u00f3\u0142cie, delikatny r\u00f3\u017c, z\u0142amana biel, odcienie niebieskiego i granatu, fiolet, a tak\u017ce ciep\u0142y br\u0105z.<\/p>\n<p>&nbsp;<\/p>\n<div id=\"attachment_4243\" style=\"width: 598px\" class=\"wp-caption aligncenter\"><a href=\"https:\/\/neness.pl\/kosmetyki\/oczy\/cienie_do_powiek\/sleek_make_up_paleta_cieni_450_del_mar_volume_2.html\"><img loading=\"lazy\" decoding=\"async\" aria-describedby=\"caption-attachment-4243\" class=\" wp-image-4243\" src=\"http:\/\/ranking-kosmetykow.pl\/wp-content\/uploads\/2018\/02\/wiosna.jpg\" alt=\"\" width=\"588\" height=\"784\" srcset=\"https:\/\/neness.pl\/blog\/wp-content\/uploads\/2018\/02\/wiosna.jpg 750w, https:\/\/neness.pl\/blog\/wp-content\/uploads\/2018\/02\/wiosna-225x300.jpg 225w, https:\/\/neness.pl\/blog\/wp-content\/uploads\/2018\/02\/wiosna-610x813.jpg 610w\" sizes=\"auto, (max-width: 588px) 100vw, 588px\" \/><\/a><p id=\"caption-attachment-4243\" class=\"wp-caption-text\">Sleek Make Up Paleta Cieni #450 Del Mar Volume 2 \/<br \/>39,90 z\u0142<\/p><\/div>\n<h3>\u00a0<span style=\"color: #ffffff;\">.<\/span><\/h3>\n<h3>Lato<\/h3>\n<p>Pani <strong>lato<\/strong> to typ <strong>zimny<\/strong> \u2013 zar\u00f3wno cera, jak i w\u0142osy s\u0105 raczej jasne w odcieniu ch\u0142odnym, <strong>sk\u00f3ra<\/strong> ma mleczny, oliwkowy lub r\u00f3\u017cowo-be\u017cowy odcie\u0144. <strong>W\u0142osy<\/strong> lata maj\u0105 barw\u0119 popielat\u0105, jasnobr\u0105zow\u0105 lub platynow\u0105, <strong>oczy<\/strong> natomiast najcz\u0119\u015bciej s\u0105 szare, szaroniebieskie, niebieskie, piwne, szarozielone. Lato, podobnie jak pozosta\u0142e typy dzielimy na trzy rodzaje, czyli lato <strong>jasne<\/strong>, <strong>ch\u0142odne<\/strong> i <strong>zgaszone<\/strong>.<\/p>\n<p>Idealnymi kolorami dla lata b\u0119d\u0105 ch\u0142odne odcienie niebieskiego, zgaszony r\u00f3\u017c, jasne odcienie fioletu, pastelowe zielenie, \u015bliwka, malina, lawenda, z\u0142amana biel i g\u0142\u0119boka czer\u0144.<\/p>\n<p>&nbsp;<\/p>\n<div id=\"attachment_4244\" style=\"width: 591px\" class=\"wp-caption aligncenter\"><a href=\"https:\/\/neness.pl\/kosmetyki\/oczy\/cienie_do_powiek\/sleek_make_up_paleta_cieni_085_calm_before_the_storm.html\"><img loading=\"lazy\" decoding=\"async\" aria-describedby=\"caption-attachment-4244\" class=\" wp-image-4244\" src=\"http:\/\/ranking-kosmetykow.pl\/wp-content\/uploads\/2018\/02\/lato.jpg\" alt=\"\" width=\"581\" height=\"775\" srcset=\"https:\/\/neness.pl\/blog\/wp-content\/uploads\/2018\/02\/lato.jpg 750w, https:\/\/neness.pl\/blog\/wp-content\/uploads\/2018\/02\/lato-225x300.jpg 225w, https:\/\/neness.pl\/blog\/wp-content\/uploads\/2018\/02\/lato-610x813.jpg 610w\" sizes=\"auto, (max-width: 581px) 100vw, 581px\" \/><\/a><p id=\"caption-attachment-4244\" class=\"wp-caption-text\">Sleek Make Up Paleta Cieni #085 Calm Before The Storm \/<br \/>39,90 z\u0142<\/p><\/div>\n<p>&nbsp;<\/p>\n<h3>Jesie\u0144<\/h3>\n<p>Kobiety w typie <strong>jesieni<\/strong> tak\u017ce s\u0105 posiadaczkami urody w typie ciep\u0142ym. O ile w przypadku innych typ\u00f3w urody czasami \u0142atwo o w\u0105tpliwo\u015bci, tak w przypadku jesieni rozpoznanie typu jest zdecydowanie \u0142atwiejsze. Dlaczego? Jesie\u0144 charakteryzuje si\u0119 jasn\u0105, <strong>piegowat\u0105<\/strong> cer\u0105 w ciep\u0142ym odcieniu, bez rumie\u0144c\u00f3w i <strong>rudymi<\/strong> w\u0142osami. Oczy jesieni to odcienie ca\u0142a gama <strong>zieleni<\/strong> i <strong>br\u0105z\u00f3w<\/strong>.<br \/>\nTen typ do\u015b\u0107 trudno si\u0119 opala, zazwyczaj na kolor czerwony, a po wystawieniu sk\u00f3ry na s\u0142o\u0144ce pojawia si\u0119 na niej wi\u0119cej pieg\u00f3w. Kolorami jesieni s\u0105 barwy ziemi: zielenie, br\u0105zy, be\u017ce, rudo\u015bci, a tak\u017ce turkus. Jesie\u0144 dzielimy na trzy podtypy: <strong>zgaszony<\/strong>, <strong>ciep\u0142y<\/strong> i <strong>g\u0142\u0119boki<\/strong>.<\/p>\n<p>&nbsp;<\/p>\n<div id=\"attachment_4245\" style=\"width: 582px\" class=\"wp-caption aligncenter\"><a href=\"https:\/\/neness.pl\/kosmetyki\/oczy\/cienie_do_powiek\/sleek_make_up_paleta_cieni_447_garden_of_eden.html\"><img loading=\"lazy\" decoding=\"async\" aria-describedby=\"caption-attachment-4245\" class=\" wp-image-4245\" src=\"http:\/\/ranking-kosmetykow.pl\/wp-content\/uploads\/2018\/02\/jesie\u0144.png\" alt=\"\" width=\"572\" height=\"763\" \/><\/a><p id=\"caption-attachment-4245\" class=\"wp-caption-text\">Sleek Make Up Paleta Cieni #447 Garden Of Eden \/<br \/>39,90 z\u0142<\/p><\/div>\n<p>&nbsp;<\/p>\n<h3>Zima<\/h3>\n<p><strong>Zima<\/strong> to podobnie jak lato, typ <strong>ch\u0142odny<\/strong>. Jest to jeden z najtrudniejszych do rozpoznania typ\u00f3w, cz\u0119sto mylona jest bowiem z wiosn\u0105. Najbardziej charakterystyczn\u0105 urod\u0105 w typie zimy jest typ <strong>Kr\u00f3lewny \u015anie\u017cki<\/strong>, kt\u00f3ry charakteryzuje si\u0119 bardzo jasn\u0105, zimn\u0105 cer\u0105, czarnymi w\u0142osami i niebieskimi oczami. Co ciekawe, do typu zimy nale\u017cy tak\u017ce <strong>po\u0142udniowy<\/strong> typ urody, o sk\u00f3rze w ch\u0142odnym, oliwkowym odcieniu. Zima posiada <strong>ciemn\u0105<\/strong> <strong>opraw\u0119<\/strong> oczu, a barwa <strong>t\u0119cz\u00f3wki<\/strong> zazwyczaj jest w odcieniu zimnego b\u0142\u0119kitu, turkusu, niebieskiego, a tak\u017ce mo\u017ce wyst\u0119powa\u0107 w kolorze orzechowym lub czarnobr\u0105zowym. W\u0142osy zimy to zazwyczaj ciemne <strong>br\u0105zy<\/strong> i <strong>czer\u0144<\/strong>.<\/p>\n<p>Panie w typie zimy najlepiej wygl\u0105daj\u0105 w zdecydowanych kolorach \u2013 czerni, czerwieni, czystej bieli, a tak\u017ce w intensywnych fioletach. Typ zimy dzielimy na trzy podtypy: <strong>g\u0142\u0119bok\u0105<\/strong>, <strong>ch\u0142odn\u0105<\/strong> i <strong>czyst\u0105<\/strong>.<\/p>\n<p>&nbsp;<\/p>\n<div id=\"attachment_4246\" style=\"width: 628px\" class=\"wp-caption aligncenter\"><a href=\"https:\/\/neness.pl\/kosmetyki\/oczy\/cienie_do_powiek\/sleek_make_up_paleta_cieni_596_bad_girl.html\"><img loading=\"lazy\" decoding=\"async\" aria-describedby=\"caption-attachment-4246\" class=\" wp-image-4246\" src=\"http:\/\/ranking-kosmetykow.pl\/wp-content\/uploads\/2018\/02\/zima.jpg\" alt=\"\" width=\"618\" height=\"824\" srcset=\"https:\/\/neness.pl\/blog\/wp-content\/uploads\/2018\/02\/zima.jpg 750w, https:\/\/neness.pl\/blog\/wp-content\/uploads\/2018\/02\/zima-225x300.jpg 225w, https:\/\/neness.pl\/blog\/wp-content\/uploads\/2018\/02\/zima-610x813.jpg 610w\" sizes=\"auto, (max-width: 618px) 100vw, 618px\" \/><\/a><p id=\"caption-attachment-4246\" class=\"wp-caption-text\">Sleek Make Up Paleta Cieni #596 Bad Girl \/<br \/>39,90 z\u0142<\/p><\/div>\n","protected":false},"excerpt":{"rendered":"<p>Okre\u015blenie typu urody i analiza kolorystyczna w ostatnim czasie ciesz\u0105 si\u0119 coraz wi\u0119ksz\u0105 popularno\u015bci\u0105. Dlaczego? Dzi\u0119ki niej nasz makija\u017c, bi\u017cuteria i ubi\u00f3r b\u0119d\u0105 doskonale dopasowane i pi\u0119knie podkre\u015bl\u0105 koloryt cery, oczu i w\u0142os\u00f3w, wydobywaj\u0105c nasze najlepsze cechy. Tak\u0105 analiz\u0119 przeprowadza si\u0119 bior\u0105c pod uwag\u0119\u00a0odcie\u0144\u00a0sk\u00f3ry, t\u0119cz\u00f3wki i naturalnych w\u0142os\u00f3w, a tak\u017ce ich temperatur\u0119 \u2013 a mianowicie [&hellip;]<\/p>\n","protected":false},"author":2,"featured_media":4240,"comment_status":"open","ping_status":"open","sticky":false,"template":"","format":"standard","meta":{"_et_pb_use_builder":"","_et_pb_old_content":"","_et_gb_content_width":"","footnotes":""},"categories":[6],"tags":[],"class_list":["post-4239","post","type-post","status-publish","format-standard","has-post-thumbnail","hentry","category-trendy","et-has-post-format-content","et_post_format-et-post-format-standard"],"_links":{"self":[{"href":"https:\/\/neness.pl\/blog\/wp-json\/wp\/v2\/posts\/4239","targetHints":{"allow":["GET"]}}],"collection":[{"href":"https:\/\/neness.pl\/blog\/wp-json\/wp\/v2\/posts"}],"about":[{"href":"https:\/\/neness.pl\/blog\/wp-json\/wp\/v2\/types\/post"}],"author":[{"embeddable":true,"href":"https:\/\/neness.pl\/blog\/wp-json\/wp\/v2\/users\/2"}],"replies":[{"embeddable":true,"href":"https:\/\/neness.pl\/blog\/wp-json\/wp\/v2\/comments?post=4239"}],"version-history":[{"count":0,"href":"https:\/\/neness.pl\/blog\/wp-json\/wp\/v2\/posts\/4239\/revisions"}],"wp:featuredmedia":[{"embeddable":true,"href":"https:\/\/neness.pl\/blog\/wp-json\/wp\/v2\/media\/4240"}],"wp:attachment":[{"href":"https:\/\/neness.pl\/blog\/wp-json\/wp\/v2\/media?parent=4239"}],"wp:term":[{"taxonomy":"category","embeddable":true,"href":"https:\/\/neness.pl\/blog\/wp-json\/wp\/v2\/categories?post=4239"},{"taxonomy":"post_tag","embeddable":true,"href":"https:\/\/neness.pl\/blog\/wp-json\/wp\/v2\/tags?post=4239"}],"curies":[{"name":"wp","href":"https:\/\/api.w.org\/{rel}","templated":true}]}}