{"id":4228,"date":"2018-02-23T12:31:08","date_gmt":"2018-02-23T11:31:08","guid":{"rendered":"http:\/\/ranking-kosmetykow.pl\/?p=4228"},"modified":"2018-02-23T12:31:08","modified_gmt":"2018-02-23T11:31:08","slug":"wieczorna-pielegnacja-cery-obudz-sie-z-piekniejsza-skora","status":"publish","type":"post","link":"https:\/\/neness.pl\/blog\/wieczorna-pielegnacja-cery-obudz-sie-z-piekniejsza-skora\/","title":{"rendered":"Wieczorna piel\u0119gnacja cery \u2013 obud\u017a si\u0119 z pi\u0119kniejsz\u0105 sk\u00f3r\u0105!"},"content":{"rendered":"<p>Wieczornej piel\u0119gnacji cery powinny\u015bmy po\u015bwi\u0119ca\u0107 zdecydowanie wi\u0119cej czasu ni\u017c tej porannej. Dlaczego? Bo to w\u0142a\u015bnie od niej w najwi\u0119kszym stopniu b\u0119dzie zale\u017ca\u0142 wygl\u0105d naszej sk\u00f3ry. Jak wi\u0119c powinien wygl\u0105da\u0107 wieczorny rytua\u0142 piel\u0119gnacyjny? To zale\u017cy przede wszystkim od typu cery, jednak istnieje kilka krok\u00f3w, kt\u00f3re sprawdz\u0105 si\u0119, a wr\u0119cz powinny znale\u017a\u0107 si\u0119 w codziennej piel\u0119gnacji sk\u00f3ry ka\u017cdej z nas. Jakie to kroki? Zapraszamy do lektury.<\/p>\n<p>&nbsp;<\/p>\n<h3>Zacznij od oczyszczania<\/h3>\n<p>Zdecydowanie odpowiednie, dostosowane do typu cery <strong>oczyszczanie<\/strong> to najwa\u017cniejszy punkt wieczornego rytua\u0142u piel\u0119gnacyjnego. Niezale\u017cnie od tego, czy jeste\u015b fank\u0105<a href=\"http:\/\/ranking-kosmetykow.pl\/2017\/09\/04\/azjatyckie-sposoby-na-piekna-skore\/\"> azjatyckich zasad piel\u0119gnacji cery<\/a>, czy bli\u017cej Ci jednak do tych zachodnich, ka\u017cde oczyszczanie cery powinno zacz\u0105\u0107 si\u0119 od dok\u0142adnego <strong>demakija\u017cu<\/strong> twarzy i szyi. To, jakiego produktu u\u017cyjesz, zale\u017cy tylko i wy\u0142\u0105cznie od Ciebie i tego, co lubi Twoja sk\u00f3ra \u2013 mo\u017cesz wi\u0119c si\u0119gn\u0105\u0107 po olejek, balsam myj\u0105cy lub p\u0142yn micelarny.<\/p>\n<p>&nbsp;<\/p>\n<div id=\"attachment_4147\" style=\"width: 543px\" class=\"wp-caption aligncenter\"><a href=\"https:\/\/neness.pl\/kosmetyki\/pielegnacja_twarzy\/demakijaz_i_oczyszczanie\/dermacol_delikatny_krem_oczyszczajacy_hyaluron_wash_cream.html\"><img loading=\"lazy\" decoding=\"async\" aria-describedby=\"caption-attachment-4147\" class=\"wp-image-4147\" src=\"http:\/\/ranking-kosmetykow.pl\/wp-content\/uploads\/2018\/02\/6f89afaeb6d6cd288c60025cd5304486.jpg\" alt=\"\" width=\"533\" height=\"711\" srcset=\"https:\/\/neness.pl\/blog\/wp-content\/uploads\/2018\/02\/6f89afaeb6d6cd288c60025cd5304486.jpg 750w, https:\/\/neness.pl\/blog\/wp-content\/uploads\/2018\/02\/6f89afaeb6d6cd288c60025cd5304486-225x300.jpg 225w, https:\/\/neness.pl\/blog\/wp-content\/uploads\/2018\/02\/6f89afaeb6d6cd288c60025cd5304486-610x813.jpg 610w\" sizes=\"auto, (max-width: 533px) 100vw, 533px\" \/><\/a><p id=\"caption-attachment-4147\" class=\"wp-caption-text\">Dermacol Delikatny Krem Oczyszczaj\u0105cy Hyaluron Wash Cream \/<br \/> 16,50 z\u0142<\/p><\/div>\n<p>&nbsp;<\/p>\n<p>Pami\u0119taj jednak, \u017ce zmycie makija\u017cu to dopiero pierwszy krok do oczyszczenia cery. Po nim przychodzi czas na <strong>mycie w\u0142a\u015bciwe<\/strong> sk\u00f3ry, dzi\u0119ki kt\u00f3remu usuniemy ewentualne resztki makija\u017cu i \u015brodka, kt\u00f3rego u\u017cy\u0142y\u015bmy do zmycia kolor\u00f3wki. Tutaj \u015bwietnie sprawdzi si\u0119 \u0142agodny \u017cel do mycia lub myj\u0105ca pianka.<\/p>\n<p>&nbsp;<\/p>\n<h3>Peeling<\/h3>\n<p><strong>Peeling<\/strong> to kolejny krok, kt\u00f3ry powinien znale\u017a\u0107 si\u0119 w wieczornej piel\u0119gnacji. Nie powinno robi\u0107 si\u0119 go codziennie, warto jednak u\u017cywa\u0107 go dwa razy w tygodniu. Wyg\u0142adzi cer\u0119, usunie martwy nask\u00f3rek, a tak\u017ce sprawi, \u017ce kolejne kosmetyki lepiej zadzia\u0142aj\u0105. Wybierz <a href=\"http:\/\/ranking-kosmetykow.pl\/2017\/12\/20\/peeling-dlaczego-warto-robic-go-regularnie\/\">peeling<\/a>, kt\u00f3ry najlepiej sprawdza si\u0119 przy Twoim typie cery &#8211; mechaniczny lub enzymatyczny.<\/p>\n<p>&nbsp;<\/p>\n<h3>Nawil\u017canie<\/h3>\n<p>Po demakija\u017cu i ewentualnym peelingu czas na przywr\u00f3cenie odpowiedniego pH sk\u00f3ry, czyli <strong>tonizowanie<\/strong>. W tym celu wybierz odpowiedni <a href=\"http:\/\/ranking-kosmetykow.pl\/2017\/11\/23\/czy-tonik-do-twarzy-to-koniecznosc\/\">tonik<\/a> lub hydrolat \u2013 najlepiej taki, kt\u00f3ry b\u0119dzie dopasowany do rodzaju Twojej sk\u00f3ry. Mo\u017cesz tak\u017ce u\u017cy\u0107 p\u0142ynu micelarnego.<\/p>\n<p>&nbsp;<\/p>\n<div id=\"attachment_4151\" style=\"width: 588px\" class=\"wp-caption aligncenter\"><a href=\"https:\/\/neness.pl\/kosmetyki\/pielegnacja_twarzy\/kremy\/dermacol_gold_elixir_odmladzajacy_krem_na_noc.html\"><img loading=\"lazy\" decoding=\"async\" aria-describedby=\"caption-attachment-4151\" class=\"wp-image-4151\" src=\"http:\/\/ranking-kosmetykow.pl\/wp-content\/uploads\/2018\/02\/900985a73c91095227caa86fbad8ed4b.jpg\" alt=\"\" width=\"578\" height=\"771\" srcset=\"https:\/\/neness.pl\/blog\/wp-content\/uploads\/2018\/02\/900985a73c91095227caa86fbad8ed4b.jpg 750w, https:\/\/neness.pl\/blog\/wp-content\/uploads\/2018\/02\/900985a73c91095227caa86fbad8ed4b-225x300.jpg 225w, https:\/\/neness.pl\/blog\/wp-content\/uploads\/2018\/02\/900985a73c91095227caa86fbad8ed4b-610x813.jpg 610w\" sizes=\"auto, (max-width: 578px) 100vw, 578px\" \/><\/a><p id=\"caption-attachment-4151\" class=\"wp-caption-text\">Dermacol Gold Elixir Odm\u0142adzaj\u0105cy Krem na Noc \/<br \/> 39,80 z\u0142<\/p><\/div>\n<p>&nbsp;<\/p>\n<p>Teraz nadszed\u0142 czas na <strong>krem<\/strong> <strong>nawil\u017caj\u0105cy<\/strong>. Pami\u0119taj, \u017ce to kolejny obowi\u0105zkowy punkt, niezale\u017cnie od typu cery. Ka\u017cdy rodzaj sk\u00f3ry potrzebuje bowiem odpowiedniego nawil\u017cenia, musimy znale\u017a\u0107 tylko najlepiej pasuj\u0105cy do niej produkt.<\/p>\n<p>Na noc warto zdecydowa\u0107 si\u0119 na bardziej <strong>skoncentrowane<\/strong> i <strong>bogatsze<\/strong> kosmetyki, kt\u00f3re od\u017cywi\u0105 i zregeneruj\u0105 sk\u00f3r\u0119. Upewnij si\u0119 jednak, \u017ce wybrany przez Ciebie krem nie zawiera filtr\u00f3w przeciws\u0142onecznych \u2014 u\u017cyty na noc mo\u017ce przyczynia\u0107 si\u0119 do zapychania por\u00f3w o i powodowa\u0107 niedoskona\u0142o\u015bci.<\/p>\n<p>&nbsp;<\/p>\n<div id=\"attachment_4100\" style=\"width: 597px\" class=\"wp-caption aligncenter\"><a href=\"https:\/\/neness.pl\/kosmetyki\/pielegnacja_twarzy\/kremy\/dermacol_zel_na_zmeczone_oczy_eye_gold_gel.html\"><img loading=\"lazy\" decoding=\"async\" aria-describedby=\"caption-attachment-4100\" class=\"wp-image-4100\" src=\"http:\/\/ranking-kosmetykow.pl\/wp-content\/uploads\/2018\/01\/e578b1406007e75cbd2bff19fd33d268-1.jpg\" alt=\"\" width=\"587\" height=\"783\" srcset=\"https:\/\/neness.pl\/blog\/wp-content\/uploads\/2018\/01\/e578b1406007e75cbd2bff19fd33d268-1.jpg 750w, https:\/\/neness.pl\/blog\/wp-content\/uploads\/2018\/01\/e578b1406007e75cbd2bff19fd33d268-1-225x300.jpg 225w, https:\/\/neness.pl\/blog\/wp-content\/uploads\/2018\/01\/e578b1406007e75cbd2bff19fd33d268-1-610x813.jpg 610w\" sizes=\"auto, (max-width: 587px) 100vw, 587px\" \/><\/a><p id=\"caption-attachment-4100\" class=\"wp-caption-text\">Dermacol \u017bel na Zm\u0119czone Oczy Eye Gold Gel \/<br \/> 24,90 z\u0142<\/p><\/div>\n<p>&nbsp;<\/p>\n<p>To tak\u017ce doskona\u0142y moment, by zadba\u0107 o <strong>okolice oczu <\/strong>\u2013 je\u017celi sko\u0144czy\u0142a\u015b dwadzie\u015bcia lat, warto pomy\u015ble\u0107 o pierwszym kremie do tych okolic.<\/p>\n<h3>\u00a0<span style=\"color: #ffffff;\">.<\/span><\/h3>\n<h3>Dodatkowe kroki<\/h3>\n<p>Wieczorna piel\u0119gnacja to tak\u017ce doskona\u0142y moment, by zastosowa\u0107 <strong>serum<\/strong> i r\u00f3\u017cnego rodzaju <strong>maski<\/strong>. Pami\u0119taj, \u017ce serum zawsze nak\u0142adamy na sk\u00f3r\u0119 przed na\u0142o\u017ceniem kremu.<\/p>\n<p>&nbsp;<\/p>\n<div id=\"attachment_3492\" style=\"width: 587px\" class=\"wp-caption aligncenter\"><a href=\"https:\/\/neness.pl\/kosmetyki\/pielegnacja_twarzy\/maseczki\/holika_holika_maseczka_juicy_aloe_maska_aloesowa.html\"><img loading=\"lazy\" decoding=\"async\" aria-describedby=\"caption-attachment-3492\" class=\"wp-image-3492\" src=\"http:\/\/ranking-kosmetykow.pl\/wp-content\/uploads\/2017\/10\/fe26f9ecbf4e9031f42fc5224630fd52.jpg\" alt=\"\" width=\"577\" height=\"769\" srcset=\"https:\/\/neness.pl\/blog\/wp-content\/uploads\/2017\/10\/fe26f9ecbf4e9031f42fc5224630fd52.jpg 750w, https:\/\/neness.pl\/blog\/wp-content\/uploads\/2017\/10\/fe26f9ecbf4e9031f42fc5224630fd52-225x300.jpg 225w, https:\/\/neness.pl\/blog\/wp-content\/uploads\/2017\/10\/fe26f9ecbf4e9031f42fc5224630fd52-610x813.jpg 610w\" sizes=\"auto, (max-width: 577px) 100vw, 577px\" \/><\/a><p id=\"caption-attachment-3492\" class=\"wp-caption-text\">Holika Holika Maseczka Juicy Aloe Maska Aloesowa \/<br \/> 9,90 z\u0142<\/p><\/div>\n<p>&nbsp;<\/p>\n<p>Po maseczki natomiast nie musimy si\u0119ga\u0107 codziennie, wystarczy, \u017ce dwa lub trzy razy w tygodniu zastosujemy na przyk\u0142ad <a href=\"http:\/\/ranking-kosmetykow.pl\/2017\/10\/09\/maseczki-w-plachcie-ktora-wybrac\/\">mask\u0119 w p\u0142achcie<\/a>. Je\u017celi zdecydujesz si\u0119 na maseczk\u0119 nawil\u017caj\u0105c\u0105, nie musisz ju\u017c nak\u0142ada\u0107 kremu.<\/p>\n<p>A jak wygl\u0105da Twoja wieczorna piel\u0119gnacja?<\/p>\n","protected":false},"excerpt":{"rendered":"<p>Wieczornej piel\u0119gnacji cery powinny\u015bmy po\u015bwi\u0119ca\u0107 zdecydowanie wi\u0119cej czasu ni\u017c tej porannej. Dlaczego? Bo to w\u0142a\u015bnie od niej w najwi\u0119kszym stopniu b\u0119dzie zale\u017ca\u0142 wygl\u0105d naszej sk\u00f3ry. Jak wi\u0119c powinien wygl\u0105da\u0107 wieczorny rytua\u0142 piel\u0119gnacyjny? To zale\u017cy przede wszystkim od typu cery, jednak istnieje kilka krok\u00f3w, kt\u00f3re sprawdz\u0105 si\u0119, a wr\u0119cz powinny znale\u017a\u0107 si\u0119 w codziennej piel\u0119gnacji sk\u00f3ry [&hellip;]<\/p>\n","protected":false},"author":2,"featured_media":3984,"comment_status":"open","ping_status":"open","sticky":false,"template":"","format":"standard","meta":{"_et_pb_use_builder":"","_et_pb_old_content":"","_et_gb_content_width":"","footnotes":""},"categories":[185],"tags":[],"class_list":["post-4228","post","type-post","status-publish","format-standard","has-post-thumbnail","hentry","category-codzienna-pielegnacja","et-has-post-format-content","et_post_format-et-post-format-standard"],"_links":{"self":[{"href":"https:\/\/neness.pl\/blog\/wp-json\/wp\/v2\/posts\/4228","targetHints":{"allow":["GET"]}}],"collection":[{"href":"https:\/\/neness.pl\/blog\/wp-json\/wp\/v2\/posts"}],"about":[{"href":"https:\/\/neness.pl\/blog\/wp-json\/wp\/v2\/types\/post"}],"author":[{"embeddable":true,"href":"https:\/\/neness.pl\/blog\/wp-json\/wp\/v2\/users\/2"}],"replies":[{"embeddable":true,"href":"https:\/\/neness.pl\/blog\/wp-json\/wp\/v2\/comments?post=4228"}],"version-history":[{"count":0,"href":"https:\/\/neness.pl\/blog\/wp-json\/wp\/v2\/posts\/4228\/revisions"}],"wp:featuredmedia":[{"embeddable":true,"href":"https:\/\/neness.pl\/blog\/wp-json\/wp\/v2\/media\/3984"}],"wp:attachment":[{"href":"https:\/\/neness.pl\/blog\/wp-json\/wp\/v2\/media?parent=4228"}],"wp:term":[{"taxonomy":"category","embeddable":true,"href":"https:\/\/neness.pl\/blog\/wp-json\/wp\/v2\/categories?post=4228"},{"taxonomy":"post_tag","embeddable":true,"href":"https:\/\/neness.pl\/blog\/wp-json\/wp\/v2\/tags?post=4228"}],"curies":[{"name":"wp","href":"https:\/\/api.w.org\/{rel}","templated":true}]}}