{"id":4215,"date":"2018-02-21T13:54:55","date_gmt":"2018-02-21T12:54:55","guid":{"rendered":"http:\/\/ranking-kosmetykow.pl\/?p=4215"},"modified":"2018-02-21T13:54:55","modified_gmt":"2018-02-21T12:54:55","slug":"alantoina-jak-dziala-na-skore","status":"publish","type":"post","link":"https:\/\/neness.pl\/blog\/alantoina-jak-dziala-na-skore\/","title":{"rendered":"Alantoina \u2013 jak dzia\u0142a na sk\u00f3r\u0119?"},"content":{"rendered":"<p>Na pewno wiele z nas spotka\u0142o si\u0119 ju\u017c wielokrotnie z kosmetykami, szczeg\u00f3lnie kremami, kt\u00f3re w swoim sk\u0142adzie zawieraj\u0105 alantoin\u0119. W dzisiejszym wpisie odpowiemy na pytanie, czym jest ta substancja, jakie ma zastosowanie i w jakich kosmetykach mo\u017cemy najcz\u0119\u015bciej j\u0105 spotka\u0107.<\/p>\n<p>&nbsp;<\/p>\n<h3>Alantoina \u2014 co to takiego?<\/h3>\n<p><strong>Alantoina<\/strong> to zwi\u0105zek chemiczny pochodzenia naturalnego. Jest ona pochodn\u0105 <strong>kwasu moczowego<\/strong>, a w przyrodzie wyst\u0119puje w korzeniu \u017cywokostu lekarskiego. Jednak ta, kt\u00f3r\u0105 na co dzie\u0144 spotykamy w powszechnie dost\u0119pnych kosmetykach, wytwarzana jest syntetycznie w laboratorium.<\/p>\n<p>Alantoina stosowana w przemy\u015ble farmaceutycznym i kosmetycznym ma posta\u0107 bia\u0142ego <strong>proszku<\/strong>, kt\u00f3ry s\u0142abo rozpuszcza si\u0119 w wodzie, wykazuje natomiast szereg w\u0142a\u015bciwo\u015bci, kt\u00f3re dobroczynnie wp\u0142ywaj\u0105 na stan naszej sk\u00f3ry.<\/p>\n<p>&nbsp;<\/p>\n<div id=\"attachment_4216\" style=\"width: 1010px\" class=\"wp-caption aligncenter\"><img loading=\"lazy\" decoding=\"async\" aria-describedby=\"caption-attachment-4216\" class=\"size-full wp-image-4216\" src=\"http:\/\/ranking-kosmetykow.pl\/wp-content\/uploads\/2018\/02\/Fotolia_141043423_Subscription_XL.jpg\" alt=\"\" width=\"1000\" height=\"666\" srcset=\"https:\/\/neness.pl\/blog\/wp-content\/uploads\/2018\/02\/Fotolia_141043423_Subscription_XL.jpg 1000w, https:\/\/neness.pl\/blog\/wp-content\/uploads\/2018\/02\/Fotolia_141043423_Subscription_XL-300x200.jpg 300w, https:\/\/neness.pl\/blog\/wp-content\/uploads\/2018\/02\/Fotolia_141043423_Subscription_XL-768x511.jpg 768w, https:\/\/neness.pl\/blog\/wp-content\/uploads\/2018\/02\/Fotolia_141043423_Subscription_XL-610x406.jpg 610w\" sizes=\"auto, (max-width: 1000px) 100vw, 1000px\" \/><p id=\"caption-attachment-4216\" class=\"wp-caption-text\">fotolia.com, #141043423 | Autor: Kalim<\/p><\/div>\n<p>&nbsp;<\/p>\n<h3>Alantoina \u2013 w\u0142a\u015bciwo\u015bci i dzia\u0142anie<\/h3>\n<p>Alantoina to substancja szeroko stosowana w kosmetyce i przemy\u015ble farmaceutycznym przede wszystkim ze wzgl\u0119du na swoje dzia\u0142anie <strong>nawil\u017caj\u0105ce<\/strong> i <strong>\u0142agodz\u0105ce<\/strong>. Co wi\u0119cej, pomaga ona tak\u017ce w <strong>regeneracji<\/strong> nask\u00f3rka, przyspiesza gojenie ran, a jako pochodna kwasu moczowego, ma tak\u017ce w\u0142a\u015bciwo\u015bci zmi\u0119kczaj\u0105ce nask\u00f3rek. Ponadto dzia\u0142a ona tak\u017ce przeciwzapalnie.<\/p>\n<p>Substancja ta bardzo dobrze sprawdza si\u0119 w piel\u0119gnacji sk\u00f3ry wra\u017cliwej, bo \u0142agodzi zaczerwienienia i uspokaja sk\u00f3r\u0119, zmniejsza uczucie pieczenia, a dzi\u0119ki temu, \u017ce przyspiesza i pobudza podzia\u0142 kom\u00f3rek, pomaga regenerowa\u0107 nask\u00f3rek. Doskonale sprawdza si\u0119 wi\u0119c przy <strong>leczeniu<\/strong> oparze\u0144, skalecze\u0144 i innych uszkodze\u0144 sk\u00f3ry.<\/p>\n<p>Warto tak\u017ce pami\u0119ta\u0107, \u017ce alantoina jest tak\u017ce <strong>humektantem<\/strong> \u2013 jest wi\u0119c substancj\u0105 maj\u0105c\u0105 zdolno\u015b\u0107 przyci\u0105gania i zatrzymywania cz\u0105steczek wody w sk\u00f3rze, doskonale nawil\u017ca, a tak\u017ce wyg\u0142adza nask\u00f3rek.<\/p>\n<p>&nbsp;<\/p>\n<div id=\"attachment_3569\" style=\"width: 1034px\" class=\"wp-caption aligncenter\"><img loading=\"lazy\" decoding=\"async\" aria-describedby=\"caption-attachment-3569\" class=\"size-large wp-image-3569\" src=\"http:\/\/ranking-kosmetykow.pl\/wp-content\/uploads\/2017\/10\/Fotolia_132896681_Subscription_XXL-1024x683.jpg\" alt=\"\" width=\"1024\" height=\"683\" \/><p id=\"caption-attachment-3569\" class=\"wp-caption-text\">fotolia.com, #132896681 | Autor: baibaz<\/p><\/div>\n<p>&nbsp;<\/p>\n<h3>Kosmetyki z alantoin\u0105 \u2013 dla kogo?<\/h3>\n<p>Kosmetyki z alantoin\u0105 polecane s\u0105 przede wszystkim osobom, kt\u00f3re walcz\u0105 z <strong>problemami dermatologicznymi<\/strong>. Substancja ta szczeg\u00f3lnie polecana jest przy piel\u0119gnacji sk\u00f3ry <strong>tr\u0105dzikowej<\/strong>, <strong>wra\u017cliwej<\/strong>, sk\u0142onnej do zaczerwienie\u0144, a tak\u017ce dla os\u00f3b cierpi\u0105cych na <strong>\u0142uszczyc\u0119<\/strong>, <strong>\u0142upie\u017c<\/strong> czy atopowe zapalenie sk\u00f3ry.<\/p>\n<p>Alantoin\u0119 bardzo cz\u0119sto znale\u017a\u0107 mo\u017cemy tak\u017ce w kosmetykach przeznaczonych do piel\u0119gnacji sk\u00f3ry <strong>niemowl\u0105t<\/strong> i <strong>dzieci<\/strong>, poniewa\u017c wzmacnia ona warstw\u0119 hydrolipidow\u0105 nask\u00f3rka oraz \u0142agodzi podra\u017cnienia, co jest szczeg\u00f3lnie wa\u017cne w przypadku delikatnej sk\u00f3ry maluch\u00f3w.<\/p>\n<p>\u0141agodz\u0105ce i regeneruj\u0105ce w\u0142a\u015bciwo\u015bci alantoiny wykorzystywane s\u0105 tak\u017ce w <strong>kremach<\/strong> i <strong>ma\u015bciach<\/strong>, kt\u00f3rych celem jest leczenie oparze\u0144, otar\u0107, skalecze\u0144. Cz\u0119sto, r\u00f3wnie\u017c ze wzgl\u0119du na te w\u0142a\u015bciwo\u015bci, bywa sk\u0142adnikiem krem\u00f3w i balsam\u00f3w do opalania.<\/p>\n<p>Alantoina wyst\u0119puje jednak nie tylko w kremach i balsamach do twarzy i cia\u0142a. Spotka\u0107 mo\u017cemy j\u0105 tak\u017ce w \u017celach i p\u0142ynach do <strong>k\u0105pieli<\/strong>, myd\u0142ach, kosmetykach do higieny intymnej, kremach do r\u0105k, balsamach i <strong>pomadkach<\/strong> do ust, a tak\u017ce w <strong>kosmetykach do<\/strong> <strong>makija\u017cu<\/strong>.<\/p>\n","protected":false},"excerpt":{"rendered":"<p>Na pewno wiele z nas spotka\u0142o si\u0119 ju\u017c wielokrotnie z kosmetykami, szczeg\u00f3lnie kremami, kt\u00f3re w swoim sk\u0142adzie zawieraj\u0105 alantoin\u0119. W dzisiejszym wpisie odpowiemy na pytanie, czym jest ta substancja, jakie ma zastosowanie i w jakich kosmetykach mo\u017cemy najcz\u0119\u015bciej j\u0105 spotka\u0107. &nbsp; Alantoina \u2014 co to takiego? Alantoina to zwi\u0105zek chemiczny pochodzenia naturalnego. Jest ona pochodn\u0105 [&hellip;]<\/p>\n","protected":false},"author":2,"featured_media":4217,"comment_status":"open","ping_status":"open","sticky":false,"template":"","format":"standard","meta":{"_et_pb_use_builder":"","_et_pb_old_content":"","_et_gb_content_width":"","footnotes":""},"categories":[185],"tags":[],"class_list":["post-4215","post","type-post","status-publish","format-standard","has-post-thumbnail","hentry","category-codzienna-pielegnacja","et-has-post-format-content","et_post_format-et-post-format-standard"],"_links":{"self":[{"href":"https:\/\/neness.pl\/blog\/wp-json\/wp\/v2\/posts\/4215","targetHints":{"allow":["GET"]}}],"collection":[{"href":"https:\/\/neness.pl\/blog\/wp-json\/wp\/v2\/posts"}],"about":[{"href":"https:\/\/neness.pl\/blog\/wp-json\/wp\/v2\/types\/post"}],"author":[{"embeddable":true,"href":"https:\/\/neness.pl\/blog\/wp-json\/wp\/v2\/users\/2"}],"replies":[{"embeddable":true,"href":"https:\/\/neness.pl\/blog\/wp-json\/wp\/v2\/comments?post=4215"}],"version-history":[{"count":0,"href":"https:\/\/neness.pl\/blog\/wp-json\/wp\/v2\/posts\/4215\/revisions"}],"wp:featuredmedia":[{"embeddable":true,"href":"https:\/\/neness.pl\/blog\/wp-json\/wp\/v2\/media\/4217"}],"wp:attachment":[{"href":"https:\/\/neness.pl\/blog\/wp-json\/wp\/v2\/media?parent=4215"}],"wp:term":[{"taxonomy":"category","embeddable":true,"href":"https:\/\/neness.pl\/blog\/wp-json\/wp\/v2\/categories?post=4215"},{"taxonomy":"post_tag","embeddable":true,"href":"https:\/\/neness.pl\/blog\/wp-json\/wp\/v2\/tags?post=4215"}],"curies":[{"name":"wp","href":"https:\/\/api.w.org\/{rel}","templated":true}]}}