{"id":4208,"date":"2018-02-20T12:59:35","date_gmt":"2018-02-20T11:59:35","guid":{"rendered":"http:\/\/ranking-kosmetykow.pl\/?p=4208"},"modified":"2018-02-20T12:59:35","modified_gmt":"2018-02-20T11:59:35","slug":"suche-skorki-na-twarzy-czy-mozna-sie-ich-pozbyc","status":"publish","type":"post","link":"https:\/\/neness.pl\/blog\/suche-skorki-na-twarzy-czy-mozna-sie-ich-pozbyc\/","title":{"rendered":"Suche sk\u00f3rki na twarzy \u2013 czy mo\u017cna si\u0119 ich pozby\u0107?"},"content":{"rendered":"<p>Suche sk\u00f3rki, szczeg\u00f3lnie zim\u0105, to zmora wielu kobiet. Cho\u0107 najcz\u0119\u015bciej zauwa\u017cy\u0107 je mo\u017cemy u posiadaczek sk\u00f3ry suchej, to o tej porze roku nawet te z nas, kt\u00f3re s\u0105 posiadaczkami cery t\u0142ustej, mog\u0105 znale\u017a\u0107 na twarzy przesuszon\u0105 sk\u00f3r\u0119. Jak poradzi\u0107 sobie z tym problemem? Jakie kosmetyki mog\u0105 okaza\u0107 si\u0119 pomocne?<\/p>\n<p>&nbsp;<\/p>\n<h3>Przyczyny powstawania suchych sk\u00f3rek<\/h3>\n<p><strong>Suche sk\u00f3rki<\/strong> to przede wszystkim efekt z\u0142ej piel\u0119gnacji sk\u00f3ry i niekorzystnych warunk\u00f3w zewn\u0119trznych, na jakie codziennie nara\u017cona jest nasza sk\u00f3ra. W\u0142a\u015bnie zim\u0105 jest o to szczeg\u00f3lnie \u0142atwo, bo suche powietrze i ogrzewanie nie pozostaj\u0105 bez wp\u0142ywu na kondycj\u0119 cery.<\/p>\n<p>Poza tym cz\u0119st\u0105 przyczyn\u0105 pojawiania si\u0119 suchych sk\u00f3rek jest tak\u017ce <strong>niedostateczna<\/strong> ilo\u015b\u0107 wypijanej codziennie wody \u2013 powinny\u015bmy pi\u0107 co najmniej 2 litry wody ka\u017cdego dnia, tak\u017ce zim\u0105, oraz\u00a0zbyt ma\u0142a ilo\u015b\u0107 kwas\u00f3w omega 3 i omega 6 dostarczanych w <strong>diecie<\/strong>. Opr\u00f3cz tego ogromny wp\u0142yw na wygl\u0105d sk\u00f3ry na twarzy ma tak\u017ce oczywi\u015bcie wspomniana ju\u017c wcze\u015bniej w\u0142a\u015bciwa\u00a0<strong>piel\u0119gnacja<\/strong>.<\/p>\n<p>&nbsp;<\/p>\n<div id=\"attachment_4188\" style=\"width: 591px\" class=\"wp-caption aligncenter\"><img loading=\"lazy\" decoding=\"async\" aria-describedby=\"caption-attachment-4188\" class=\" wp-image-4188\" src=\"http:\/\/ranking-kosmetykow.pl\/wp-content\/uploads\/2018\/02\/b9c155c6db311353a93d1fbe2a28136c.jpg\" alt=\"\" width=\"581\" height=\"775\" srcset=\"https:\/\/neness.pl\/blog\/wp-content\/uploads\/2018\/02\/b9c155c6db311353a93d1fbe2a28136c.jpg 750w, https:\/\/neness.pl\/blog\/wp-content\/uploads\/2018\/02\/b9c155c6db311353a93d1fbe2a28136c-225x300.jpg 225w, https:\/\/neness.pl\/blog\/wp-content\/uploads\/2018\/02\/b9c155c6db311353a93d1fbe2a28136c-610x813.jpg 610w\" sizes=\"auto, (max-width: 581px) 100vw, 581px\" \/><p id=\"caption-attachment-4188\" class=\"wp-caption-text\">Holika Holika Maseczka z Kwasem Hialuronowym Skin Rescue Hyaluronic Mask Sheet \/<br \/>13,50 z\u0142<\/p><\/div>\n<p>&nbsp;<\/p>\n<h3>Regularny peeling<\/h3>\n<p>Tak, <strong>peeling<\/strong> to najwi\u0119kszy sojusznik w walce z suchymi sk\u00f3rkami. Nie tylko pomaga on usun\u0105\u0107 przesuszony i szorstki nask\u00f3rek, ale tak\u017ce doskonale <strong>wyg\u0142adza<\/strong> sk\u00f3r\u0119 i przygotowuje j\u0105 do kolejnych zabieg\u00f3w piel\u0119gnacyjnych. Je\u017celi jeste\u015b posiadaczk\u0105 sk\u00f3ry wra\u017cliwej, si\u0119gnij po delikatny <a href=\"http:\/\/ranking-kosmetykow.pl\/2017\/12\/20\/peeling-dlaczego-warto-robic-go-regularnie\/\">peeling<\/a> <strong>enzymatyczny<\/strong>, kt\u00f3ry nie zawiera drobinek \u015bcieraj\u0105cych, nie powinien wi\u0119c dodatkowo podra\u017cnia\u0107 delikatnej sk\u00f3ry.<\/p>\n<p>&nbsp;<\/p>\n<div id=\"attachment_3090\" style=\"width: 625px\" class=\"wp-caption aligncenter\"><img loading=\"lazy\" decoding=\"async\" aria-describedby=\"caption-attachment-3090\" class=\" wp-image-3090\" src=\"http:\/\/ranking-kosmetykow.pl\/wp-content\/uploads\/2017\/08\/26ced64be338ed7557a9d08cbc4cd4ab.jpg\" alt=\"\" width=\"615\" height=\"820\" srcset=\"https:\/\/neness.pl\/blog\/wp-content\/uploads\/2017\/08\/26ced64be338ed7557a9d08cbc4cd4ab.jpg 750w, https:\/\/neness.pl\/blog\/wp-content\/uploads\/2017\/08\/26ced64be338ed7557a9d08cbc4cd4ab-225x300.jpg 225w, https:\/\/neness.pl\/blog\/wp-content\/uploads\/2017\/08\/26ced64be338ed7557a9d08cbc4cd4ab-610x813.jpg 610w\" sizes=\"auto, (max-width: 615px) 100vw, 615px\" \/><p id=\"caption-attachment-3090\" class=\"wp-caption-text\">Dermacol Krem do Rewitalizacji Cery Suchej i Bardzo Suchej \/ 19,90 z\u0142<\/p><\/div>\n<p>&nbsp;<\/p>\n<h3>Nawil\u017canie to podstawa<\/h3>\n<p>W przypadku suchych sk\u00f3rek, opr\u00f3cz regularnych peeling\u00f3w podstaw\u0105 jest tak\u017ce <strong>nawil\u017canie<\/strong>. Warto do codziennej piel\u0119gnacji wprowadzi\u0107 bogatszy i bardziej od\u017cywczy <strong>krem<\/strong>, a dodatkowo serum na bazie olejku lub po prostu <strong>olejek<\/strong>, a raz na jaki\u015b czas tak\u017ce nawil\u017caj\u0105ce <strong>maseczki.<\/strong><\/p>\n<p>Krem stosujmy rano i wieczorem, serum lub olejek spokojnie mo\u017cemy stosowa\u0107 raz na dwa dni na noc. Pami\u0119tajmy jednak, by zawsze nak\u0142ada\u0107 je przed kremem. Maseczk\u0119 nawil\u017caj\u0105c\u0105 w zupe\u0142no\u015bci wystarczy na\u0142o\u017cy\u0107 dwa razy w tygodniu \u2013 najlepiej w dniu, w kt\u00f3rym stosowany by\u0142 tak\u017ce peeling. Pozwoli to na <strong>lepsze<\/strong> wch\u0142oni\u0119cie substancji od\u017cywczych przez sk\u00f3r\u0119.<\/p>\n<p>&nbsp;<\/p>\n<div id=\"attachment_4147\" style=\"width: 570px\" class=\"wp-caption aligncenter\"><img loading=\"lazy\" decoding=\"async\" aria-describedby=\"caption-attachment-4147\" class=\" wp-image-4147\" src=\"http:\/\/ranking-kosmetykow.pl\/wp-content\/uploads\/2018\/02\/6f89afaeb6d6cd288c60025cd5304486.jpg\" alt=\"\" width=\"560\" height=\"747\" srcset=\"https:\/\/neness.pl\/blog\/wp-content\/uploads\/2018\/02\/6f89afaeb6d6cd288c60025cd5304486.jpg 750w, https:\/\/neness.pl\/blog\/wp-content\/uploads\/2018\/02\/6f89afaeb6d6cd288c60025cd5304486-225x300.jpg 225w, https:\/\/neness.pl\/blog\/wp-content\/uploads\/2018\/02\/6f89afaeb6d6cd288c60025cd5304486-610x813.jpg 610w\" sizes=\"auto, (max-width: 560px) 100vw, 560px\" \/><p id=\"caption-attachment-4147\" class=\"wp-caption-text\">Dermacol Delikatny Krem Oczyszczaj\u0105cy Hyaluron Wash Cream \/<br \/>16,50 z\u0142<\/p><\/div>\n<p>&nbsp;<\/p>\n<h3>Odpowiedni demakija\u017c<\/h3>\n<p>Przyczyn\u0105 suchych sk\u00f3rek bywa tak\u017ce niew\u0142a\u015bciwy <strong>demakija\u017c<\/strong> lub <strong>twarda<\/strong> <strong>woda<\/strong>. W przypadku tego pierwszego zrezygnuj z mocno wysuszaj\u0105cych i \u015bci\u0105gaj\u0105cych \u017celi do mycia twarzy na rzecz olejk\u00f3w i p\u0142yn\u00f3w micelarnych. Je\u017celi natomiast powodem jest twarda woda, zamie\u0144 j\u0105 na wod\u0119 <strong>mineraln\u0105,<\/strong>\u00a0postaw na dzbanek filtruj\u0105cy wod\u0119, lub zainwestuj w specjalny filtr.<\/p>\n<p>&nbsp;<\/p>\n<div id=\"attachment_3753\" style=\"width: 582px\" class=\"wp-caption aligncenter\"><img loading=\"lazy\" decoding=\"async\" aria-describedby=\"caption-attachment-3753\" class=\" wp-image-3753\" src=\"http:\/\/ranking-kosmetykow.pl\/wp-content\/uploads\/2017\/11\/2bec3d0d135816fc268c1a84776364b8-1.jpg\" alt=\"\" width=\"572\" height=\"763\" srcset=\"https:\/\/neness.pl\/blog\/wp-content\/uploads\/2017\/11\/2bec3d0d135816fc268c1a84776364b8-1.jpg 750w, https:\/\/neness.pl\/blog\/wp-content\/uploads\/2017\/11\/2bec3d0d135816fc268c1a84776364b8-1-225x300.jpg 225w, https:\/\/neness.pl\/blog\/wp-content\/uploads\/2017\/11\/2bec3d0d135816fc268c1a84776364b8-1-610x813.jpg 610w\" sizes=\"auto, (max-width: 572px) 100vw, 572px\" \/><p id=\"caption-attachment-3753\" class=\"wp-caption-text\">Dermacol BB Magic Beauty Cream 8in1 Fair \/<br \/>21,99 z\u0142<\/p><\/div>\n<p>&nbsp;<\/p>\n<h3>Technika makija\u017cu<\/h3>\n<p>Suche sk\u00f3rki zazwyczaj zauwa\u017camy dopiero podczas <strong>makija\u017cu<\/strong>. Niestety nie mo\u017cemy przykry\u0107 ich, nak\u0142adaj\u0105c kolejne warstwy korektora i fluidu, mo\u017cemy jednak zadba\u0107 o to, by by\u0142y jak najmniej widoczne.<\/p>\n<p>Zamiast p\u0119dzlem wklepujmy wi\u0119c podk\u0142ad lekko wilgotn\u0105 <strong>g\u0105beczk\u0105<\/strong>, zrezygnujmy te\u017c z ci\u0119\u017ckich, matuj\u0105cych kosmetyk\u00f3w, kt\u00f3re nie tylko podkre\u015bl\u0105 suche sk\u00f3rki, ale tak\u017ce mog\u0105 dodatkowo przesuszy\u0107 cer\u0119. Zamie\u0144my je na lekki <strong>krem BB<\/strong> lub podk\u0142ad o formule nawil\u017caj\u0105cej. Warto tak\u017ce zrezygnowa\u0107 z mocno matuj\u0105cego <strong>pudru<\/strong> lub w miar\u0119 mo\u017cliwo\u015bci stosowa\u0107 go jak najmniej.<\/p>\n<p>&nbsp;<\/p>\n<p>Je\u017celi szukacie kosmetyk\u00f3w do makija\u017cu w atrakcyjnych cenach lub <a href=\"https:\/\/neness.pl\">tanich odpowiednik\u00f3w oryginalnych perfum<\/a>, serdecznie zapraszamy do naszej perfumerii internetowej <a href=\"https:\/\/neness.pl\/\">Neness.pl<\/a>!<\/p>\n","protected":false},"excerpt":{"rendered":"<p>Suche sk\u00f3rki, szczeg\u00f3lnie zim\u0105, to zmora wielu kobiet. Cho\u0107 najcz\u0119\u015bciej zauwa\u017cy\u0107 je mo\u017cemy u posiadaczek sk\u00f3ry suchej, to o tej porze roku nawet te z nas, kt\u00f3re s\u0105 posiadaczkami cery t\u0142ustej, mog\u0105 znale\u017a\u0107 na twarzy przesuszon\u0105 sk\u00f3r\u0119. Jak poradzi\u0107 sobie z tym problemem? Jakie kosmetyki mog\u0105 okaza\u0107 si\u0119 pomocne? &nbsp; Przyczyny powstawania suchych sk\u00f3rek Suche [&hellip;]<\/p>\n","protected":false},"author":2,"featured_media":4210,"comment_status":"open","ping_status":"open","sticky":false,"template":"","format":"standard","meta":{"_et_pb_use_builder":"","_et_pb_old_content":"","_et_gb_content_width":"","footnotes":""},"categories":[185],"tags":[],"class_list":["post-4208","post","type-post","status-publish","format-standard","has-post-thumbnail","hentry","category-codzienna-pielegnacja","et-has-post-format-content","et_post_format-et-post-format-standard"],"_links":{"self":[{"href":"https:\/\/neness.pl\/blog\/wp-json\/wp\/v2\/posts\/4208","targetHints":{"allow":["GET"]}}],"collection":[{"href":"https:\/\/neness.pl\/blog\/wp-json\/wp\/v2\/posts"}],"about":[{"href":"https:\/\/neness.pl\/blog\/wp-json\/wp\/v2\/types\/post"}],"author":[{"embeddable":true,"href":"https:\/\/neness.pl\/blog\/wp-json\/wp\/v2\/users\/2"}],"replies":[{"embeddable":true,"href":"https:\/\/neness.pl\/blog\/wp-json\/wp\/v2\/comments?post=4208"}],"version-history":[{"count":0,"href":"https:\/\/neness.pl\/blog\/wp-json\/wp\/v2\/posts\/4208\/revisions"}],"wp:featuredmedia":[{"embeddable":true,"href":"https:\/\/neness.pl\/blog\/wp-json\/wp\/v2\/media\/4210"}],"wp:attachment":[{"href":"https:\/\/neness.pl\/blog\/wp-json\/wp\/v2\/media?parent=4208"}],"wp:term":[{"taxonomy":"category","embeddable":true,"href":"https:\/\/neness.pl\/blog\/wp-json\/wp\/v2\/categories?post=4208"},{"taxonomy":"post_tag","embeddable":true,"href":"https:\/\/neness.pl\/blog\/wp-json\/wp\/v2\/tags?post=4208"}],"curies":[{"name":"wp","href":"https:\/\/api.w.org\/{rel}","templated":true}]}}