{"id":4169,"date":"2018-02-13T12:04:29","date_gmt":"2018-02-13T11:04:29","guid":{"rendered":"http:\/\/ranking-kosmetykow.pl\/?p=4169"},"modified":"2018-02-13T12:04:29","modified_gmt":"2018-02-13T11:04:29","slug":"jak-dbac-o-wlosy-w-ciazy","status":"publish","type":"post","link":"https:\/\/neness.pl\/blog\/jak-dbac-o-wlosy-w-ciazy\/","title":{"rendered":"Jak dba\u0107 o w\u0142osy w ci\u0105\u017cy?"},"content":{"rendered":"<p>Ci\u0105\u017ca to wyj\u0105tkowy czas dla ka\u017cdej kobiety. Jednak r\u00f3wnie\u017c w tym czasie pod wp\u0142ywem burzy hormon\u00f3w i zmian zachodz\u0105cych w organizmie zmienia si\u0119 tak\u017ce nasza cera i w\u0142osy. Szczeg\u00f3lnie w przypadku tych ostatnich zauwa\u017cy\u0107 mo\u017cemy ogromn\u0105 r\u00f3\u017cnic\u0119 w stosunku do tego, co by\u0142o przed ci\u0105\u017c\u0105. Jak dba\u0107 o fryzur\u0119, by tak\u017ce w czasie ci\u0105\u017cy nasze w\u0142osy by\u0142y zdrowe i \u0142adnie wygl\u0105da\u0142y?<\/p>\n<p>&nbsp;<\/p>\n<h3>Jak zmieniaj\u0105 si\u0119 w\u0142osy w ci\u0105\u017cy?<\/h3>\n<p>Burza <strong>hormon\u00f3w<\/strong>, kt\u00f3ra ma miejsce w naszym organizmie w czasie ci\u0105\u017cy, nie pozostaje bez wp\u0142ywu na stan naszych w\u0142os\u00f3w. Bardzo cz\u0119sto zdarza si\u0119 wi\u0119c, \u017ce pod ich wp\u0142ywem proste w\u0142osy z dnia na dzie\u0144 zaczynaj\u0105 si\u0119 <strong>kr\u0119ci\u0107<\/strong>, pi\u0119kne loki <strong>prostowa\u0107<\/strong>, a nasz jasny blond nagle zacz\u0105\u0142 ciemnie\u0107!<\/p>\n<p>Ponadto bardzo cz\u0119sto pod wp\u0142ywem estrogenu gruczo\u0142y \u0142ojowe w sk\u00f3rze g\u0142owy zaczynaj\u0105 produkowa\u0107 wi\u0119cej <strong>sebum<\/strong>, a co za tym idzie, w\u0142osy zaczynaj\u0105 si\u0119 szybciej przet\u0142uszcza\u0107. Oczywi\u015bcie r\u00f3wnie\u017c na to nie ma regu\u0142y, bo u wielu kobiet dzieje si\u0119 zupe\u0142nie na odwr\u00f3t \u2013 fryzura staje si\u0119 <strong>sucha<\/strong> i matowa. Na g\u0142owie mo\u017ce tak\u017ce pojawi\u0107 si\u0119 <strong>\u0142upie\u017c<\/strong>, a cz\u0119sto, szczeg\u00f3lnie na pocz\u0105tku ci\u0105\u017cy, mo\u017cemy zmaga\u0107 si\u0119 z nadmiernym wypadaniem w\u0142os\u00f3w.<\/p>\n<p>W najlepszej sytuacji s\u0105 te z nas, kt\u00f3re w\u0142a\u015bnie w czasie ci\u0105\u017cy mog\u0105 pochwali\u0107 si\u0119 pi\u0119kn\u0105, zdrow\u0105, g\u0119st\u0105 i b\u0142yszcz\u0105c\u0105 fryzur\u0105, bo i taka sytuacja cz\u0119sto si\u0119 zdarza.<\/p>\n<p>&nbsp;<\/p>\n<div id=\"attachment_3966\" style=\"width: 1034px\" class=\"wp-caption aligncenter\"><img loading=\"lazy\" decoding=\"async\" aria-describedby=\"caption-attachment-3966\" class=\"size-large wp-image-3966\" src=\"http:\/\/ranking-kosmetykow.pl\/wp-content\/uploads\/2018\/01\/Fotolia_157576006_Subscription_XL-1024x680.jpg\" alt=\"\" width=\"1024\" height=\"680\" \/><p id=\"caption-attachment-3966\" class=\"wp-caption-text\">fotolia.com, #157576006 | Autor: artursfoto<\/p><\/div>\n<p>&nbsp;<\/p>\n<h3>Jakich zabieg\u00f3w nie nale\u017cy wykonywa\u0107 w ci\u0105\u017cy?<\/h3>\n<p>Wiele m\u00f3wi si\u0119 o tym, \u017ce w ci\u0105\u017cy nie powinno si\u0119 <strong>farbowa\u0107<\/strong> w\u0142os\u00f3w. Jednak do tej pory \u017cadne badania nie potwierdzi\u0142y szkodliwego wp\u0142ywu farb na rozw\u00f3j p\u0142odu. Mimo wszystko cho\u0107by ze wzgl\u0119du na wra\u017cliwo\u015b\u0107 na zapachy warto w tym okresie si\u0119gn\u0105\u0107 po \u0142agodniejsze preparaty, na przyk\u0142ad takie <strong>niezawieraj\u0105ce amoniaku<\/strong>, zdecydowa\u0107 si\u0119 na profesjonalne farbowanie u fryzjera, albo postawi\u0107 na naturalne specyfiki, na przyk\u0142ad henn\u0119.<\/p>\n<p>W ci\u0105\u017cy, ze wzgl\u0119du na szalej\u0105ce hormony dobrym pomys\u0142em jest tak\u017ce <strong>zrezygnowanie<\/strong> z trwa\u0142ej ondulacji, poniewa\u017c trudno przewidzie\u0107 jak zachowaj\u0105 si\u0119 nasze w\u0142osy. Ostatecznie efekt mo\u017ce by\u0107 zbyt s\u0142aby lub zbyt mocny.<\/p>\n<p>Pami\u0119tajmy tak\u017ce, \u017ce je\u017celi w\u0142osy w ci\u0105\u017cy szybciej si\u0119 przet\u0142uszczaj\u0105, warto tak\u017ce <strong>unika\u0107<\/strong> suszenia suszark\u0105, szczeg\u00f3lnie gor\u0105cym powietrzem, bo mo\u017ce ono zaostrzy\u0107 problem. Unikajmy tak\u017ce stosowania prostownicy i lok\u00f3wki, poniewa\u017c stylizacja na gor\u0105co mo\u017ce przesusza\u0107 w\u0142osy.<\/p>\n<p>&nbsp;<\/p>\n<div id=\"attachment_2311\" style=\"width: 1034px\" class=\"wp-caption aligncenter\"><img loading=\"lazy\" decoding=\"async\" aria-describedby=\"caption-attachment-2311\" class=\"wp-image-2311 size-large\" src=\"http:\/\/ranking-kosmetykow.pl\/wp-content\/uploads\/2017\/05\/Fotolia_78605877_Subscription_XXL-1024x683.jpg\" alt=\"\" width=\"1024\" height=\"683\" \/><p id=\"caption-attachment-2311\" class=\"wp-caption-text\">fotolia.com, #78605877 | Autor: blackday<\/p><\/div>\n<p>&nbsp;<\/p>\n<h3>Po jakie kosmetyki do piel\u0119gnacji si\u0119ga\u0107 w ci\u0105\u017cy?<\/h3>\n<p>Najlepsz\u0105 zasad\u0105, co do stosowania kosmetyk\u00f3w do piel\u0119gnacji w ci\u0105\u017cy, jest ta, by stosowa\u0107 to, co dobrze wp\u0142ywa\u0142o na nasze w\u0142osy przed ci\u0105\u017c\u0105. Nie jest to bowiem najlepszy okres na eksperymentowanie z nowymi produktami. Je\u017celi nasza dotychczasowa piel\u0119gnacja <strong>sprawdza\u0142a<\/strong> <strong>si\u0119<\/strong> i \u017caden kosmetyk nie wywo\u0142ywa\u0142 reakcji alergicznej, mo\u017cemy stosowa\u0107 go nadal.<\/p>\n<p>Mo\u017ce si\u0119 jednak okaza\u0107, \u017ce w\u0142osy w ci\u0105\u017cy b\u0119d\u0105 w na tyle <strong>dobrej<\/strong> <strong>kondycji<\/strong>, \u017ce nie b\u0119dziemy musia\u0142y my\u0107 ich tak cz\u0119sto, jak do tej pory lub nie b\u0119d\u0105 potrzebowa\u0107 tak cz\u0119stego stosowania masek i od\u017cywek.<\/p>\n<p>W ci\u0105\u017cy warto czyta\u0107 etykiety produkt\u00f3w, by mie\u0107 pewno\u015b\u0107, \u017ce stosowane kosmetyki s\u0105 w pe\u0142ni <strong>bezpieczne<\/strong>. W produktach do w\u0142os\u00f3w zwracajmy wi\u0119c uwag\u0119, by nie zawiera\u0142y one ftalan\u00f3w i SLS-\u00f3w. Unikajmy tak\u017ce wcierek do sk\u00f3ry g\u0142owy, bo cz\u0119sto zawieraj\u0105 one alkohol i wyci\u0105gi z zi\u00f3\u0142, kt\u00f3re mog\u0105 podra\u017cni\u0107 skalp.<\/p>\n","protected":false},"excerpt":{"rendered":"<p>Ci\u0105\u017ca to wyj\u0105tkowy czas dla ka\u017cdej kobiety. Jednak r\u00f3wnie\u017c w tym czasie pod wp\u0142ywem burzy hormon\u00f3w i zmian zachodz\u0105cych w organizmie zmienia si\u0119 tak\u017ce nasza cera i w\u0142osy. Szczeg\u00f3lnie w przypadku tych ostatnich zauwa\u017cy\u0107 mo\u017cemy ogromn\u0105 r\u00f3\u017cnic\u0119 w stosunku do tego, co by\u0142o przed ci\u0105\u017c\u0105. Jak dba\u0107 o fryzur\u0119, by tak\u017ce w czasie ci\u0105\u017cy nasze [&hellip;]<\/p>\n","protected":false},"author":2,"featured_media":4171,"comment_status":"open","ping_status":"open","sticky":false,"template":"","format":"standard","meta":{"_et_pb_use_builder":"","_et_pb_old_content":"","_et_gb_content_width":"","footnotes":""},"categories":[185],"tags":[],"class_list":["post-4169","post","type-post","status-publish","format-standard","has-post-thumbnail","hentry","category-codzienna-pielegnacja","et-has-post-format-content","et_post_format-et-post-format-standard"],"_links":{"self":[{"href":"https:\/\/neness.pl\/blog\/wp-json\/wp\/v2\/posts\/4169","targetHints":{"allow":["GET"]}}],"collection":[{"href":"https:\/\/neness.pl\/blog\/wp-json\/wp\/v2\/posts"}],"about":[{"href":"https:\/\/neness.pl\/blog\/wp-json\/wp\/v2\/types\/post"}],"author":[{"embeddable":true,"href":"https:\/\/neness.pl\/blog\/wp-json\/wp\/v2\/users\/2"}],"replies":[{"embeddable":true,"href":"https:\/\/neness.pl\/blog\/wp-json\/wp\/v2\/comments?post=4169"}],"version-history":[{"count":0,"href":"https:\/\/neness.pl\/blog\/wp-json\/wp\/v2\/posts\/4169\/revisions"}],"wp:featuredmedia":[{"embeddable":true,"href":"https:\/\/neness.pl\/blog\/wp-json\/wp\/v2\/media\/4171"}],"wp:attachment":[{"href":"https:\/\/neness.pl\/blog\/wp-json\/wp\/v2\/media?parent=4169"}],"wp:term":[{"taxonomy":"category","embeddable":true,"href":"https:\/\/neness.pl\/blog\/wp-json\/wp\/v2\/categories?post=4169"},{"taxonomy":"post_tag","embeddable":true,"href":"https:\/\/neness.pl\/blog\/wp-json\/wp\/v2\/tags?post=4169"}],"curies":[{"name":"wp","href":"https:\/\/api.w.org\/{rel}","templated":true}]}}