{"id":4136,"date":"2018-02-07T13:01:36","date_gmt":"2018-02-07T12:01:36","guid":{"rendered":"http:\/\/ranking-kosmetykow.pl\/?p=4136"},"modified":"2018-02-07T13:01:36","modified_gmt":"2018-02-07T12:01:36","slug":"porowatosc-wlosow-co-to-takiego","status":"publish","type":"post","link":"https:\/\/neness.pl\/blog\/porowatosc-wlosow-co-to-takiego\/","title":{"rendered":"Porowato\u015b\u0107 w\u0142os\u00f3w \u2013 co to takiego?"},"content":{"rendered":"<p>S\u0142ysza\u0142y\u015bcie kiedy\u015b o porowato\u015bci w\u0142os\u00f3w? To w\u0142a\u015bnie od niej w du\u017cej mierze zale\u017cy to, jaka piel\u0119gnacja w\u0142os\u00f3w najlepiej sprawdzi si\u0119 w naszym przypadku. W dzisiejszym wpisie odpowiemy na pytanie, czym jest porowato\u015b\u0107 w\u0142os\u00f3w oraz jak sprawdzi\u0107, do kt\u00f3rego z trzech rodzaj\u00f3w porowato\u015bci nale\u017c\u0105 nasze w\u0142osy.<\/p>\n<p>&nbsp;<\/p>\n<h3>Porowato\u015b\u0107 w\u0142os\u00f3w \u2013 co to takiego?<\/h3>\n<p><strong>Porowato\u015b\u0107<\/strong> w\u0142os\u00f3w okre\u015blamy na podstawie <strong>kondycji<\/strong> naszej fryzury. To w\u0142a\u015bnie dzi\u0119ki okre\u015bleniu porowato\u015bci naszych w\u0142os\u00f3w jeste\u015bmy w stanie dopasowa\u0107 do nich jak najbardziej odpowiedni\u0105 <strong>piel\u0119gnacj\u0119<\/strong>, kt\u00f3ra poprawi ich stan i sprawi, \u017ce stan\u0105 si\u0119 pi\u0119kne i b\u0142yszcz\u0105ce. Czym tak naprawd\u0119 jest porowato\u015b\u0107? Ka\u017cdy w\u0142os zbudowany jest z <strong>\u0142usek<\/strong>, kt\u00f3re w zale\u017cno\u015bci od stopnia zniszczenia, mog\u0105 \u015bci\u015ble do siebie przylega\u0107 lub by\u0107 rozchylone w mniejszym, lub wi\u0119kszym stopniu. Im bardziej <strong>zniszczone<\/strong> s\u0105 w\u0142osy, tym wi\u0119ksza b\u0119dzie wi\u0119c ich porowato\u015b\u0107.<\/p>\n<p>&nbsp;<\/p>\n<div id=\"attachment_4108\" style=\"width: 1010px\" class=\"wp-caption aligncenter\"><img loading=\"lazy\" decoding=\"async\" aria-describedby=\"caption-attachment-4108\" class=\"size-full wp-image-4108\" src=\"http:\/\/ranking-kosmetykow.pl\/wp-content\/uploads\/2018\/01\/Fotolia_185716512_Subscription_XXL.jpg\" alt=\"\" width=\"1000\" height=\"666\" srcset=\"https:\/\/neness.pl\/blog\/wp-content\/uploads\/2018\/01\/Fotolia_185716512_Subscription_XXL.jpg 1000w, https:\/\/neness.pl\/blog\/wp-content\/uploads\/2018\/01\/Fotolia_185716512_Subscription_XXL-300x200.jpg 300w, https:\/\/neness.pl\/blog\/wp-content\/uploads\/2018\/01\/Fotolia_185716512_Subscription_XXL-768x511.jpg 768w, https:\/\/neness.pl\/blog\/wp-content\/uploads\/2018\/01\/Fotolia_185716512_Subscription_XXL-610x406.jpg 610w\" sizes=\"auto, (max-width: 1000px) 100vw, 1000px\" \/><p id=\"caption-attachment-4108\" class=\"wp-caption-text\">fotolia.com, #185716512 | Autor: alfa27<\/p><\/div>\n<p>&nbsp;<\/p>\n<h3>Rodzaje w\u0142os\u00f3w<\/h3>\n<p>Og\u00f3lnie wszystkie w\u0142osy mo\u017cemy podzieli\u0107 na <strong>trzy typy<\/strong> pod wzgl\u0119dem porowato\u015bci: <strong>niskoporowate<\/strong>, <strong>\u015brednioporowate<\/strong> oraz <strong>wysokoporowate<\/strong>. Oczywi\u015bcie w najlepszej sytuacji s\u0105 posiadaczki w\u0142os\u00f3w niskoporowatych \u2013 w\u0142osy s\u0105 <strong>g\u0142adkie<\/strong> i <strong>b\u0142yszcz\u0105ce<\/strong>, nie wymagaj\u0105 wielu zabieg\u00f3w, by wygl\u0105da\u0107 pi\u0119knie. Gdyby\u015bmy taki w\u0142os obejrzeli pod mikroskopem, zobaczyliby\u015bmy, \u017ce \u0142uski \u015bci\u015ble do siebie przylegaj\u0105. Takie w\u0142osy po umyciu wolno schn\u0105, nie s\u0105 podatne na puszenie, \u0142atwo si\u0119 rozczesuj\u0105 i nie elektryzuj\u0105 si\u0119.<\/p>\n<p>W\u0142osy \u015brednioporowate to w\u0142osy, kt\u00f3rych \u0142uski s\u0105 <strong>delikatnie rozchylone<\/strong>. To tak\u017ce najcz\u0119\u015bciej spotykany typ w\u0142os\u00f3w. Cho\u0107 takie w\u0142osy nie s\u0105 mocno zniszczone, \u0142atwo pogorszy\u0107 ich stan stylizacj\u0105 na gor\u0105co, albo niew\u0142a\u015bciw\u0105 piel\u0119gnacj\u0105. Jednak w tym przypadku wystarczy <strong>zmiana<\/strong> <strong>nawyk\u00f3w<\/strong> piel\u0119gnacyjnych, by w\u0142osy szybko zacz\u0119\u0142y wygl\u0105da\u0107 lepiej, sta\u0142y si\u0119 g\u0142adsze i bardziej b\u0142yszcz\u0105ce.<\/p>\n<p>W przypadku w\u0142os\u00f3w wysokoporowatych \u0142uska w\u0142osa jest<strong> bardzo mocno odchylona<\/strong>. Zazwyczaj s\u0105 to w\u0142osy zniszczone farbowaniem, rozja\u015bnianiem i innymi zabiegami chemicznymi. Takie w\u0142osy s\u0105 <strong>matowe<\/strong> i <strong>suche<\/strong>, \u0142atwo poddaj\u0105 si\u0119 stylizacji, szybko schn\u0105, maj\u0105 rozdwojone ko\u0144c\u00f3wki. Dodatkowo \u0142atwo si\u0119 pusz\u0105 i elektryzuj\u0105 i s\u0105 \u0142amliwe.<\/p>\n<p>&nbsp;<\/p>\n<div id=\"attachment_3524\" style=\"width: 1034px\" class=\"wp-caption aligncenter\"><img loading=\"lazy\" decoding=\"async\" aria-describedby=\"caption-attachment-3524\" class=\"size-large wp-image-3524\" src=\"http:\/\/ranking-kosmetykow.pl\/wp-content\/uploads\/2017\/10\/Fotolia_136954851_Subscription_XXL-1024x683.jpg\" alt=\"\" width=\"1024\" height=\"683\" \/><p id=\"caption-attachment-3524\" class=\"wp-caption-text\">fotolia.com, #136954851 | Autor: Evgenia Tiplyashina<\/p><\/div>\n<p>&nbsp;<\/p>\n<h3>Jak rozpozna\u0107 porowato\u015b\u0107 w\u0142os\u00f3w?<\/h3>\n<p>W\u0142a\u015bciwe rozpoznanie porowato\u015bci w\u0142os\u00f3w to klucz do sukcesu udanej piel\u0119gnacji. Cz\u0119sto jednak odpowied\u017a na pytanie, jak\u0105 porowato\u015b\u0107 maj\u0105 w\u0142osy, nie jest jednoznaczna. Idealnie, gdyby\u015bmy mia\u0142y mo\u017cliwo\u015b\u0107 obejrzenia w\u0142osa pod mikroskopem, jednak niewiele z nas mo\u017ce sobie na to pozwoli\u0107.<\/p>\n<p>Prostym testem, kt\u00f3ry mo\u017ce pom\u00f3c nam okre\u015bli\u0107 typ w\u0142os\u00f3w, jest <strong>przeci\u0105gni\u0119cie<\/strong> mi\u0119dzy palcami pojedynczego w\u0142osa. Je\u017celi jest g\u0142adki i nie czujemy \u017cadnych nier\u00f3wno\u015bci, prawdopodobnie mamy do czynienia z w\u0142osami niskoporowatymi. Analogicznie, w\u0142osy z wieloma wyczuwalnymi nier\u00f3wno\u015bciami s\u0105 wysokoporowate, a te, kt\u00f3re maj\u0105 ich niewiele, jednak nie s\u0105 ca\u0142kiem g\u0142adkie, prawdopodobnie nale\u017c\u0105 do w\u0142os\u00f3w \u015brednioporowatych. Ponadto warto tak\u017ce obserwowa\u0107 <strong>w\u0142osy tu\u017c po umyciu<\/strong> \u2013 im szybciej schn\u0105, tym wi\u0119ksz\u0105 maj\u0105 prawdopodobnie porowato\u015b\u0107.<\/p>\n<p>&nbsp;<\/p>\n<h3>Czy porowato\u015b\u0107 w\u0142os\u00f3w mo\u017cna zmieni\u0107?<\/h3>\n<p>Tak! Na szcz\u0119\u015bcie porowato\u015b\u0107 w\u0142os\u00f3w nie jest nam dana raz na ca\u0142e \u017cycie. Zapewniaj\u0105c w\u0142osom <strong>odpowiedni\u0105 piel\u0119gnacj\u0119<\/strong>, unikaj\u0105c stylizacji na gor\u0105co i inwazyjnych zabieg\u00f3w, z czasem mo\u017cemy zmniejszy\u0107 porowato\u015b\u0107 w\u0142os\u00f3w i sprawi\u0107, \u017ce b\u0119d\u0105 wygl\u0105da\u0107 coraz <strong>lepiej<\/strong> i <strong>zdrowiej<\/strong>.<\/p>\n","protected":false},"excerpt":{"rendered":"<p>S\u0142ysza\u0142y\u015bcie kiedy\u015b o porowato\u015bci w\u0142os\u00f3w? To w\u0142a\u015bnie od niej w du\u017cej mierze zale\u017cy to, jaka piel\u0119gnacja w\u0142os\u00f3w najlepiej sprawdzi si\u0119 w naszym przypadku. W dzisiejszym wpisie odpowiemy na pytanie, czym jest porowato\u015b\u0107 w\u0142os\u00f3w oraz jak sprawdzi\u0107, do kt\u00f3rego z trzech rodzaj\u00f3w porowato\u015bci nale\u017c\u0105 nasze w\u0142osy. &nbsp; Porowato\u015b\u0107 w\u0142os\u00f3w \u2013 co to takiego? Porowato\u015b\u0107 w\u0142os\u00f3w okre\u015blamy [&hellip;]<\/p>\n","protected":false},"author":2,"featured_media":4138,"comment_status":"open","ping_status":"open","sticky":false,"template":"","format":"standard","meta":{"_et_pb_use_builder":"","_et_pb_old_content":"","_et_gb_content_width":"","footnotes":""},"categories":[48],"tags":[],"class_list":["post-4136","post","type-post","status-publish","format-standard","has-post-thumbnail","hentry","category-wlosy-idealne","et-has-post-format-content","et_post_format-et-post-format-standard"],"_links":{"self":[{"href":"https:\/\/neness.pl\/blog\/wp-json\/wp\/v2\/posts\/4136","targetHints":{"allow":["GET"]}}],"collection":[{"href":"https:\/\/neness.pl\/blog\/wp-json\/wp\/v2\/posts"}],"about":[{"href":"https:\/\/neness.pl\/blog\/wp-json\/wp\/v2\/types\/post"}],"author":[{"embeddable":true,"href":"https:\/\/neness.pl\/blog\/wp-json\/wp\/v2\/users\/2"}],"replies":[{"embeddable":true,"href":"https:\/\/neness.pl\/blog\/wp-json\/wp\/v2\/comments?post=4136"}],"version-history":[{"count":0,"href":"https:\/\/neness.pl\/blog\/wp-json\/wp\/v2\/posts\/4136\/revisions"}],"wp:featuredmedia":[{"embeddable":true,"href":"https:\/\/neness.pl\/blog\/wp-json\/wp\/v2\/media\/4138"}],"wp:attachment":[{"href":"https:\/\/neness.pl\/blog\/wp-json\/wp\/v2\/media?parent=4136"}],"wp:term":[{"taxonomy":"category","embeddable":true,"href":"https:\/\/neness.pl\/blog\/wp-json\/wp\/v2\/categories?post=4136"},{"taxonomy":"post_tag","embeddable":true,"href":"https:\/\/neness.pl\/blog\/wp-json\/wp\/v2\/tags?post=4136"}],"curies":[{"name":"wp","href":"https:\/\/api.w.org\/{rel}","templated":true}]}}