{"id":4097,"date":"2018-01-26T14:02:05","date_gmt":"2018-01-26T13:02:05","guid":{"rendered":"http:\/\/ranking-kosmetykow.pl\/?p=4097"},"modified":"2018-01-26T14:02:05","modified_gmt":"2018-01-26T13:02:05","slug":"cienie-i-worki-pod-oczami-jak-z-nimi-walczyc","status":"publish","type":"post","link":"https:\/\/neness.pl\/blog\/cienie-i-worki-pod-oczami-jak-z-nimi-walczyc\/","title":{"rendered":"Cienie i worki pod oczami \u2013 jak z nimi walczy\u0107?"},"content":{"rendered":"<p>Cienie i worki pod oczami \u2013 kt\u00f3ra z nas nie zna tego problemu? Wystarczy jedna zarwana noc, stres lub przem\u0119czenie, by sta\u0142y si\u0119 one widoczne. Czasem s\u0105 one po prostu cz\u0119\u015bci\u0105 naszej urody i nie mamy wp\u0142ywu na ciemne obw\u00f3dki i opuchlizn\u0119 pod oczami. Jak sobie z nimi radzi\u0107? Oto kilka naszych porad.<\/p>\n<p>&nbsp;<\/p>\n<h3>Zadbaj o sen i diet\u0119<\/h3>\n<p>O ile <strong>cienie i worki pod oczami<\/strong> nie s\u0105 efektem naszych gen\u00f3w, lecz pojawiaj\u0105 si\u0119 od czasu do czasu, mo\u017cemy zrobi\u0107 kilka rzeczy, kt\u00f3re pomog\u0105 nam im zapobiega\u0107 lub zminimalizowa\u0107 ich widoczno\u015b\u0107.<\/p>\n<p>Pierwsz\u0105 rzecz\u0105, kt\u00f3ra ma najwi\u0119kszy wp\u0142yw na pojawianie si\u0119 ciemnych obw\u00f3dek wok\u00f3\u0142 oczu, jest <strong>niewystarczaj\u0105ca ilo\u015b\u0107 snu<\/strong> lub kiepska jego jako\u015b\u0107. Dopilnuj wi\u0119c, by w miar\u0119 mo\u017cliwo\u015bci codziennie przesypia\u0107<strong> siedem-osiem godzin<\/strong>. Nie bez znaczenia pozostaje w tym wypadku tak\u017ce<strong> jako\u015b\u0107<\/strong> naszego nocnego odpoczynku.<\/p>\n<p>&nbsp;<\/p>\n<div id=\"attachment_4099\" style=\"width: 544px\" class=\"wp-caption aligncenter\"><a href=\"https:\/\/neness.pl\/kosmetyki\/twarz\/korektory\/loreal_nude_magique_bb_cream_concealer_korektor_pod_oczy.html\"><img loading=\"lazy\" decoding=\"async\" aria-describedby=\"caption-attachment-4099\" class=\" wp-image-4099\" src=\"http:\/\/ranking-kosmetykow.pl\/wp-content\/uploads\/2018\/01\/79a297a18ba4f6c23c5027d8a61e3094.jpg\" alt=\"\" width=\"534\" height=\"712\" srcset=\"https:\/\/neness.pl\/blog\/wp-content\/uploads\/2018\/01\/79a297a18ba4f6c23c5027d8a61e3094.jpg 750w, https:\/\/neness.pl\/blog\/wp-content\/uploads\/2018\/01\/79a297a18ba4f6c23c5027d8a61e3094-225x300.jpg 225w, https:\/\/neness.pl\/blog\/wp-content\/uploads\/2018\/01\/79a297a18ba4f6c23c5027d8a61e3094-610x813.jpg 610w\" sizes=\"auto, (max-width: 534px) 100vw, 534px\" \/><\/a><p id=\"caption-attachment-4099\" class=\"wp-caption-text\">L&#8217;Oreal Nude Magique BB Cream Concealer Korektor Pod Oczy \/<br \/>16,90 z\u0142<\/p><\/div>\n<p>&nbsp;<\/p>\n<p>Postaraj si\u0119 zasypia\u0107 przed p\u00f3\u0142noc\u0105, a przez godzin\u0119 przed po\u0142o\u017ceniem si\u0119 do \u0142\u00f3\u017cka nie korzystaj z urz\u0105dze\u0144 elektronicznych emituj\u0105cych niebieskie \u015bwiat\u0142o, takich jak smartfon czy tablet. Udowodniono bowiem, \u017ce mog\u0105 one <strong>zaburza\u0107<\/strong> faz\u0119 REM i wp\u0142ywa\u0107 na jako\u015b\u0107 snu. Elektronik\u0119 zamie\u0144 na ksi\u0105\u017ck\u0119 i wieczorny relaks na przyk\u0142ad w <a href=\"http:\/\/ranking-kosmetykow.pl\/2017\/07\/31\/jak-zorganizowac-domowe-spa\/\">domowym SPA<\/a>.<\/p>\n<p>Ponadto pami\u0119taj, \u017ce du\u017cy wp\u0142yw na nasz\u0105 sk\u00f3r\u0119, w tym tak\u017ce okolice oczu ma to, jak si\u0119 <strong>od\u017cywiamy<\/strong>. Fast foody i potrawy z du\u017c\u0105 ilo\u015bci\u0105 soli mog\u0105 wp\u0142ywa\u0107 na zatrzymywanie wody w organizmie, co mo\u017ce si\u0119 przyczynia\u0107 do powstawania <strong>opuchlizny<\/strong>.<\/p>\n<p>&nbsp;<\/p>\n<div id=\"attachment_4100\" style=\"width: 639px\" class=\"wp-caption aligncenter\"><a href=\"https:\/\/neness.pl\/kosmetyki\/pielegnacja_twarzy\/kremy\/dermacol_zel_na_zmeczone_oczy_eye_gold_gel.html\"><img loading=\"lazy\" decoding=\"async\" aria-describedby=\"caption-attachment-4100\" class=\" wp-image-4100\" src=\"http:\/\/ranking-kosmetykow.pl\/wp-content\/uploads\/2018\/01\/e578b1406007e75cbd2bff19fd33d268-1.jpg\" alt=\"\" width=\"629\" height=\"839\" srcset=\"https:\/\/neness.pl\/blog\/wp-content\/uploads\/2018\/01\/e578b1406007e75cbd2bff19fd33d268-1.jpg 750w, https:\/\/neness.pl\/blog\/wp-content\/uploads\/2018\/01\/e578b1406007e75cbd2bff19fd33d268-1-225x300.jpg 225w, https:\/\/neness.pl\/blog\/wp-content\/uploads\/2018\/01\/e578b1406007e75cbd2bff19fd33d268-1-610x813.jpg 610w\" sizes=\"auto, (max-width: 629px) 100vw, 629px\" \/><\/a><p id=\"caption-attachment-4100\" class=\"wp-caption-text\">Dermacol \u017bel na Zm\u0119czone Oczy Eye Gold Gel \/<br \/>24,90 z\u0142<\/p><\/div>\n<p>&nbsp;<\/p>\n<h3>Odpowiednia piel\u0119gnacja<\/h3>\n<p>O tym, <a href=\"http:\/\/ranking-kosmetykow.pl\/2017\/05\/31\/dlaczego-powinnas-uzywac-kremu-pod-oczy\/\">dlaczego powinna\u015b u\u017cywa\u0107 kremu pod oczy<\/a>, pisali\u015bmy ju\u017c wielokrotnie. Tak\u017ce w przypadku cieni i opuchlizny pod oczami, pomocna mo\u017ce si\u0119 okaza\u0107 odpowiednie piel\u0119gnacja. Si\u0119gaj wi\u0119c po kremy pod oczy, kt\u00f3re zawieraj\u0105 dodatek <strong>kofeiny<\/strong>, kt\u00f3ra pomo\u017ce obkurczy\u0107 naczynia krwiono\u015bne i sprawi, \u017ce cienie wok\u00f3\u0142 oczu stan\u0105 si\u0119 <strong>mniej<\/strong> <strong>wyra\u017ane<\/strong>.<\/p>\n<p>Mo\u017cesz tak\u017ce wykorzysta\u0107 popularny trik i sw\u00f3j krem pod oczy, najlepiej taki o konsystencji <strong>\u017celu<\/strong> przechowywa\u0107 w lod\u00f3wce. Taki ch\u0142odny ok\u0142ad pomo\u017ce zmniejszy\u0107 opuchlizn\u0119 pod oczami.<\/p>\n<p>Nie zapominaj tak\u017ce o tym, by codziennie wieczorem dok\u0142adnie <strong>zmy\u0107<\/strong> <strong>makija\u017c<\/strong>, jednak uwa\u017caj, by nie pociera\u0107 i nie rozci\u0105ga\u0107 nadmiernie sk\u00f3ry wok\u00f3\u0142 oczu.<\/p>\n<p>&nbsp;<\/p>\n<div id=\"attachment_4101\" style=\"width: 609px\" class=\"wp-caption aligncenter\"><a href=\"https:\/\/neness.pl\/kosmetyki\/twarz\/korektory\/sleek_make_up_paletka_korektorow_colour_corrector_palette.html\"><img loading=\"lazy\" decoding=\"async\" aria-describedby=\"caption-attachment-4101\" class=\" wp-image-4101\" src=\"http:\/\/ranking-kosmetykow.pl\/wp-content\/uploads\/2018\/01\/bcb4d5226d154e54bca90ac023c92039.jpg\" alt=\"\" width=\"599\" height=\"799\" srcset=\"https:\/\/neness.pl\/blog\/wp-content\/uploads\/2018\/01\/bcb4d5226d154e54bca90ac023c92039.jpg 750w, https:\/\/neness.pl\/blog\/wp-content\/uploads\/2018\/01\/bcb4d5226d154e54bca90ac023c92039-225x300.jpg 225w, https:\/\/neness.pl\/blog\/wp-content\/uploads\/2018\/01\/bcb4d5226d154e54bca90ac023c92039-610x813.jpg 610w\" sizes=\"auto, (max-width: 599px) 100vw, 599px\" \/><\/a><p id=\"caption-attachment-4101\" class=\"wp-caption-text\">Sleek Make Up Paletka Korektor\u00f3w Colour Corrector Palette \/<br \/>35,50 z\u0142<\/p><\/div>\n<p>&nbsp;<\/p>\n<h3>Si\u0119gnij po odpowiedni korektor<\/h3>\n<p>Opr\u00f3cz dobrych nawyk\u00f3w i odpowiedniej piel\u0119gnacji ostateczn\u0105 broni\u0105 przeciwko cieniom pod oczami jest odpowiedni <strong>makija\u017c<\/strong>. W tym wypadku warto zaopatrzy\u0107 si\u0119 po <strong>korektor<\/strong> w dw\u00f3ch odcieniach.<\/p>\n<p>Po pierwsze najpierw <strong>zneutralizuj kolor<\/strong> cieni pod oczami kosmetykiem w kolorze \u0142ososiowym lub brzoskwiniowym. Pami\u0119taj jednak, \u017ce sk\u00f3ra pod oczami jest cienka i delikatna, dlatego postaraj si\u0119 na\u0142o\u017cy\u0107 go najcie\u0144sz\u0105 mo\u017cliw\u0105 warstw\u0105, by nie zebra\u0142 si\u0119 w zmarszczkach.<\/p>\n<p>&nbsp;<\/p>\n<div id=\"attachment_4102\" style=\"width: 656px\" class=\"wp-caption aligncenter\"><a href=\"https:\/\/neness.pl\/kosmetyki\/twarz\/korektory\/makeup_revolution_korektor_focus_fix_fc03_light.html\"><img loading=\"lazy\" decoding=\"async\" aria-describedby=\"caption-attachment-4102\" class=\" wp-image-4102\" src=\"http:\/\/ranking-kosmetykow.pl\/wp-content\/uploads\/2018\/01\/1898ac25a5f0e48863600e3c557be545.jpg\" alt=\"\" width=\"646\" height=\"861\" srcset=\"https:\/\/neness.pl\/blog\/wp-content\/uploads\/2018\/01\/1898ac25a5f0e48863600e3c557be545.jpg 750w, https:\/\/neness.pl\/blog\/wp-content\/uploads\/2018\/01\/1898ac25a5f0e48863600e3c557be545-225x300.jpg 225w, https:\/\/neness.pl\/blog\/wp-content\/uploads\/2018\/01\/1898ac25a5f0e48863600e3c557be545-610x813.jpg 610w\" sizes=\"auto, (max-width: 646px) 100vw, 646px\" \/><\/a><p id=\"caption-attachment-4102\" class=\"wp-caption-text\">MakeUp Revolution Korektor Focus &amp; Fix \/<br \/>9,90 z\u0142<\/p><\/div>\n<p>&nbsp;<\/p>\n<p>Gdy cienie pod oczami s\u0105 zneutralizowane, przykryj je dodatkowo lekkim <strong>korektorem roz\u015bwietlaj\u0105cym<\/strong> w odcieniu twojej sk\u00f3ry, a nast\u0119pnie <strong>przypudruj<\/strong>. Zapobiegnie to przemieszczaniu i zbieraniu si\u0119 kosmetyk\u00f3w w liniach mimicznych.<\/p>\n","protected":false},"excerpt":{"rendered":"<p>Cienie i worki pod oczami \u2013 kt\u00f3ra z nas nie zna tego problemu? Wystarczy jedna zarwana noc, stres lub przem\u0119czenie, by sta\u0142y si\u0119 one widoczne. Czasem s\u0105 one po prostu cz\u0119\u015bci\u0105 naszej urody i nie mamy wp\u0142ywu na ciemne obw\u00f3dki i opuchlizn\u0119 pod oczami. Jak sobie z nimi radzi\u0107? Oto kilka naszych porad. &nbsp; Zadbaj [&hellip;]<\/p>\n","protected":false},"author":2,"featured_media":4098,"comment_status":"open","ping_status":"open","sticky":false,"template":"","format":"standard","meta":{"_et_pb_use_builder":"","_et_pb_old_content":"","_et_gb_content_width":"","footnotes":""},"categories":[185],"tags":[],"class_list":["post-4097","post","type-post","status-publish","format-standard","has-post-thumbnail","hentry","category-codzienna-pielegnacja","et-has-post-format-content","et_post_format-et-post-format-standard"],"_links":{"self":[{"href":"https:\/\/neness.pl\/blog\/wp-json\/wp\/v2\/posts\/4097","targetHints":{"allow":["GET"]}}],"collection":[{"href":"https:\/\/neness.pl\/blog\/wp-json\/wp\/v2\/posts"}],"about":[{"href":"https:\/\/neness.pl\/blog\/wp-json\/wp\/v2\/types\/post"}],"author":[{"embeddable":true,"href":"https:\/\/neness.pl\/blog\/wp-json\/wp\/v2\/users\/2"}],"replies":[{"embeddable":true,"href":"https:\/\/neness.pl\/blog\/wp-json\/wp\/v2\/comments?post=4097"}],"version-history":[{"count":0,"href":"https:\/\/neness.pl\/blog\/wp-json\/wp\/v2\/posts\/4097\/revisions"}],"wp:featuredmedia":[{"embeddable":true,"href":"https:\/\/neness.pl\/blog\/wp-json\/wp\/v2\/media\/4098"}],"wp:attachment":[{"href":"https:\/\/neness.pl\/blog\/wp-json\/wp\/v2\/media?parent=4097"}],"wp:term":[{"taxonomy":"category","embeddable":true,"href":"https:\/\/neness.pl\/blog\/wp-json\/wp\/v2\/categories?post=4097"},{"taxonomy":"post_tag","embeddable":true,"href":"https:\/\/neness.pl\/blog\/wp-json\/wp\/v2\/tags?post=4097"}],"curies":[{"name":"wp","href":"https:\/\/api.w.org\/{rel}","templated":true}]}}