{"id":4072,"date":"2018-01-23T12:01:21","date_gmt":"2018-01-23T11:01:21","guid":{"rendered":"http:\/\/ranking-kosmetykow.pl\/?p=4072"},"modified":"2018-01-23T12:01:21","modified_gmt":"2018-01-23T11:01:21","slug":"fakty-i-mity-na-temat-perfum","status":"publish","type":"post","link":"https:\/\/neness.pl\/blog\/fakty-i-mity-na-temat-perfum\/","title":{"rendered":"Fakty i mity na temat perfum"},"content":{"rendered":"<p>Na pewno ka\u017cdy z nas wielokrotnie w swoim \u017cyciu spotka\u0142 si\u0119 z kilkoma powszechnie znanymi stwierdzeniami na temat perfum i ich stosowania. Czy zastanawiali\u015bcie si\u0119 jednak, kt\u00f3re z nich s\u0105 prawdziwe, a kt\u00f3re mo\u017cemy w\u0142o\u017cy\u0107 mi\u0119dzy bajki? Oto niekt\u00f3re fakty i mity na temat zapach\u00f3w.<\/p>\n<p>&nbsp;<\/p>\n<h3>Testery s\u0105 trwalsze ni\u017c perfumy<\/h3>\n<p>Jednym z najpopularniejszych stwierdze\u0144 na temat perfum, jest to, \u017ce <strong>testery<\/strong> s\u0105 zawsze <strong>trwalsze<\/strong> ni\u017c zapach w\u0142a\u015bciwy. Oczywi\u015bcie jest to <strong>mit<\/strong>. Wed\u0142ug niekt\u00f3rych teorii producenci celowo podsuwaj\u0105 nam testery, kt\u00f3re s\u0105 trwalsze i bardziej intensywne, by zach\u0119ci\u0107 nas do kupienia danych perfum. Nie jest to jednak prawd\u0105, bo gdyby rzeczywi\u015bcie dopuszczali si\u0119 takiego procederu, nie tylko prawdopodobnie straciliby klient\u00f3w, ale przede wszystkim \u0142amaliby prawo. Testery wybierane s\u0105 <strong>losowo<\/strong>, spo\u015br\u00f3d perfum przeznaczonych do sprzeda\u017cy. Mog\u0105 si\u0119 r\u00f3\u017cni\u0107 ubo\u017csz\u0105 szat\u0105 graficzn\u0105 opakowania.<\/p>\n<p>&nbsp;<\/p>\n<h3>Perfumy nale\u017cy rozciera\u0107 po aplikacji<\/h3>\n<p>Jak wielu z nas codziennie po aplikacji perfum, <strong>rozciera<\/strong> je nadgarstkami? Niestety jest to du\u017cy <strong>b\u0142\u0105d<\/strong>. Czynno\u015b\u0107 ta nie tylko nie powoduje lepszego rozprzestrzeniania si\u0119 i utrwalenia zapachu, ale dzia\u0142a wr\u0119cz przeciwnie. Rozcieraj\u0105c perfumy, niszczymy cz\u0105steczki zapachu, co sprawia, \u017ce kompozycja szybciej <strong>paruje<\/strong>, a jej aromat szybciej si\u0119 ulatnia.<\/p>\n<p>&nbsp;<\/p>\n<div id=\"attachment_3147\" style=\"width: 1034px\" class=\"wp-caption aligncenter\"><img loading=\"lazy\" decoding=\"async\" aria-describedby=\"caption-attachment-3147\" class=\"size-large wp-image-3147\" src=\"http:\/\/ranking-kosmetykow.pl\/wp-content\/uploads\/2017\/08\/Fotolia_121903424_Subscription_XXL-1024x683.jpg\" alt=\"\" width=\"1024\" height=\"683\" \/><p id=\"caption-attachment-3147\" class=\"wp-caption-text\">fotolia.com, #121903424 | Autor: BillionPhotos.com<\/p><\/div>\n<p>&nbsp;<\/p>\n<h3>Mo\u017cna testowa\u0107 maksymalnie 3 zapachy naraz<\/h3>\n<p>Tym razem stwierdzenie, \u017ce nie powinno si\u0119 testowa\u0107 wi\u0119cej ni\u017c 2-3 zapach\u00f3w za jednym razem jest <strong>prawdziwe<\/strong>. Co wi\u0119cej, najlepiej wybra\u0107 si\u0119 do perfumerii <strong>rano<\/strong>, bo w\u0142a\u015bnie wtedy nasz zmys\u0142 w\u0119chu jest w najlepszej formie i jest bardziej <strong>wyczulony<\/strong> na nowe zapachy. A dlaczego nie powinno si\u0119 testowa\u0107 <strong>wi\u0119cej ni\u017c trzech<\/strong> zapach\u00f3w podczas jednej wizyty w perfumerii? Udowodniono, \u017ce nasz nos po spotkaniu z wi\u0119cej ni\u017c trzema nowymi zapachami przestaje rozr\u00f3\u017cnia\u0107 poszczeg\u00f3lne aromaty! Dlatego do perfumerii wybierzmy si\u0119 rano, a wyb\u00f3r zapachu idealnego roz\u0142\u00f3\u017cmy na kilka dni.<\/p>\n<p>&nbsp;<\/p>\n<h3>Perfumy pachn\u0105 inaczej na r\u00f3\u017cnych osobach<\/h3>\n<p>To stwierdzenie tak\u017ce jest <strong>prawdziwe<\/strong>. Temat ten poruszali\u015bmy ju\u017c w jednym z naszych poprzednich <a href=\"http:\/\/ranking-kosmetykow.pl\/2017\/12\/19\/dlaczego-perfumy-na-kazdym-pachna-inaczej\/\">wpis\u00f3w<\/a>, do kt\u00f3rego lektury serdecznie zapraszamy. Podsumowuj\u0105c jednak \u2013 to, jak perfumy b\u0119d\u0105 <strong>pachnie\u0107 na naszej sk\u00f3rze<\/strong>, zale\u017cy od kilku czynnik\u00f3w, w\u015br\u00f3d kt\u00f3rych mo\u017cna wymieni\u0107 geny, rodzaj sk\u00f3ry, diet\u0119, nastr\u00f3j, przyjmowane leki, temperatur\u0119 cia\u0142a.<\/p>\n<p>&nbsp;<\/p>\n<div id=\"attachment_2932\" style=\"width: 1034px\" class=\"wp-caption aligncenter\"><img loading=\"lazy\" decoding=\"async\" aria-describedby=\"caption-attachment-2932\" class=\"size-large wp-image-2932\" src=\"http:\/\/ranking-kosmetykow.pl\/wp-content\/uploads\/2017\/07\/Fotolia_86986931_Subscription_XXL-1024x683.jpg\" alt=\"\" width=\"1024\" height=\"683\" \/><p id=\"caption-attachment-2932\" class=\"wp-caption-text\">fotolia.com, #86986931 | Autor: olly<\/p><\/div>\n<p>&nbsp;<\/p>\n<h3>Perfumy nie maj\u0105 daty wa\u017cno\u015bci<\/h3>\n<p>To przekonanie jest <strong>mitem<\/strong>. Perfumy, podobnie jak <a href=\"https:\/\/neness.pl\/kosmetyki.html\">kosmetyki damskie<\/a> i m\u0119skie maj\u0105 <a href=\"http:\/\/ranking-kosmetykow.pl\/2017\/02\/02\/czy-perfumy-maja-date-waznosci\/\">dat\u0119 przydatno\u015bci<\/a>, cho\u0107 jest ona du\u017co d\u0142u\u017csza ni\u017c wi\u0119kszo\u015bci kosmetyk\u00f3w. \u015arednio zapachy wa\u017cne s\u0105 przez <strong>oko\u0142o<\/strong> <strong>trzy<\/strong> <strong>lata<\/strong> od daty produkcji, jednak mo\u017cemy wp\u0142yn\u0105\u0107 na <strong>wyd\u0142u\u017cenie<\/strong> ich trwa\u0142o\u015bci, na przyk\u0142ad poprzez w\u0142a\u015bciwe przechowywanie ulubionych kompozycji. O tym,<a href=\"http:\/\/ranking-kosmetykow.pl\/2017\/12\/22\/jak-przechowywac-perfumy\/\"> jak w\u0142a\u015bciwie przechowywa\u0107 perfumy<\/a> pisali\u015bmy ju\u017c jaki\u015b czas temu, warto wi\u0119c zapozna\u0107 si\u0119 z tym artyku\u0142em. <strong>Dat\u0119 wa\u017cno\u015bci<\/strong> znajdziemy na ka\u017cdych perfumach, zazwyczaj oznaczona jest ona symbolem odkr\u0119conego s\u0142oiczka i liczby, kt\u00f3ra oznacza liczb\u0119 miesi\u0119cy, przez jak\u0105 b\u0119dzie wa\u017cny produkt.<\/p>\n<p>Jakie mity i fakty na temat perfum jeszcze znacie?<\/p>\n","protected":false},"excerpt":{"rendered":"<p>Na pewno ka\u017cdy z nas wielokrotnie w swoim \u017cyciu spotka\u0142 si\u0119 z kilkoma powszechnie znanymi stwierdzeniami na temat perfum i ich stosowania. Czy zastanawiali\u015bcie si\u0119 jednak, kt\u00f3re z nich s\u0105 prawdziwe, a kt\u00f3re mo\u017cemy w\u0142o\u017cy\u0107 mi\u0119dzy bajki? Oto niekt\u00f3re fakty i mity na temat zapach\u00f3w. &nbsp; Testery s\u0105 trwalsze ni\u017c perfumy Jednym z najpopularniejszych stwierdze\u0144 [&hellip;]<\/p>\n","protected":false},"author":2,"featured_media":3256,"comment_status":"open","ping_status":"open","sticky":false,"template":"","format":"standard","meta":{"_et_pb_use_builder":"","_et_pb_old_content":"","_et_gb_content_width":"","footnotes":""},"categories":[19],"tags":[],"class_list":["post-4072","post","type-post","status-publish","format-standard","has-post-thumbnail","hentry","category-zachwycaj-zapachem","et-has-post-format-content","et_post_format-et-post-format-standard"],"_links":{"self":[{"href":"https:\/\/neness.pl\/blog\/wp-json\/wp\/v2\/posts\/4072","targetHints":{"allow":["GET"]}}],"collection":[{"href":"https:\/\/neness.pl\/blog\/wp-json\/wp\/v2\/posts"}],"about":[{"href":"https:\/\/neness.pl\/blog\/wp-json\/wp\/v2\/types\/post"}],"author":[{"embeddable":true,"href":"https:\/\/neness.pl\/blog\/wp-json\/wp\/v2\/users\/2"}],"replies":[{"embeddable":true,"href":"https:\/\/neness.pl\/blog\/wp-json\/wp\/v2\/comments?post=4072"}],"version-history":[{"count":0,"href":"https:\/\/neness.pl\/blog\/wp-json\/wp\/v2\/posts\/4072\/revisions"}],"wp:featuredmedia":[{"embeddable":true,"href":"https:\/\/neness.pl\/blog\/wp-json\/wp\/v2\/media\/3256"}],"wp:attachment":[{"href":"https:\/\/neness.pl\/blog\/wp-json\/wp\/v2\/media?parent=4072"}],"wp:term":[{"taxonomy":"category","embeddable":true,"href":"https:\/\/neness.pl\/blog\/wp-json\/wp\/v2\/categories?post=4072"},{"taxonomy":"post_tag","embeddable":true,"href":"https:\/\/neness.pl\/blog\/wp-json\/wp\/v2\/tags?post=4072"}],"curies":[{"name":"wp","href":"https:\/\/api.w.org\/{rel}","templated":true}]}}