{"id":4058,"date":"2018-01-22T14:34:41","date_gmt":"2018-01-22T13:34:41","guid":{"rendered":"http:\/\/ranking-kosmetykow.pl\/?p=4058"},"modified":"2018-01-22T14:34:41","modified_gmt":"2018-01-22T13:34:41","slug":"jak-bezpiecznie-uzywac-suszarki-i-prostownicy-do-wlosow","status":"publish","type":"post","link":"https:\/\/neness.pl\/blog\/jak-bezpiecznie-uzywac-suszarki-i-prostownicy-do-wlosow\/","title":{"rendered":"Jak bezpiecznie u\u017cywa\u0107 suszarki i prostownicy do w\u0142os\u00f3w?"},"content":{"rendered":"<p>Pi\u0119kne, zdrowe w\u0142osy to marzenie ka\u017cdej z nas. Dbamy o nie, stosuj\u0105c piel\u0119gnuj\u0105ce kosmetyki, regularnie podcinamy ko\u0144c\u00f3wki i kupujemy kolejne od\u017cywki i maski. Jednak cz\u0119sto, mimo tych zabieg\u00f3w, stan fryzury wci\u0105\u017c pozostawia wiele do \u017cyczenia. By\u0107 mo\u017ce jest to spowodowane tym, \u017ce niew\u0142a\u015bciwie u\u017cywamy suszarki i prostownicy, kt\u00f3re mog\u0105 przesuszy\u0107 i zniszczy\u0107 w\u0142osy. Jak korzysta\u0107 z tych urz\u0105dze\u0144, by nasze w\u0142osy jak najmniej na tym ucierpia\u0142y?<\/p>\n<p>&nbsp;<\/p>\n<h3>Stylizowanie z u\u017cyciem ciep\u0142a<\/h3>\n<p>Niestety, ka\u017cde urz\u0105dzenie do stylizacji w\u0142os\u00f3w na gor\u0105co <strong>nie pozostaje bez wp\u0142ywu<\/strong> na ich kondycj\u0119 i jedynym wyj\u015bciem, by unikn\u0105\u0107 zniszczenia w\u0142os\u00f3w, jest ca\u0142kowita rezygnacja z tego typu urz\u0105dze\u0144. Jednak wiele z nas nie mo\u017ce sobie pozwoli\u0107 na to, by ca\u0142kowicie odstawi\u0107 suszark\u0119 i prostownic\u0119, warto wi\u0119c przestrzega\u0107 <strong>kilku zasad<\/strong>, kt\u00f3re, cho\u0107 nie uchroni\u0105 ca\u0142kowicie naszych w\u0142os\u00f3w przed zniszczeniem, pomog\u0105 ograniczy\u0107 ewentualne szkody do minimum, a nasze w\u0142osy zachowaj\u0105 dobr\u0105 kondycj\u0119 mimo codziennej stylizacji.<\/p>\n<p>&nbsp;<\/p>\n<div id=\"attachment_4064\" style=\"width: 583px\" class=\"wp-caption aligncenter\"><img loading=\"lazy\" decoding=\"async\" aria-describedby=\"caption-attachment-4064\" class=\" wp-image-4064\" src=\"http:\/\/ranking-kosmetykow.pl\/wp-content\/uploads\/2018\/01\/3a7a55886d5338cc3db407efa6e0d175.jpg\" alt=\"\" width=\"573\" height=\"764\" srcset=\"https:\/\/neness.pl\/blog\/wp-content\/uploads\/2018\/01\/3a7a55886d5338cc3db407efa6e0d175.jpg 750w, https:\/\/neness.pl\/blog\/wp-content\/uploads\/2018\/01\/3a7a55886d5338cc3db407efa6e0d175-225x300.jpg 225w, https:\/\/neness.pl\/blog\/wp-content\/uploads\/2018\/01\/3a7a55886d5338cc3db407efa6e0d175-610x813.jpg 610w\" sizes=\"auto, (max-width: 573px) 100vw, 573px\" \/><p id=\"caption-attachment-4064\" class=\"wp-caption-text\">Kallos Lab 35 Finishing Spray Utrwalaj\u0105cy Fryzur\u0119 300ml \/<br \/>17,90 z\u0142<\/p><\/div>\n<p>&nbsp;<\/p>\n<h3>Bezpieczne suszenie<\/h3>\n<p>W przypadku stosowania suszarki do w\u0142os\u00f3w, przede wszystkim warto zwr\u00f3ci\u0107 uwag\u0119 na model urz\u0105dzenia. Przy zakupie upewnij si\u0119, czy suszarka ma<strong> regulacj\u0119 temperatury<\/strong>, a tak\u017ce jakie ko\u0144c\u00f3wki do\u0142\u0105czone s\u0105 do zestawu. Je\u017celi posiadasz wi\u0119kszy bud\u017cet, warto przemy\u015ble\u0107 zakup urz\u0105dzenia z <strong>funkcj\u0105 jonizacji<\/strong>, kt\u00f3ra zapobiegnie elektryzowaniu si\u0119 w\u0142os\u00f3w i doda im blasku.<\/p>\n<p>Warto pami\u0119ta\u0107, by przed suszeniem w\u0142os\u00f3w by\u0142y one jak najlepiej odci\u015bni\u0119te z wody. W tym celu po umyciu <strong>zawi\u0144<\/strong> je w r\u0119cznik lub bawe\u0142nian\u0105 koszulk\u0119 i pozw\u00f3l im wch\u0142on\u0105\u0107 nadmiar wilgoci. Nast\u0119pnie rozczesz w\u0142osy <strong>grzebieniem z szeroko rozstawionymi z\u0119bami<\/strong>. Mo\u017cesz tak\u017ce spryska\u0107 w\u0142osy preparatem termoochronnym.<\/p>\n<p>Susz w\u0142osy zgodnie z kierunkiem ich wzrostu \u2013 <strong>od g\u00f3ry w d\u00f3\u0142<\/strong>. Dzi\u0119ki tej metodzie b\u0119d\u0105 one bardziej wyg\u0142adzone. U\u017cyj w tym celu \u015bredniej temperatury. Je\u017celi stylizujesz w\u0142osy na szczotce, zmie\u0144 temperatur\u0119 na wy\u017csz\u0105, jednak pami\u0119taj, by <strong>nie<\/strong> <strong>zbli\u017ca\u0107<\/strong> strumienia gor\u0105cego powietrza zbyt blisko sk\u00f3ry g\u0142owy, bo mo\u017ce ono <strong>uszkodzi\u0107<\/strong> cebulki i os\u0142abi\u0107 w\u0142osy. Je\u017celi zale\u017cy Ci na <strong>obj\u0119to\u015bci<\/strong> fryzury susz w\u0142osy g\u0142ow\u0105 w d\u00f3\u0142. Na koniec wysusz w\u0142osy <strong>ch\u0142odnym<\/strong> strumieniem powietrza, kt\u00f3re pomo\u017ce zamkn\u0105\u0107 \u0142uski i doda w\u0142osom blasku.<\/p>\n<p>&nbsp;<\/p>\n<div id=\"attachment_4065\" style=\"width: 541px\" class=\"wp-caption aligncenter\"><img loading=\"lazy\" decoding=\"async\" aria-describedby=\"caption-attachment-4065\" class=\" wp-image-4065\" src=\"http:\/\/ranking-kosmetykow.pl\/wp-content\/uploads\/2018\/01\/9f5253220b51ee0a57ac270b9fc5acc8.jpg\" alt=\"\" width=\"531\" height=\"708\" srcset=\"https:\/\/neness.pl\/blog\/wp-content\/uploads\/2018\/01\/9f5253220b51ee0a57ac270b9fc5acc8.jpg 750w, https:\/\/neness.pl\/blog\/wp-content\/uploads\/2018\/01\/9f5253220b51ee0a57ac270b9fc5acc8-225x300.jpg 225w, https:\/\/neness.pl\/blog\/wp-content\/uploads\/2018\/01\/9f5253220b51ee0a57ac270b9fc5acc8-610x813.jpg 610w\" sizes=\"auto, (max-width: 531px) 100vw, 531px\" \/><p id=\"caption-attachment-4065\" class=\"wp-caption-text\">KALLOS LAB 35 Signature Protecting Serum piel\u0119gnuj\u0105ce ko\u0144c\u00f3wki 50ml \/ 14,50 z\u0142<\/p><\/div>\n<p>&nbsp;<\/p>\n<h3>Prostuj z g\u0142ow\u0105<\/h3>\n<p>Pierwsz\u0105 zasad\u0105 stosowania prostownicy jest u\u017cywanie jej na ca\u0142kowicie <strong>suchych<\/strong> w\u0142osach. Pami\u0119taj tak\u017ce, by nie u\u017cywa\u0107 zbyt wysokiej temperatury i dopasuj to ustawienie do rodzaju w\u0142os\u00f3w. W wi\u0119kszo\u015bci przypadk\u00f3w sprawdza si\u0119 temperatura <strong>nie<\/strong> <strong>wy\u017csza<\/strong> ni\u017c 190 stopni.<\/p>\n<p>Przed prostowaniem zawsze <strong>spryskuj<\/strong> w\u0142osy <strong>preparatem<\/strong>, kt\u00f3ry ochroni struktur\u0119 w\u0142osa przed wysok\u0105 temperatur\u0105, a dodatkowo u\u0142atwi uk\u0142adanie fryzury. Podziel tak\u017ce w\u0142osy na <strong>cienkie<\/strong> <strong>pasma<\/strong> i ka\u017cde dok\u0142adnie <strong>rozczesz<\/strong> przed prostowaniem. Postaraj si\u0119 tak\u017ce, by po ka\u017cdym pasemku przeje\u017cd\u017ca\u0107 prostownic\u0105 tylko raz, a je\u015bli czynno\u015b\u0107 wymaga powt\u00f3rzenia, pozw\u00f3l w\u0142osom przez chwil\u0119 ostygn\u0105\u0107.<\/p>\n<p>Prostowanie w\u0142os\u00f3w zaczynaj zawsze od <strong>nasady<\/strong>, kieruj\u0105c si\u0119 w d\u00f3\u0142 pasma, przeje\u017cd\u017caj\u0105c po nim p\u0142ynnym, niezbyt szybkim ruchem. Staraj si\u0119 nie przytrzymywa\u0107 prostownicy zbyt d\u0142ugo w jednym miejscu, a w pierwszej kolejno\u015bci prostuj w\u0142osy od <strong>spodu<\/strong> fryzury i kieruj si\u0119 ku wierzchowi.<\/p>\n<p>Pami\u0119taj tak\u017ce, \u017ce wszystkich produkt\u00f3w do stylizacji (oczywi\u015bcie poza kosmetykami termoochronnymi) nale\u017cy u\u017cywa\u0107 ju\u017c<strong> po wyprostowaniu<\/strong> pasm, by unikn\u0105\u0107 ich palenia i zniszczenia w\u0142os\u00f3w. Po wyprostowaniu\u00a0fryzury warto <strong>zabezpieczy\u0107<\/strong> ko\u0144c\u00f3wki specjalnym olejkiem lub jedwabiem w p\u0142ynie.<\/p>\n<p>Warto r\u00f3wnie\u017c pami\u0119ta\u0107, by regularnie <strong>nawil\u017ca\u0107<\/strong> i <strong>regenerowa\u0107<\/strong> w\u0142osy, stosuj\u0105c maski i od\u017cywki, kt\u00f3re pomog\u0105 odbudowa\u0107 struktur\u0119 w\u0142os\u00f3w. O tym, czego w codziennej piel\u0119gnacji potrzebuj\u0105 w\u0142osy, by wygl\u0105da\u0107 idealnie, mo\u017cecie przeczyta\u0107 w artykule o<a href=\"http:\/\/ranking-kosmetykow.pl\/2018\/01\/16\/humektanty-emolienty-proteiny-czego-potrzebuja-wlosy-idealne\/\"> emolientach, humektantach i proteinach<\/a>. Zapraszamy!<\/p>\n","protected":false},"excerpt":{"rendered":"<p>Pi\u0119kne, zdrowe w\u0142osy to marzenie ka\u017cdej z nas. Dbamy o nie, stosuj\u0105c piel\u0119gnuj\u0105ce kosmetyki, regularnie podcinamy ko\u0144c\u00f3wki i kupujemy kolejne od\u017cywki i maski. Jednak cz\u0119sto, mimo tych zabieg\u00f3w, stan fryzury wci\u0105\u017c pozostawia wiele do \u017cyczenia. By\u0107 mo\u017ce jest to spowodowane tym, \u017ce niew\u0142a\u015bciwie u\u017cywamy suszarki i prostownicy, kt\u00f3re mog\u0105 przesuszy\u0107 i zniszczy\u0107 w\u0142osy. Jak korzysta\u0107 [&hellip;]<\/p>\n","protected":false},"author":2,"featured_media":4060,"comment_status":"open","ping_status":"open","sticky":false,"template":"","format":"standard","meta":{"_et_pb_use_builder":"","_et_pb_old_content":"","_et_gb_content_width":"","footnotes":""},"categories":[48],"tags":[],"class_list":["post-4058","post","type-post","status-publish","format-standard","has-post-thumbnail","hentry","category-wlosy-idealne","et-has-post-format-content","et_post_format-et-post-format-standard"],"_links":{"self":[{"href":"https:\/\/neness.pl\/blog\/wp-json\/wp\/v2\/posts\/4058","targetHints":{"allow":["GET"]}}],"collection":[{"href":"https:\/\/neness.pl\/blog\/wp-json\/wp\/v2\/posts"}],"about":[{"href":"https:\/\/neness.pl\/blog\/wp-json\/wp\/v2\/types\/post"}],"author":[{"embeddable":true,"href":"https:\/\/neness.pl\/blog\/wp-json\/wp\/v2\/users\/2"}],"replies":[{"embeddable":true,"href":"https:\/\/neness.pl\/blog\/wp-json\/wp\/v2\/comments?post=4058"}],"version-history":[{"count":0,"href":"https:\/\/neness.pl\/blog\/wp-json\/wp\/v2\/posts\/4058\/revisions"}],"wp:featuredmedia":[{"embeddable":true,"href":"https:\/\/neness.pl\/blog\/wp-json\/wp\/v2\/media\/4060"}],"wp:attachment":[{"href":"https:\/\/neness.pl\/blog\/wp-json\/wp\/v2\/media?parent=4058"}],"wp:term":[{"taxonomy":"category","embeddable":true,"href":"https:\/\/neness.pl\/blog\/wp-json\/wp\/v2\/categories?post=4058"},{"taxonomy":"post_tag","embeddable":true,"href":"https:\/\/neness.pl\/blog\/wp-json\/wp\/v2\/tags?post=4058"}],"curies":[{"name":"wp","href":"https:\/\/api.w.org\/{rel}","templated":true}]}}