{"id":4031,"date":"2018-01-18T12:37:11","date_gmt":"2018-01-18T11:37:11","guid":{"rendered":"http:\/\/ranking-kosmetykow.pl\/?p=4031"},"modified":"2018-01-18T12:37:11","modified_gmt":"2018-01-18T11:37:11","slug":"akcent-na-usta-jak-wykonac-makijaz-z-kolorowa-szminka","status":"publish","type":"post","link":"https:\/\/neness.pl\/blog\/akcent-na-usta-jak-wykonac-makijaz-z-kolorowa-szminka\/","title":{"rendered":"Akcent na usta \u2013 jak wykona\u0107 makija\u017c z kolorow\u0105 szmink\u0105"},"content":{"rendered":"<p>Zima i trwaj\u0105cy karnawa\u0142 to doskona\u0142y czas na eksperymenty z makija\u017cem. To tak\u017ce \u015bwietna pora, by si\u0119ga\u0107 po ciemniejsze kolory i nieco odmieni\u0107 sw\u00f3j wizerunek,\u00a0wybieraj\u0105c\u00a0na przyk\u0142ad szminki w odwa\u017cniejszych kolorach. Be\u017ce i\u00a0pomadki w odcieniu nude zostawmy na wiosn\u0119, przyszed\u0142 czas na usta w odcieniu bordo, burgundu i ciemnej czerwieni. Jak powinien wygl\u0105da\u0107 makija\u017c z u\u017cyciem takiej szminki?<\/p>\n<p>&nbsp;<\/p>\n<h3>Zadbaj o usta<\/h3>\n<p><strong>Ciemne<\/strong> i matowe szminki bardzo cz\u0119sto maj\u0105 tendencj\u0119 do <strong>wysuszania<\/strong> ust, dlatego przed rozpocz\u0119ciem ca\u0142ego makija\u017cu na\u0142\u00f3\u017c na wargi odrobin\u0119 nawil\u017caj\u0105cego <strong>balsamu<\/strong> i usu\u0144 jego nadmiar przed samym na\u0142o\u017ceniem szminki. Mo\u017cesz tak\u017ce wykona\u0107 wcze\u015bniej delikatny <strong>peeling<\/strong> ust, kt\u00f3ry pomo\u017ce Ci pozby\u0107 si\u0119 suchych sk\u00f3rek.<\/p>\n<p>&nbsp;<\/p>\n<div id=\"attachment_4036\" style=\"width: 601px\" class=\"wp-caption aligncenter\"><a href=\"https:\/\/neness.pl\/kosmetyki\/usta\/szminki\/nyx_velvet_matte_lipstick_matowa_szminka_07_miami_nights.html\"><img loading=\"lazy\" decoding=\"async\" aria-describedby=\"caption-attachment-4036\" class=\" wp-image-4036\" src=\"http:\/\/ranking-kosmetykow.pl\/wp-content\/uploads\/2018\/01\/c58fb999940d071fbb045ac42e72861e.jpg\" alt=\"\" width=\"591\" height=\"788\" srcset=\"https:\/\/neness.pl\/blog\/wp-content\/uploads\/2018\/01\/c58fb999940d071fbb045ac42e72861e.jpg 750w, https:\/\/neness.pl\/blog\/wp-content\/uploads\/2018\/01\/c58fb999940d071fbb045ac42e72861e-225x300.jpg 225w, https:\/\/neness.pl\/blog\/wp-content\/uploads\/2018\/01\/c58fb999940d071fbb045ac42e72861e-610x813.jpg 610w\" sizes=\"auto, (max-width: 591px) 100vw, 591px\" \/><\/a><p id=\"caption-attachment-4036\" class=\"wp-caption-text\">NYX Velvet Matte Lipstick Matowa Szminka \/<br \/>19,49 z\u0142<\/p><\/div>\n<p>&nbsp;<\/p>\n<h3>Nieskazitelna cera<\/h3>\n<p>Mocny akcent na usta zawsze przyci\u0105ga uwag\u0119 do twarzy, dlatego w towarzystwie ciemnej szminki, cera i makija\u017c oczu powinien by\u0107 <strong>nieskazitelny<\/strong>. Pami\u0119taj, by dobrze dobra\u0107 odcie\u0144 podk\u0142adu do naturalnego kolorytu cery, a niedoskona\u0142o\u015bci <strong>ukryj<\/strong> korektorem. U\u017cyj tak\u017ce sypkiego pudru, by utrwali\u0107 makija\u017c. Na policzki mo\u017cesz na\u0142o\u017cy\u0107 odrobin\u0119 <strong>r\u00f3\u017cu<\/strong>, nie odwr\u00f3ci on uwagi od ust, a cerze doda \u015bwie\u017co\u015bci.<\/p>\n<p>&nbsp;<\/p>\n<div id=\"attachment_4037\" style=\"width: 613px\" class=\"wp-caption aligncenter\"><a href=\"https:\/\/neness.pl\/kosmetyki\/usta\/szminki\/makeup_revolution_matowa_szminka_iconic_matte_red_carpet.html\"><img loading=\"lazy\" decoding=\"async\" aria-describedby=\"caption-attachment-4037\" class=\" wp-image-4037\" src=\"http:\/\/ranking-kosmetykow.pl\/wp-content\/uploads\/2018\/01\/6506f910a9118132322355b16408dccc.jpg\" alt=\"\" width=\"603\" height=\"804\" srcset=\"https:\/\/neness.pl\/blog\/wp-content\/uploads\/2018\/01\/6506f910a9118132322355b16408dccc.jpg 750w, https:\/\/neness.pl\/blog\/wp-content\/uploads\/2018\/01\/6506f910a9118132322355b16408dccc-225x300.jpg 225w, https:\/\/neness.pl\/blog\/wp-content\/uploads\/2018\/01\/6506f910a9118132322355b16408dccc-610x813.jpg 610w\" sizes=\"auto, (max-width: 603px) 100vw, 603px\" \/><\/a><p id=\"caption-attachment-4037\" class=\"wp-caption-text\">Makeup Revolution Matowa Szminka Iconic Matte \/ 14,90 z\u0142<\/p><\/div>\n<p>&nbsp;<\/p>\n<h3>Nie odwracaj uwagi<\/h3>\n<p>Usta pomalowane na intensywny kolor\u00a0maj\u0105 pozostawa\u0107 w <strong>centrum<\/strong> <strong>uwagi<\/strong>, dlatego reszta makija\u017cu powinna by\u0107 stonowana. <strong>Podkre\u015bl<\/strong> brwi i uzupe\u0142nij ewentualne ubytki, a makija\u017c oka wykonaj w <strong>stonowanych<\/strong> kolorach. Mo\u017cesz nawet ca\u0142kowicie zrezygnowa\u0107 z cieni i tylko wytuszowa\u0107 rz\u0119sy. Nie przesadzaj tak\u017ce z grubo\u015bci\u0105 kreski na powiece. Na <strong>wieczorne<\/strong> <strong>wyj\u015bcia<\/strong> mo\u017cesz wykona\u0107 makija\u017c w stylu smoky eyes, ogranicz si\u0119 jednak do cieni w kolorach br\u0105zu lub szaro\u015bci.<\/p>\n<p>&nbsp;<\/p>\n<div id=\"attachment_4039\" style=\"width: 664px\" class=\"wp-caption aligncenter\"><a href=\"https:\/\/neness.pl\/kosmetyki\/usta\/szminki\/loreal_paleta_szminek_glam_la_palette_lip.html\"><img loading=\"lazy\" decoding=\"async\" aria-describedby=\"caption-attachment-4039\" class=\" wp-image-4039\" src=\"http:\/\/ranking-kosmetykow.pl\/wp-content\/uploads\/2018\/01\/5665f722d1f224110c2e07132929a0d6.jpg\" alt=\"\" width=\"654\" height=\"872\" srcset=\"https:\/\/neness.pl\/blog\/wp-content\/uploads\/2018\/01\/5665f722d1f224110c2e07132929a0d6.jpg 750w, https:\/\/neness.pl\/blog\/wp-content\/uploads\/2018\/01\/5665f722d1f224110c2e07132929a0d6-225x300.jpg 225w, https:\/\/neness.pl\/blog\/wp-content\/uploads\/2018\/01\/5665f722d1f224110c2e07132929a0d6-610x813.jpg 610w\" sizes=\"auto, (max-width: 654px) 100vw, 654px\" \/><\/a><p id=\"caption-attachment-4039\" class=\"wp-caption-text\">Loreal Paleta Szminek Glam La Palette Lip \/<br \/>32,90 z\u0142<\/p><\/div>\n<p>&nbsp;<\/p>\n<h3>Si\u0119gnij po kontur\u00f3wk\u0119<\/h3>\n<p>By makija\u017c ust przetrwa\u0142 d\u0142ugie godziny, najpierw <strong>obrysuj<\/strong> usta, a nast\u0119pnie wype\u0142nij kontur kredk\u0105. Mo\u017cesz ni\u0105 nawet delikatnie skorygowa\u0107 kszta\u0142t ust lub minimalnie je powi\u0119kszy\u0107.<\/p>\n<p>Ciemne kolory szminek wymagaj\u0105 ogromnej <strong>precyzji<\/strong> w nak\u0142adaniu, dlatego warto si\u0119gn\u0105\u0107 po p\u0119dzelek do ust, kt\u00f3rym odk\u0142adnie na\u0142o\u017cymy pomadk\u0119.<\/p>\n<p>&nbsp;<\/p>\n<div id=\"attachment_4040\" style=\"width: 641px\" class=\"wp-caption aligncenter\"><a href=\"https:\/\/neness.pl\/kosmetyki\/usta\/szminki\/makeup_revolution_lipliner_konturowka_do_ust.html\"><img loading=\"lazy\" decoding=\"async\" aria-describedby=\"caption-attachment-4040\" class=\" wp-image-4040\" src=\"http:\/\/ranking-kosmetykow.pl\/wp-content\/uploads\/2018\/01\/efbb890bb76f3fa8a814b45f1f4d1a74.jpg\" alt=\"\" width=\"631\" height=\"841\" srcset=\"https:\/\/neness.pl\/blog\/wp-content\/uploads\/2018\/01\/efbb890bb76f3fa8a814b45f1f4d1a74.jpg 750w, https:\/\/neness.pl\/blog\/wp-content\/uploads\/2018\/01\/efbb890bb76f3fa8a814b45f1f4d1a74-225x300.jpg 225w, https:\/\/neness.pl\/blog\/wp-content\/uploads\/2018\/01\/efbb890bb76f3fa8a814b45f1f4d1a74-610x813.jpg 610w\" sizes=\"auto, (max-width: 631px) 100vw, 631px\" \/><\/a><p id=\"caption-attachment-4040\" class=\"wp-caption-text\">Makeup Revolution LipLiner Kontur\u00f3wka Do Ust \/<br \/>4,90 z\u0142<\/p><\/div>\n<p>&nbsp;<\/p>\n<p>Po na\u0142o\u017ceniu pierwszej warstwy <strong>odci\u015bnij<\/strong> usta w chusteczk\u0119, a nast\u0119pnie lekko <strong>przypudruj<\/strong> transparentnym pudrem. Dzi\u0119ki temu szminka nie zwa\u017cy si\u0119, a makija\u017c d\u0142u\u017cej utrzyma si\u0119 na ustach. Teraz mo\u017cesz na\u0142o\u017cy\u0107 drug\u0105 i ostatni\u0105 warstw\u0119. Pami\u0119taj jednak, by kosmetyk nak\u0142ada\u0107 cienko.<\/p>\n<h3><span style=\"color: #ffffff;\">\u00a0.<\/span><\/h3>\n<h3>Dobierz kolor<\/h3>\n<p>Pami\u0119taj, \u017ce dobrze dobrany kolor w przypadku szminki ma kluczowe znaczenie. Kieruj si\u0119 zasad\u0105, \u017ce <strong>ch\u0142odne<\/strong> odcienie pasuj\u0105 do ch\u0142odnej karnacji, a <strong>ciep\u0142e<\/strong> do ciep\u0142ej. Zwr\u00f3\u0107 uwag\u0119 r\u00f3wnie\u017c na to, jak kolor <strong>wp\u0142ywa<\/strong> na odcie\u0144 Twoich z\u0119b\u00f3w. Niekt\u00f3re szminki sprawiaj\u0105, \u017ce z\u0119by wydaj\u0105 si\u0119 bardziej \u017c\u00f3\u0142te ni\u017c w rzeczywisto\u015bci, inne za\u015b potrafi\u0105 nawet optycznie wybieli\u0107 z\u0119by!<\/p>\n<p>&nbsp;<\/p>\n<div id=\"attachment_4041\" style=\"width: 574px\" class=\"wp-caption aligncenter\"><a href=\"https:\/\/neness.pl\/kosmetyki\/usta\/szminki\/revolution_szminka_euphoria_lipstick_fortune.html\"><img loading=\"lazy\" decoding=\"async\" aria-describedby=\"caption-attachment-4041\" class=\" wp-image-4041\" src=\"http:\/\/ranking-kosmetykow.pl\/wp-content\/uploads\/2018\/01\/6bdba94ac53f1e4ff367fb1c8a3bd6ed.png\" alt=\"\" width=\"564\" height=\"752\" srcset=\"https:\/\/neness.pl\/blog\/wp-content\/uploads\/2018\/01\/6bdba94ac53f1e4ff367fb1c8a3bd6ed.png 750w, https:\/\/neness.pl\/blog\/wp-content\/uploads\/2018\/01\/6bdba94ac53f1e4ff367fb1c8a3bd6ed-225x300.png 225w, https:\/\/neness.pl\/blog\/wp-content\/uploads\/2018\/01\/6bdba94ac53f1e4ff367fb1c8a3bd6ed-610x813.png 610w\" sizes=\"auto, (max-width: 564px) 100vw, 564px\" \/><\/a><p id=\"caption-attachment-4041\" class=\"wp-caption-text\">Revolution Szminka Euphoria Lipstick \/<br \/>15,49 z\u0142<\/p><\/div>\n<p>&nbsp;<\/p>\n<p><strong>Blondynki<\/strong> \u015bwietnie wygl\u0105daj\u0105 w odcieniach <strong>r\u00f3\u017cu<\/strong> i fuksji, a tak\u017ce w niekt\u00f3rych odcieniach czerwieni. <strong>Brunetkom<\/strong> poleca si\u0119 zazwyczaj g\u0142\u0119bok\u0105 <strong>czerwie\u0144<\/strong>, a tym z ciemniejsz\u0105 karnacj\u0105 nawet elektryzuj\u0105cy <strong>fiolet<\/strong>. Jednak nie trzymaj si\u0119 sztywno tych zasad \u2013 wybierz taki kolor, w kt\u00f3rym \u015bwietnie si\u0119 czujesz i kt\u00f3ry po prostu Ci si\u0119 podoba!<\/p>\n","protected":false},"excerpt":{"rendered":"<p>Zima i trwaj\u0105cy karnawa\u0142 to doskona\u0142y czas na eksperymenty z makija\u017cem. To tak\u017ce \u015bwietna pora, by si\u0119ga\u0107 po ciemniejsze kolory i nieco odmieni\u0107 sw\u00f3j wizerunek,\u00a0wybieraj\u0105c\u00a0na przyk\u0142ad szminki w odwa\u017cniejszych kolorach. Be\u017ce i\u00a0pomadki w odcieniu nude zostawmy na wiosn\u0119, przyszed\u0142 czas na usta w odcieniu bordo, burgundu i ciemnej czerwieni. Jak powinien wygl\u0105da\u0107 makija\u017c z u\u017cyciem [&hellip;]<\/p>\n","protected":false},"author":2,"featured_media":4033,"comment_status":"open","ping_status":"open","sticky":false,"template":"","format":"standard","meta":{"_et_pb_use_builder":"","_et_pb_old_content":"","_et_gb_content_width":"","footnotes":""},"categories":[41,6],"tags":[],"class_list":["post-4031","post","type-post","status-publish","format-standard","has-post-thumbnail","hentry","category-olsniewaj-makijazem","category-trendy","et-has-post-format-content","et_post_format-et-post-format-standard"],"_links":{"self":[{"href":"https:\/\/neness.pl\/blog\/wp-json\/wp\/v2\/posts\/4031","targetHints":{"allow":["GET"]}}],"collection":[{"href":"https:\/\/neness.pl\/blog\/wp-json\/wp\/v2\/posts"}],"about":[{"href":"https:\/\/neness.pl\/blog\/wp-json\/wp\/v2\/types\/post"}],"author":[{"embeddable":true,"href":"https:\/\/neness.pl\/blog\/wp-json\/wp\/v2\/users\/2"}],"replies":[{"embeddable":true,"href":"https:\/\/neness.pl\/blog\/wp-json\/wp\/v2\/comments?post=4031"}],"version-history":[{"count":0,"href":"https:\/\/neness.pl\/blog\/wp-json\/wp\/v2\/posts\/4031\/revisions"}],"wp:featuredmedia":[{"embeddable":true,"href":"https:\/\/neness.pl\/blog\/wp-json\/wp\/v2\/media\/4033"}],"wp:attachment":[{"href":"https:\/\/neness.pl\/blog\/wp-json\/wp\/v2\/media?parent=4031"}],"wp:term":[{"taxonomy":"category","embeddable":true,"href":"https:\/\/neness.pl\/blog\/wp-json\/wp\/v2\/categories?post=4031"},{"taxonomy":"post_tag","embeddable":true,"href":"https:\/\/neness.pl\/blog\/wp-json\/wp\/v2\/tags?post=4031"}],"curies":[{"name":"wp","href":"https:\/\/api.w.org\/{rel}","templated":true}]}}