{"id":4016,"date":"2018-01-16T12:02:58","date_gmt":"2018-01-16T11:02:58","guid":{"rendered":"http:\/\/ranking-kosmetykow.pl\/?p=4016"},"modified":"2018-01-16T12:02:58","modified_gmt":"2018-01-16T11:02:58","slug":"humektanty-emolienty-proteiny-czego-potrzebuja-wlosy-idealne","status":"publish","type":"post","link":"https:\/\/neness.pl\/blog\/humektanty-emolienty-proteiny-czego-potrzebuja-wlosy-idealne\/","title":{"rendered":"Humektanty, emolienty, proteiny \u2013 czego potrzebuj\u0105 w\u0142osy idealne?"},"content":{"rendered":"<p>Emolienty, humektanty, proteiny \u2013 czasami w \u015bwiecie kosmetyk\u00f3w do piel\u0119gnacji w\u0142os\u00f3w naprawd\u0119 mo\u017cna si\u0119 pogubi\u0107. Jak rozr\u00f3\u017cni\u0107 poszczeg\u00f3lne sk\u0142adniki i w\u0142a\u015bciwo\u015bci od\u017cywek, by dostarczy\u0107 naszym w\u0142osom wszystkie potrzebne im do zdrowia i pi\u0119knego wygl\u0105du sk\u0142adniki? Przeczytajcie!<\/p>\n<p>&nbsp;<\/p>\n<h3>Proteiny<\/h3>\n<p>O tym, jak zbudowane s\u0105 w\u0142osy i dlaczego, by by\u0142y w pe\u0142ni zdrowe, warto co jaki\u015b czas si\u0119ga\u0107 po od\u017cywki i maski z proteinami, pisali\u015bmy ju\u017c w jednym z naszych poprzednich <a href=\"http:\/\/ranking-kosmetykow.pl\/2017\/10\/23\/rola-bialka-w-pielegnacji\/\">artyku\u0142\u00f3w<\/a>. Przypominamy wi\u0119c, \u017ce w\u0142osy zbudowane s\u0105 z <strong>aminokwas\u00f3w<\/strong>, dlatego produkty zawieraj\u0105ce <a href=\"http:\/\/ranking-kosmetykow.pl\/2017\/05\/22\/na-piekne-wlosy-keratyna\/\">keratyn\u0119<\/a> i inne proteiny pozwalaj\u0105 nam <strong>uzupe\u0142ni\u0107 ubytki<\/strong> w ich strukturze. Warto wi\u0119c raz na jaki\u015b czas, jednak niezbyt cz\u0119sto si\u0119ga\u0107 po tego typu kosmetyki, lub zajrze\u0107 do domowej spi\u017carni i si\u0119gn\u0105\u0107 po jajka, jogurt lub kefir i z nich przygotowa\u0107 domow\u0105 maseczk\u0119, kt\u00f3ra pomo\u017ce odbudowa\u0107 i <strong>poprawi\u0107 wygl\u0105d<\/strong> w\u0142os\u00f3w.<\/p>\n<p>Pami\u0119tajmy jednak, \u017ce w\u0142osy bardzo \u0142atwo mo\u017cemy <strong>przeproteinowa\u0107<\/strong> i otrzyma\u0107 efekt odwrotny od zamierzonego. Dlatego po proteiny si\u0119gajmy nie cz\u0119\u015bciej ni\u017c raz na tydzie\u0144, za ka\u017cdym razem obserwuj\u0105c wygl\u0105d w\u0142os\u00f3w.<\/p>\n<p>&nbsp;<\/p>\n<div id=\"attachment_2311\" style=\"width: 1034px\" class=\"wp-caption aligncenter\"><img loading=\"lazy\" decoding=\"async\" aria-describedby=\"caption-attachment-2311\" class=\"size-large wp-image-2311\" src=\"http:\/\/ranking-kosmetykow.pl\/wp-content\/uploads\/2017\/05\/Fotolia_78605877_Subscription_XXL-1024x683.jpg\" alt=\"\" width=\"1024\" height=\"683\" \/><p id=\"caption-attachment-2311\" class=\"wp-caption-text\">fotolia.com, #78605877 | Autor: blackday<\/p><\/div>\n<p>&nbsp;<\/p>\n<h3>Humektanty<\/h3>\n<p>Cho\u0107 nazwa <strong>humektanty<\/strong> mo\u017ce brzmie\u0107 nieco tajemniczo, tak naprawd\u0119 chodzi tu po prostu o substancje nawil\u017caj\u0105ce. W przypadku produkt\u00f3w do w\u0142os\u00f3w s\u0105 to na przyk\u0142ad substancje naturalne takie jak <strong>mi\u00f3d<\/strong>, <strong>aloes<\/strong>, mocznik, a tak\u017ce <strong>kwas<\/strong> <strong>hialuronowy<\/strong>, panthenol czy gliceryna. Maj\u0105 one zdolno\u015b\u0107 do <strong>wi\u0105zania i zatrzymywania wilgoci<\/strong> we w\u0142osach i sprawiaj\u0105, \u017ce w\u0142osy staj\u0105 si\u0119 lepiej nawil\u017cone. Dzi\u0119ki tym substancjom w\u0142osy nabieraj\u0105 blasku i staj\u0105 si\u0119 mi\u0119kkie.<\/p>\n<p>Humektanty s\u0105 niezb\u0119dne przede wszystkim w piel\u0119gnacji <strong>w\u0142os\u00f3w suchych<\/strong> oraz takich, kt\u00f3re podatne s\u0105 na \u0142amanie i maj\u0105 tendencj\u0119 do kruszenia. Pami\u0119tajmy jednak, \u017ce podobnie, jak w przypadku protein, tak\u017ce z substancjami nawil\u017caj\u0105cymi mo\u017cemy przesadzi\u0107. Gdy dostarczamy naszej fryzurze<strong> zbyt du\u017co<\/strong> substancji nawil\u017caj\u0105cych, w\u0142osy mog\u0105 sta\u0107 si\u0119 szorstkie w dotyku lub bardziej puszy\u0107 si\u0119 pod wp\u0142ywem wilgoci.<\/p>\n<p>&nbsp;<\/p>\n<div id=\"attachment_1946\" style=\"width: 1034px\" class=\"wp-caption aligncenter\"><img loading=\"lazy\" decoding=\"async\" aria-describedby=\"caption-attachment-1946\" class=\"size-large wp-image-1946\" src=\"http:\/\/ranking-kosmetykow.pl\/wp-content\/uploads\/2017\/04\/Fotolia_114945152_Subscription_XXL-1024x682.jpg\" alt=\"\" width=\"1024\" height=\"682\" srcset=\"https:\/\/neness.pl\/blog\/wp-content\/uploads\/2017\/04\/Fotolia_114945152_Subscription_XXL-1024x682.jpg 1024w, https:\/\/neness.pl\/blog\/wp-content\/uploads\/2017\/04\/Fotolia_114945152_Subscription_XXL-300x200.jpg 300w, https:\/\/neness.pl\/blog\/wp-content\/uploads\/2017\/04\/Fotolia_114945152_Subscription_XXL-768x512.jpg 768w, https:\/\/neness.pl\/blog\/wp-content\/uploads\/2017\/04\/Fotolia_114945152_Subscription_XXL-1080x719.jpg 1080w, https:\/\/neness.pl\/blog\/wp-content\/uploads\/2017\/04\/Fotolia_114945152_Subscription_XXL-610x406.jpg 610w, https:\/\/neness.pl\/blog\/wp-content\/uploads\/2017\/04\/Fotolia_114945152_Subscription_XXL.jpg 1396w\" sizes=\"auto, (max-width: 1024px) 100vw, 1024px\" \/><p id=\"caption-attachment-1946\" class=\"wp-caption-text\">fotolia.com, 114945152 | Autor: Piotr Marcinski<\/p><\/div>\n<p>&nbsp;<\/p>\n<h3>Emolienty<\/h3>\n<p>Ostatni\u0105 grup\u0105 substancji, kt\u00f3ra niezb\u0119dna jest w piel\u0119gnacji w\u0142os\u00f3w, s\u0105 <strong>emolienty<\/strong>. To substancje, kt\u00f3re dzia\u0142aj\u0105 <strong>zmi\u0119kczaj\u0105co<\/strong> zar\u00f3wno na sk\u00f3r\u0119, jak i na w\u0142osy. Cz\u0119sto stosowane s\u0105 tak\u017ce do leczenia sk\u00f3ry bardzo suchej. Do emolient\u00f3w zaliczamy przede wszystkim <strong>t\u0142uszcze<\/strong> i <strong>oleje<\/strong>. W po\u0142\u0105czeniu z humektantami dbaj\u0105 one o nawil\u017cenie w\u0142os\u00f3w.<\/p>\n<p>Emolienty doskonale sprawdzaj\u0105 si\u0119 w przypadku <strong>w\u0142os\u00f3w<\/strong> <strong>pusz\u0105cych<\/strong> <strong>si\u0119<\/strong> i potrzebuj\u0105cych wyg\u0142adzenia. Mo\u017cemy si\u0119gn\u0105\u0107 po nie r\u00f3wnie\u017c wtedy, gdy chcemy <strong>zabezpieczy\u0107<\/strong> <strong>ko\u0144c\u00f3wki<\/strong> w\u0142os\u00f3w przed rozdwajaniem.<\/p>\n<p>&nbsp;<\/p>\n<h3>Przede wszystkim r\u00f3wnowaga<\/h3>\n<p>Pami\u0119tajmy, \u017ce w\u0142osy idealne potrzebuj\u0105 przede wszystkim <strong>r\u00f3wnowagi<\/strong> w piel\u0119gnacji. Niestety nie istnieje z\u0142ota proporcja, w jakiej si\u0119ga\u0107 powinni\u015bmy po poszczeg\u00f3lne sk\u0142adniki. Dlatego najwa\u017cniejszym elementem piel\u0119gnacji fryzury powinna by\u0107 obserwacja tego, jak zachowuj\u0105 si\u0119 nasze w\u0142osy pod wp\u0142ywem r\u00f3\u017cnych kosmetyk\u00f3w i olej\u00f3w. Tylko w ten spos\u00f3b mo\u017cemy wypracowa\u0107 sw\u00f3j <strong>w\u0142asny system<\/strong>, kt\u00f3ry pozwoli nam tak zadba\u0107 o nasz\u0105 fryzur\u0119, by by\u0142a <strong>zdrowa<\/strong> i zawsze prezentowa\u0142a si\u0119 pi\u0119knie.<\/p>\n","protected":false},"excerpt":{"rendered":"<p>Emolienty, humektanty, proteiny \u2013 czasami w \u015bwiecie kosmetyk\u00f3w do piel\u0119gnacji w\u0142os\u00f3w naprawd\u0119 mo\u017cna si\u0119 pogubi\u0107. Jak rozr\u00f3\u017cni\u0107 poszczeg\u00f3lne sk\u0142adniki i w\u0142a\u015bciwo\u015bci od\u017cywek, by dostarczy\u0107 naszym w\u0142osom wszystkie potrzebne im do zdrowia i pi\u0119knego wygl\u0105du sk\u0142adniki? Przeczytajcie! &nbsp; Proteiny O tym, jak zbudowane s\u0105 w\u0142osy i dlaczego, by by\u0142y w pe\u0142ni zdrowe, warto co jaki\u015b czas [&hellip;]<\/p>\n","protected":false},"author":2,"featured_media":4015,"comment_status":"open","ping_status":"open","sticky":false,"template":"","format":"standard","meta":{"_et_pb_use_builder":"","_et_pb_old_content":"","_et_gb_content_width":"","footnotes":""},"categories":[48],"tags":[],"class_list":["post-4016","post","type-post","status-publish","format-standard","has-post-thumbnail","hentry","category-wlosy-idealne","et-has-post-format-content","et_post_format-et-post-format-standard"],"_links":{"self":[{"href":"https:\/\/neness.pl\/blog\/wp-json\/wp\/v2\/posts\/4016","targetHints":{"allow":["GET"]}}],"collection":[{"href":"https:\/\/neness.pl\/blog\/wp-json\/wp\/v2\/posts"}],"about":[{"href":"https:\/\/neness.pl\/blog\/wp-json\/wp\/v2\/types\/post"}],"author":[{"embeddable":true,"href":"https:\/\/neness.pl\/blog\/wp-json\/wp\/v2\/users\/2"}],"replies":[{"embeddable":true,"href":"https:\/\/neness.pl\/blog\/wp-json\/wp\/v2\/comments?post=4016"}],"version-history":[{"count":0,"href":"https:\/\/neness.pl\/blog\/wp-json\/wp\/v2\/posts\/4016\/revisions"}],"wp:featuredmedia":[{"embeddable":true,"href":"https:\/\/neness.pl\/blog\/wp-json\/wp\/v2\/media\/4015"}],"wp:attachment":[{"href":"https:\/\/neness.pl\/blog\/wp-json\/wp\/v2\/media?parent=4016"}],"wp:term":[{"taxonomy":"category","embeddable":true,"href":"https:\/\/neness.pl\/blog\/wp-json\/wp\/v2\/categories?post=4016"},{"taxonomy":"post_tag","embeddable":true,"href":"https:\/\/neness.pl\/blog\/wp-json\/wp\/v2\/tags?post=4016"}],"curies":[{"name":"wp","href":"https:\/\/api.w.org\/{rel}","templated":true}]}}